{"id":4847,"date":"2018-03-07T12:42:16","date_gmt":"2018-03-07T11:42:16","guid":{"rendered":"https:\/\/tjsokolkoberice.cz\/?p=4847"},"modified":"2025-10-14T11:55:05","modified_gmt":"2025-10-14T10:55:05","slug":"v-dalsim-utkani-vitezne-se-slavii-opava","status":"publish","type":"post","link":"https:\/\/tjsokolkoberice.cz\/?p=4847","title":{"rendered":"V dal\u0161\u00edm utk\u00e1n\u00ed v\u00edt\u011bzn\u011b se Slavi\u00ed Opava"},"content":{"rendered":"<p style=\"text-align: justify;\"><span style=\"font-family: helvetica, arial, sans-serif; font-size: 12pt;\">V ned\u011bli 4.3. se v dal\u0161\u00edm p\u0159\u00edpravn\u00e9m utk\u00e1n\u00ed st\u0159etli na\u0161i hr\u00e1\u010di A mu\u017estva se Slavi\u00ed Opava.&nbsp; V utk\u00e1n\u00ed hran\u00e9m na um\u011bl\u00e9 tr\u00e1v\u011b v Kyle\u0161ovic\u00edch na\u0161i fotbalist\u00e9 p\u0159esv\u011bd\u010div\u011b vyhr\u00e1li 8:1. Dal\u0161\u00ed utk\u00e1n\u00ed sehraj\u00ed proti Strahovic\u00edm v sobotu 10.3. od 12 hod. na um\u011blce v Chlebi\u010dov\u011b. Zveme v\u0161echny p\u0159\u00edznivce!<\/span><\/p>\n<p style=\"text-align: justify;\"><span style=\"font-family: helvetica, arial, sans-serif; font-size: 12pt;\">TJ Sokol Kobe\u0159ice &#8211; Slavia Opava&nbsp; 8:1&nbsp; (4:0)<\/span><\/p>\n<p style=\"text-align: justify;\"><span style=\"font-family: helvetica, arial, sans-serif; font-size: 12pt;\">Branky:&nbsp;Mezera 3x, Kubn\u00fd 2x, \u0160ime\u010dek, Jan\u00edk J., Oberherr J.&nbsp;&nbsp;<\/span><\/p>\n<p style=\"text-align: justify;\"><span style=\"font-family: helvetica, arial, sans-serif; font-size: 12pt;\">Sestava Kobe\u0159ic:&nbsp;\u0160tencel &#8211; Stuchl\u00edk P., Mrva D., Havelka, Schreier, Wirth Ren\u00e9, Hlavenka (Stuchl\u00edk R.), Mezera, \u0160ime\u010dek (Jan\u00edk J.), Kubn\u00fd, Oberherr J. (St\u0159\u00edbn\u00fd M.)<\/span><\/p>\n","protected":false},"excerpt":{"rendered":"<p>V ned\u011bli 4.3. se v dal\u0161\u00edm p\u0159\u00edpravn\u00e9m utk\u00e1n\u00ed st\u0159etli na\u0161i hr\u00e1\u010di A mu\u017estva se Slavi\u00ed Opava.&nbsp; V utk\u00e1n\u00ed hran\u00e9m na um\u011bl\u00e9 tr\u00e1v\u011b v Kyle\u0161ovic\u00edch na\u0161i fotbalist\u00e9<span class=\"excerpt-hellip\"> [\u2026]<\/span><\/p>\n","protected":false},"author":3,"featured_media":3192,"comment_status":"closed","ping_status":"open","sticky":false,"template":"","format":"standard","meta":{"ngg_post_thumbnail":0,"footnotes":""},"categories":[115,107,150,104,102],"tags":[],"class_list":["post-4847","post","type-post","status-publish","format-standard","has-post-thumbnail","hentry","category-a-tym","category-fotbal","category-vse","category-vysledky","category-zapasy"],"_links":{"self":[{"href":"https:\/\/tjsokolkoberice.cz\/index.php?rest_route=\/wp\/v2\/posts\/4847","targetHints":{"allow":["GET"]}}],"collection":[{"href":"https:\/\/tjsokolkoberice.cz\/index.php?rest_route=\/wp\/v2\/posts"}],"about":[{"href":"https:\/\/tjsokolkoberice.cz\/index.php?rest_route=\/wp\/v2\/types\/post"}],"author":[{"embeddable":true,"href":"https:\/\/tjsokolkoberice.cz\/index.php?rest_route=\/wp\/v2\/users\/3"}],"replies":[{"embeddable":true,"href":"https:\/\/tjsokolkoberice.cz\/index.php?rest_route=%2Fwp%2Fv2%2Fcomments&post=4847"}],"version-history":[{"count":4,"href":"https:\/\/tjsokolkoberice.cz\/index.php?rest_route=\/wp\/v2\/posts\/4847\/revisions"}],"predecessor-version":[{"id":4851,"href":"https:\/\/tjsokolkoberice.cz\/index.php?rest_route=\/wp\/v2\/posts\/4847\/revisions\/4851"}],"wp:featuredmedia":[{"embeddable":true,"href":"https:\/\/tjsokolkoberice.cz\/index.php?rest_route=\/wp\/v2\/media\/3192"}],"wp:attachment":[{"href":"https:\/\/tjsokolkoberice.cz\/index.php?rest_route=%2Fwp%2Fv2%2Fmedia&parent=4847"}],"wp:term":[{"taxonomy":"category","embeddable":true,"href":"https:\/\/tjsokolkoberice.cz\/index.php?rest_route=%2Fwp%2Fv2%2Fcategories&post=4847"},{"taxonomy":"post_tag","embeddable":true,"href":"https:\/\/tjsokolkoberice.cz\/index.php?rest_route=%2Fwp%2Fv2%2Ftags&post=4847"}],"curies":[{"name":"wp","href":"https:\/\/api.w.org\/{rel}","templated":true}]}}