{"id":4885,"date":"2018-03-19T10:55:48","date_gmt":"2018-03-19T09:55:48","guid":{"rendered":"https:\/\/tjsokolkoberice.cz\/?p=4885"},"modified":"2025-10-14T11:55:05","modified_gmt":"2025-10-14T10:55:05","slug":"zmeny-v-kadru-a-muzstva","status":"publish","type":"post","link":"https:\/\/tjsokolkoberice.cz\/?p=4885","title":{"rendered":"Zm\u011bny v k\u00e1dru A mu\u017estva"},"content":{"rendered":"<p style=\"text-align: justify;\"><span style=\"font-family: helvetica, arial, sans-serif; font-size: 12pt;\">B\u011bhem zimn\u00ed p\u0159est\u00e1vky do\u0161lo k n\u011bkolika zm\u011bn\u00e1m v k\u00e1dru A mu\u017estva. Mezi&nbsp;<strong>p\u0159\u00edchody<\/strong>&nbsp;registrujeme hr\u00e1\u010de opavsk\u00e9 rezervy&nbsp;<strong>Patrika Mezery<\/strong>&nbsp;a n\u00e1vrat&nbsp;<strong>Jana Oberherra<\/strong>&nbsp;z hostov\u00e1n\u00ed z Doln\u00edho Bene\u0161ova. Z dorostu se p\u0159ipojil nad\u011bjn\u00fd&nbsp;<strong>Martin St\u0159\u00edbn\u00fd<\/strong>.<\/span><\/p>\n<p style=\"text-align: justify;\"><span style=\"font-family: helvetica, arial, sans-serif; font-size: 12pt;\">Naopak pro jaro nefiguruj\u00ed v k\u00e1dru Denis Kusztubajda, d\u00e1le Tom\u00e1\u0161 Ja\u0161ek, kter\u00fd se rozhodl ukon\u010dit p\u016fsoben\u00ed v A t\u00fdmu a pro studijn\u00ed vyt\u00ed\u017een\u00ed tak\u00e9 Jan \u010cujek.&nbsp;&nbsp;<\/span><\/p>\n<p style=\"text-align: justify;\"><span style=\"font-family: helvetica, arial, sans-serif; font-size: 12pt;\">Realiza\u010dn\u00ed t\u00fdm doplnil na pozici vedouc\u00edho mu\u017estva Jirka Zbo\u0159il.<\/span><\/p>\n<p style=\"text-align: justify;\">&nbsp;<\/p>\n<p style=\"text-align: justify;\"><span style=\"font-family: helvetica, arial, sans-serif; font-size: 14pt;\"><strong>Aktu\u00e1ln\u00ed slo\u017een\u00ed k\u00e1dru A mu\u017estva &#8211; jaro 2018<\/strong><\/span><\/p>\n<p style=\"text-align: justify;\"><span style=\"font-family: helvetica, arial, sans-serif; font-size: 12pt;\"><strong>Brank\u00e1\u0159i:&nbsp;<\/strong>\u0160tencel Petr, Ziegl Radek<\/span><\/p>\n<p style=\"text-align: justify;\"><span style=\"font-family: helvetica, arial, sans-serif; font-size: 12pt;\"><strong>Hr\u00e1\u010di do pole:&nbsp;<\/strong>Kollek Filip, Schreier Jan, Mrva David, Buchta Jan, Havelka Jan, Jan\u00edk Jakub, Wirth Ren\u00e9, Mezera Patrik, Stuchl\u00edk Radim, Kry\u0161tof Zden\u011bk, Hlavenka Pavel, Wirth Robin, Stuchl\u00edk Petr, Oberherr Jan, St\u0159\u00edbn\u00fd Martin, \u0160ime\u010dek Adam, Kubn\u00fd Anton\u00edn<\/span><\/p>\n<p style=\"text-align: justify;\"><span style=\"font-family: helvetica, arial, sans-serif; font-size: 12pt;\"><strong>Realiza\u010dn\u00ed t\u00fdm:<\/strong>&nbsp;Kamr\u00e1d Tom\u00e1\u0161 (tren\u00e9r), Halfar Martin (asistent), Zbo\u0159il Ji\u0159\u00ed (vedouc\u00ed)<\/span><\/p>\n","protected":false},"excerpt":{"rendered":"<p>B\u011bhem zimn\u00ed p\u0159est\u00e1vky do\u0161lo k n\u011bkolika zm\u011bn\u00e1m v k\u00e1dru A mu\u017estva. Mezi&nbsp;p\u0159\u00edchody&nbsp;registrujeme hr\u00e1\u010de opavsk\u00e9 rezervy&nbsp;Patrika Mezery&nbsp;a n\u00e1vrat&nbsp;Jana Oberherra&nbsp;z hostov\u00e1n\u00ed z Doln\u00edho Bene\u0161ova. Z dorostu se p\u0159ipojil<span class=\"excerpt-hellip\"> [\u2026]<\/span><\/p>\n","protected":false},"author":3,"featured_media":4589,"comment_status":"closed","ping_status":"open","sticky":false,"template":"","format":"standard","meta":{"ngg_post_thumbnail":0,"footnotes":""},"categories":[115,107],"tags":[],"class_list":["post-4885","post","type-post","status-publish","format-standard","has-post-thumbnail","hentry","category-a-tym","category-fotbal"],"_links":{"self":[{"href":"https:\/\/tjsokolkoberice.cz\/index.php?rest_route=\/wp\/v2\/posts\/4885","targetHints":{"allow":["GET"]}}],"collection":[{"href":"https:\/\/tjsokolkoberice.cz\/index.php?rest_route=\/wp\/v2\/posts"}],"about":[{"href":"https:\/\/tjsokolkoberice.cz\/index.php?rest_route=\/wp\/v2\/types\/post"}],"author":[{"embeddable":true,"href":"https:\/\/tjsokolkoberice.cz\/index.php?rest_route=\/wp\/v2\/users\/3"}],"replies":[{"embeddable":true,"href":"https:\/\/tjsokolkoberice.cz\/index.php?rest_route=%2Fwp%2Fv2%2Fcomments&post=4885"}],"version-history":[{"count":3,"href":"https:\/\/tjsokolkoberice.cz\/index.php?rest_route=\/wp\/v2\/posts\/4885\/revisions"}],"predecessor-version":[{"id":4888,"href":"https:\/\/tjsokolkoberice.cz\/index.php?rest_route=\/wp\/v2\/posts\/4885\/revisions\/4888"}],"wp:featuredmedia":[{"embeddable":true,"href":"https:\/\/tjsokolkoberice.cz\/index.php?rest_route=\/wp\/v2\/media\/4589"}],"wp:attachment":[{"href":"https:\/\/tjsokolkoberice.cz\/index.php?rest_route=%2Fwp%2Fv2%2Fmedia&parent=4885"}],"wp:term":[{"taxonomy":"category","embeddable":true,"href":"https:\/\/tjsokolkoberice.cz\/index.php?rest_route=%2Fwp%2Fv2%2Fcategories&post=4885"},{"taxonomy":"post_tag","embeddable":true,"href":"https:\/\/tjsokolkoberice.cz\/index.php?rest_route=%2Fwp%2Fv2%2Ftags&post=4885"}],"curies":[{"name":"wp","href":"https:\/\/api.w.org\/{rel}","templated":true}]}}