{"id":5051,"date":"2018-04-26T07:34:55","date_gmt":"2018-04-26T06:34:55","guid":{"rendered":"https:\/\/tjsokolkoberice.cz\/?p=5051"},"modified":"2025-10-14T11:54:52","modified_gmt":"2025-10-14T10:54:52","slug":"vikendovy-program-nasich-muzstev-39","status":"publish","type":"post","link":"https:\/\/tjsokolkoberice.cz\/?p=5051","title":{"rendered":"V\u00edkendov\u00fd program na\u0161ich mu\u017estev"},"content":{"rendered":"<p style=\"text-align: justify;\"><span style=\"font-size: 14pt; font-family: helvetica, arial, sans-serif;\"><strong>V&nbsp;dom\u00e1c\u00edm prost\u0159ed\u00ed se st\u0159etneme v&nbsp;presti\u017en\u00edm \u201ederby\u201c utk\u00e1n\u00ed s&nbsp;Bolaticemi <\/strong><\/span><\/p>\n<p style=\"text-align: justify;\"><span style=\"font-size: 12pt; font-family: helvetica, arial, sans-serif;\">Po v\u00edt\u011bzstv\u00ed v&nbsp;Kr\u00e1sn\u00fdch Lou\u010dk\u00e1ch n\u00e1s bude \u010dekat fotbalov\u00fd klub Bolatice, kter\u00fd je po 17 utk\u00e1n\u00ed na 12. m\u00edst\u011b krajsk\u00e9 sout\u011b\u017ee I.A t\u0159\u00eddy. Bude se jednat o presti\u017en\u00ed souboj dvou sousedn\u00edch obc\u00ed a tak nep\u016fjde jen o body do tabulky, ale tak\u00e9 o zdravou presti\u017e. V&nbsp;podzimn\u00edm utk\u00e1n\u00ed jsme celek Bolatic sice v&nbsp;jejich dom\u00e1c\u00edm prost\u0159ed\u00ed porazili 4:0, ale lze o\u010dek\u00e1vat, \u017ee soupe\u0159 bude velice nep\u0159\u00edjemn\u00fd a bude n\u00e1m cht\u00edt podzimn\u00ed por\u00e1\u017eku oplatit.<\/span><\/p>\n<p style=\"text-align: justify;\"><span style=\"font-size: 12pt; font-family: helvetica, arial, sans-serif;\">Na\u0161i nastupuj\u00ed do utk\u00e1n\u00ed s&nbsp;Bolaticemi jako t\u0159et\u00ed celek tabulky a jist\u011b budou cht\u00edt v&nbsp;dom\u00e1c\u00edm prost\u0159ed\u00ed dok\u00e1zat, \u017ee v\u00edt\u011bzstv\u00ed v&nbsp;Kr. Lou\u010dk\u00e1ch nebylo n\u00e1hodn\u00e9 a p\u0159ed dom\u00e1c\u00edmi fanou\u0161ky p\u0159edvedou perfektn\u00ed v\u00fdkon.<\/span><\/p>\n<p style=\"text-align: justify;\"><span style=\"font-size: 12pt; font-family: helvetica, arial, sans-serif;\"><strong>Utk\u00e1n\u00ed TJ Sokol Kobe\u0159ice &#8211; FK Bolatice se bude hr\u00e1t v&nbsp;ned\u011bli 29. dubna od 16:30 hodin. Zveme nejen v\u0161echny fotbalov\u00e9 p\u0159\u00edznivce<\/strong>.<\/span><\/p>\n<p style=\"text-align: justify;\">&nbsp;<\/p>\n<p style=\"text-align: justify;\"><span style=\"font-size: 12pt; font-family: helvetica, arial, sans-serif;\"><strong><u>Program IA.t\u0159\u00eddy v&nbsp;tomto a p\u0159\u00ed\u0161t\u00edm kole<\/u><\/strong><\/span><\/p>\n<table width=\"448\">\n<tbody>\n<tr>\n<td width=\"237\"><span style=\"font-size: 12pt; font-family: helvetica, arial, sans-serif;\">Chlebi\u010dov &#8211; Kr\u00e1sn\u00e9 Lou\u010dky<\/span><\/td>\n<td width=\"211\"><span style=\"font-size: 12pt; font-family: helvetica, arial, sans-serif;\">Kr\u00e1sn\u00e9 Lou\u010dky &#8211; Mokr\u00e9 Lazce<\/span><\/td>\n<\/tr>\n<tr>\n<td><span style=\"font-size: 12pt; font-family: helvetica, arial, sans-serif;\">Velk\u00e9 Heraltice &#8211; Darkovi\u010dky<\/span><\/td>\n<td><span style=\"font-size: 12pt; font-family: helvetica, arial, sans-serif;\">Jakub\u010dovice &#8211; Hlubina<\/span><\/td>\n<\/tr>\n<tr>\n<td><span style=\"font-size: 12pt; font-family: helvetica, arial, sans-serif;\">Mokr\u00e9 Lazce &#8211; Jakub\u010dovice<\/span><\/td>\n<td><span style=\"font-size: 12pt; font-family: helvetica, arial, sans-serif;\">V\u00edtkov &#8211; Old\u0159i\u0161ov<\/span><\/td>\n<\/tr>\n<tr>\n<td><span style=\"font-size: 12pt; font-family: helvetica, arial, sans-serif;\">Old\u0159i\u0161ov &#8211; Ludge\u0159ovice<\/span><\/td>\n<td><span style=\"font-size: 12pt; font-family: helvetica, arial, sans-serif;\">Ludge\u0159ovice &#8211; Velk\u00e9 Heraltice<\/span><\/td>\n<\/tr>\n<tr>\n<td><span style=\"font-size: 12pt; font-family: helvetica, arial, sans-serif;\">Krava\u0159e &#8211; V\u00edtkov<\/span><\/td>\n<td><span style=\"font-size: 12pt; font-family: helvetica, arial, sans-serif;\"><strong>Darkovi\u010dky<\/strong> &#8211; <strong>Kobe\u0159ice<\/strong><\/span><\/td>\n<\/tr>\n<tr>\n<td><span style=\"font-size: 12pt; font-family: helvetica, arial, sans-serif;\">Slavkov &#8211; Hlubina<\/span><\/td>\n<td><span style=\"font-size: 12pt; font-family: helvetica, arial, sans-serif;\">Bolatice &#8211; Chlebi\u010dov<\/span><\/td>\n<\/tr>\n<tr>\n<td><span style=\"font-size: 12pt; font-family: helvetica, arial, sans-serif;\"><strong>Kobe\u0159ice<\/strong> &#8211; <strong>Bolatice<\/strong><\/span><\/td>\n<td><span style=\"font-size: 12pt; font-family: helvetica, arial, sans-serif;\">Slavkov &#8211; Krava\u0159e<\/span><\/td>\n<\/tr>\n<\/tbody>\n<\/table>\n<hr>\n<p style=\"text-align: justify;\"><span style=\"font-size: 14pt; font-family: helvetica, arial, sans-serif;\"><strong>Mu\u017ei \u201eB\u201c budou hr\u00e1t s&nbsp;Litultovicemi<\/strong><strong> &nbsp;<\/strong><\/span><\/p>\n<p style=\"text-align: justify;\"><span style=\"font-size: 12pt; font-family: helvetica, arial, sans-serif;\">Celek Litultovic &nbsp;je v&nbsp;sou\u010dasn\u00e9 dob\u011b na 6. m\u00edst\u011b s&nbsp;29 body. Soupe\u0159\u016fm vs\u00edtili 28 a obdr\u017eeli 33 branek. V&nbsp;dom\u00e1c\u00edm prost\u0159ed\u00ed dosud z\u00edskali 18 bod\u016f za 6 v\u00edt\u011bzstv\u00ed.<\/span><\/p>\n<p style=\"text-align: justify;\"><span style=\"font-size: 12pt; font-family: helvetica, arial, sans-serif;\">Na\u0161i hr\u00e1\u010di \u201eB\u201c mu\u017estva jsou po 17 utk\u00e1n\u00edch na 8. m\u00edst\u011b, kdy\u017e z\u00edskali 23 bod\u016f. V&nbsp;sedmi utk\u00e1n\u00edch byli v\u00edt\u011bzn\u00ed, 2x remizovali a 8x prohr\u00e1li. Podzimn\u00ed vz\u00e1jemn\u00fd duel skon\u010dil v\u00edt\u011bzstv\u00edm na\u0161eho celku 4:1, kdy\u017e na\u0161e branky dali Vidl\u00e1k Marek, Kubn\u00fd Anton\u00edn 2 a Gargo\u0161 Roman.<\/span><\/p>\n<p style=\"text-align: justify;\"><span style=\"font-size: 12pt; font-family: helvetica, arial, sans-serif;\"><strong>Utk\u00e1n\u00ed okresn\u00edho p\u0159eboru Litultovice &#8211; Kobe\u0159ice \u201eB\u201c se bude hr\u00e1t v&nbsp;ned\u011bli 29. dubna 2018 v&nbsp;16:30 hodin. Zveme na toto utk\u00e1n\u00ed v\u0161echny p\u0159\u00edznivce na\u0161eho \u201eB\u201c mu\u017estva. <\/strong><\/span><\/p>\n<p style=\"text-align: justify;\">&nbsp;<\/p>\n<p style=\"text-align: justify;\"><span style=\"font-size: 12pt; font-family: helvetica, arial, sans-serif;\"><strong><u>Program okresn\u00edho p\u0159eboru na toto a p\u0159\u00ed\u0161t\u00ed kolo<\/u><\/strong><\/span><\/p>\n<table width=\"529\">\n<tbody>\n<tr>\n<td width=\"256\"><span style=\"font-size: 12pt; font-family: helvetica, arial, sans-serif;\">\u0160t\u00edtina &#8211; Dobroslavice<\/span><\/td>\n<td width=\"273\"><span style=\"font-size: 12pt; font-family: helvetica, arial, sans-serif;\">Hlavnice &#8211; St\u011bbo\u0159ice<\/span><\/td>\n<\/tr>\n<tr>\n<td width=\"256\"><span style=\"font-size: 12pt; font-family: helvetica, arial, sans-serif;\">Slavia Opava &#8211; Otice<\/span><\/td>\n<td width=\"273\"><span style=\"font-size: 12pt; font-family: helvetica, arial, sans-serif;\">V\u0159esina &#8211; Litultovice<\/span><\/td>\n<\/tr>\n<tr>\n<td width=\"256\"><span style=\"font-size: 12pt; font-family: helvetica, arial, sans-serif;\">B\u0159ezov\u00e1 &#8211; V\u0159esina<\/span><\/td>\n<td width=\"273\"><span style=\"font-size: 12pt; font-family: helvetica, arial, sans-serif;\"><strong>Kobe\u0159ice &#8222;B&#8220;<\/strong> &#8211; <strong>Slavia Opava<\/strong><\/span><\/td>\n<\/tr>\n<tr>\n<td width=\"256\"><span style=\"font-size: 12pt; font-family: helvetica, arial, sans-serif;\">St\u011bbo\u0159ice &#8211; Doln\u00ed \u017divotice<\/span><\/td>\n<td width=\"273\"><span style=\"font-size: 12pt; font-family: helvetica, arial, sans-serif;\">Otice &#8211; Budi\u0161ov nad Budi\u0161ovkou<\/span><\/td>\n<\/tr>\n<tr>\n<td width=\"256\"><span style=\"font-size: 12pt; font-family: helvetica, arial, sans-serif;\"><strong>Litultovice<\/strong><strong> &#8211; Kobe\u0159ice &#8222;B&#8220; <\/strong><\/span><\/td>\n<td width=\"273\"><span style=\"font-size: 12pt; font-family: helvetica, arial, sans-serif;\">Jakartovice &#8211; \u0160t\u00edtina<\/span><\/td>\n<\/tr>\n<tr>\n<td width=\"256\"><span style=\"font-size: 12pt; font-family: helvetica, arial, sans-serif;\">Budi\u0161ov nad Budi\u0161ovkou &#8211; Jakartovice<\/span><\/td>\n<td width=\"273\"><span style=\"font-size: 12pt; font-family: helvetica, arial, sans-serif;\">Dobroslavice &#8211; Hn\u011bvo\u0161ice<\/span><\/td>\n<\/tr>\n<tr>\n<td width=\"256\"><span style=\"font-size: 12pt; font-family: helvetica, arial, sans-serif;\">Hn\u011bvo\u0161ice &#8211; Hlavnice<\/span><\/td>\n<td width=\"273\"><span style=\"font-size: 12pt; font-family: helvetica, arial, sans-serif;\">Doln\u00ed \u017divotice &#8211; B\u0159ezov\u00e1<\/span><\/td>\n<\/tr>\n<\/tbody>\n<\/table>\n<hr>\n<p style=\"text-align: justify;\"><span style=\"font-size: 14pt; font-family: helvetica, arial, sans-serif;\"><strong>Dorostenci budou hr\u00e1t v&nbsp;dom\u00e1c\u00edm prost\u0159ed\u00ed s Doln\u00ed Lhotou<\/strong><\/span><\/p>\n<p style=\"text-align: justify;\"><span style=\"font-size: 12pt; font-family: helvetica, arial, sans-serif;\">Dal\u0161\u00edm soupe\u0159em na\u0161ich dorostenc\u016f bude p\u00e1t\u00fd celek krajsk\u00e9 sout\u011b\u017ee dorostu Doln\u00ed Lhota, kter\u00e1 m\u00e1 v&nbsp;sou\u010dasn\u00e9 dob\u011b 29 bod\u016f, kdy\u017e 9 x vyhr\u00e1la, 2x remizovala a 7x prohr\u00e1la p\u0159i sk\u00f3re 52:47.<\/span><\/p>\n<p style=\"text-align: justify;\"><span style=\"font-size: 12pt; font-family: helvetica, arial, sans-serif;\">Na\u0161i dorostenci jsou na vedouc\u00ed pozici se ziskem 52 bod\u016f, kdy\u017e 17x vyhr\u00e1li, 1x remizovali a 1x prohr\u00e1li p\u0159i sk\u00f3re 80:20.<\/span><\/p>\n<p style=\"text-align: justify;\"><span style=\"font-size: 12pt; font-family: helvetica, arial, sans-serif;\"><strong>Utk\u00e1n\u00ed krajsk\u00e9 sout\u011b\u017ee dorostu TJ Sokol Kobe\u0159ice &#8211; Doln\u00ed Lhota se bude hr\u00e1t v&nbsp;ned\u011bli 29. dubna 2018 od 14:15 hodin. Zveme v\u0161echny p\u0159\u00edznivce na\u0161eho dorostu.&nbsp; <\/strong><\/span><\/p>\n<p style=\"text-align: justify;\">&nbsp;<\/p>\n<p style=\"text-align: justify;\"><span style=\"font-size: 12pt; font-family: helvetica, arial, sans-serif;\"><strong><u>Program krajsk\u00e9 sout\u011b\u017ee dorostu v&nbsp;tomto a p\u0159\u00ed\u0161t\u00edm kole<\/u><\/strong><\/span><\/p>\n<table width=\"461\">\n<tbody>\n<tr>\n<td width=\"248\"><span style=\"font-size: 12pt; font-family: helvetica, arial, sans-serif;\">He\u0159manice &#8211; Zlatn\u00edky<\/span><\/td>\n<td width=\"213\"><span style=\"font-size: 12pt; font-family: helvetica, arial, sans-serif;\"><u>&nbsp;<\/u>Darkovi\u010dky &#8211; Horn\u00ed Bene\u0161ov<\/span><\/td>\n<\/tr>\n<tr>\n<td width=\"248\"><span style=\"font-size: 12pt; font-family: helvetica, arial, sans-serif;\">Klimkovice &#8211; Svinov<\/span><\/td>\n<td><span style=\"font-size: 12pt; font-family: helvetica, arial, sans-serif;\">Polanka &#8211; Stud\u00e9nka<\/span><\/td>\n<\/tr>\n<tr>\n<td width=\"248\"><span style=\"font-size: 12pt; font-family: helvetica, arial, sans-serif;\">Stud\u00e9nka &#8211; Darkovi\u010dky<\/span><\/td>\n<td><span style=\"font-size: 12pt; font-family: helvetica, arial, sans-serif;\">Fulnek &#8211; Klimkovice<\/span><\/td>\n<\/tr>\n<tr>\n<td width=\"248\"><span style=\"font-size: 12pt; font-family: helvetica, arial, sans-serif;\">R\u00fdma\u0159ov &#8211; Fulnek<\/span><\/td>\n<td><span style=\"font-size: 12pt; font-family: helvetica, arial, sans-serif;\">Doln\u00ed Lhota &#8211; Ostrava &#8211; Jih<\/span><\/td>\n<\/tr>\n<tr>\n<td width=\"248\"><span style=\"font-size: 12pt; font-family: helvetica, arial, sans-serif;\"><strong>Kobe\u0159ice &#8211; Doln\u00ed Lhota <\/strong><\/span><\/td>\n<td><span style=\"font-size: 12pt; font-family: helvetica, arial, sans-serif;\">Svinov &#8211; Doln\u00ed Bene\u0161ov<\/span><\/td>\n<\/tr>\n<tr>\n<td width=\"248\"><span style=\"font-size: 12pt; font-family: helvetica, arial, sans-serif;\">&nbsp;Hradec nad Moravic\u00ed &#8211; Polanka<\/span><\/td>\n<td><span style=\"font-size: 12pt; font-family: helvetica, arial, sans-serif;\">Hradec nad Moravic\u00ed &#8211; He\u0159manice<\/span><\/td>\n<\/tr>\n<tr>\n<td width=\"248\"><span style=\"font-size: 12pt; font-family: helvetica, arial, sans-serif;\">Horn\u00ed Bene\u0161ov &#8211; Ostrava &#8211; Jih<\/span><\/td>\n<td><span style=\"font-size: 12pt; font-family: helvetica, arial, sans-serif;\"><strong>Zlatn\u00edky<\/strong> &#8211; <strong>Kobe\u0159ice<\/strong><\/span><\/td>\n<\/tr>\n<\/tbody>\n<\/table>\n<hr>\n<p style=\"text-align: justify;\"><span style=\"font-size: 14pt; font-family: helvetica, arial, sans-serif;\"><strong>Star\u0161\u00ed i mlad\u0161\u00ed \u017e\u00e1ci budou hr\u00e1t venku s&nbsp;B\u0159idli\u010dnou<\/strong><\/span><\/p>\n<p style=\"text-align: justify;\"><span style=\"font-size: 12pt; font-family: helvetica, arial, sans-serif;\"><strong>&nbsp;<\/strong><\/span><\/p>\n<p style=\"text-align: justify;\"><span style=\"font-size: 12pt; font-family: helvetica, arial, sans-serif;\"><strong>Utk\u00e1n\u00ed krajsk\u00e9 sout\u011b\u017ee star\u0161\u00edch a mlad\u0161\u00edch \u017e\u00e1k\u016f B\u0159idli\u010dn\u00e1 &#8211; TJ Sokol Kobe\u0159icel&nbsp; se bude hr\u00e1t v&nbsp;sobotu 28. dubna 2018 od 9:00, respektive 10:45 hodin. Spole\u010dn\u00fd odjezd je v&nbsp;7:00 hodin. Zveme v\u0161echny fotbalov\u00e9 p\u0159\u00edznivce na\u0161ich \u017e\u00e1kovsk\u00fdch mu\u017estev.<\/strong><\/span><\/p>\n<p style=\"text-align: justify;\"><span style=\"font-size: 12pt; font-family: helvetica, arial, sans-serif;\">[cs_divider divider_style=&#8220;crossy&#8220; divider_backtotop=&#8220;yes&#8220; divider_height=&#8220;1&#8243;]<\/span><\/p>\n","protected":false},"excerpt":{"rendered":"<p>V&nbsp;dom\u00e1c\u00edm prost\u0159ed\u00ed se st\u0159etneme v&nbsp;presti\u017en\u00edm \u201ederby\u201c utk\u00e1n\u00ed s&nbsp;Bolaticemi Po v\u00edt\u011bzstv\u00ed v&nbsp;Kr\u00e1sn\u00fdch Lou\u010dk\u00e1ch n\u00e1s bude \u010dekat fotbalov\u00fd klub Bolatice, kter\u00fd je po 17 utk\u00e1n\u00ed na 12. m\u00edst\u011b<span class=\"excerpt-hellip\"> [\u2026]<\/span><\/p>\n","protected":false},"author":3,"featured_media":3370,"comment_status":"closed","ping_status":"open","sticky":false,"template":"","format":"standard","meta":{"ngg_post_thumbnail":0,"footnotes":""},"categories":[115,112,110,107,117,103,111,102],"tags":[],"class_list":["post-5051","post","type-post","status-publish","format-standard","has-post-thumbnail","hentry","category-a-tym","category-b-tym","category-dorost","category-fotbal","category-mladsi-zaci","category-pozvanky","category-starsi-zaci","category-zapasy"],"_links":{"self":[{"href":"https:\/\/tjsokolkoberice.cz\/index.php?rest_route=\/wp\/v2\/posts\/5051","targetHints":{"allow":["GET"]}}],"collection":[{"href":"https:\/\/tjsokolkoberice.cz\/index.php?rest_route=\/wp\/v2\/posts"}],"about":[{"href":"https:\/\/tjsokolkoberice.cz\/index.php?rest_route=\/wp\/v2\/types\/post"}],"author":[{"embeddable":true,"href":"https:\/\/tjsokolkoberice.cz\/index.php?rest_route=\/wp\/v2\/users\/3"}],"replies":[{"embeddable":true,"href":"https:\/\/tjsokolkoberice.cz\/index.php?rest_route=%2Fwp%2Fv2%2Fcomments&post=5051"}],"version-history":[{"count":2,"href":"https:\/\/tjsokolkoberice.cz\/index.php?rest_route=\/wp\/v2\/posts\/5051\/revisions"}],"predecessor-version":[{"id":5053,"href":"https:\/\/tjsokolkoberice.cz\/index.php?rest_route=\/wp\/v2\/posts\/5051\/revisions\/5053"}],"wp:featuredmedia":[{"embeddable":true,"href":"https:\/\/tjsokolkoberice.cz\/index.php?rest_route=\/wp\/v2\/media\/3370"}],"wp:attachment":[{"href":"https:\/\/tjsokolkoberice.cz\/index.php?rest_route=%2Fwp%2Fv2%2Fmedia&parent=5051"}],"wp:term":[{"taxonomy":"category","embeddable":true,"href":"https:\/\/tjsokolkoberice.cz\/index.php?rest_route=%2Fwp%2Fv2%2Fcategories&post=5051"},{"taxonomy":"post_tag","embeddable":true,"href":"https:\/\/tjsokolkoberice.cz\/index.php?rest_route=%2Fwp%2Fv2%2Ftags&post=5051"}],"curies":[{"name":"wp","href":"https:\/\/api.w.org\/{rel}","templated":true}]}}