{"id":5167,"date":"2018-05-23T11:28:01","date_gmt":"2018-05-23T10:28:01","guid":{"rendered":"https:\/\/tjsokolkoberice.cz\/?p=5167"},"modified":"2025-10-14T11:54:36","modified_gmt":"2025-10-14T10:54:36","slug":"vikendovy-program-nasich-muzstev-43","status":"publish","type":"post","link":"https:\/\/tjsokolkoberice.cz\/?p=5167","title":{"rendered":"V\u00edkendov\u00fd program na\u0161ich mu\u017estev"},"content":{"rendered":"<p style=\"text-align: justify;\"><span style=\"font-size: 14pt; font-family: helvetica, arial, sans-serif;\"><strong>V\u00a0dom\u00e1c\u00edm prost\u0159ed\u00ed p\u0159iv\u00edt\u00e1me Slavkov<\/strong><\/span><\/p>\n<p style=\"text-align: justify;\"><span style=\"font-size: 12pt; font-family: helvetica, arial, sans-serif;\">Po proh\u0159e ve V\u00edtkov\u011b budeme hr\u00e1t op\u011bt v\u00a0dom\u00e1c\u00edm prost\u0159ed\u00ed s celkek Slavkova. \u00a0Do z\u00e1pasu s\u00a0n\u00e1mi nastupuje soupe\u0159 po dom\u00e1c\u00ed v\u00fdh\u0159e nad \u00a0Velk\u00fdmi Heralticemi pom\u011brem 4:1. Po tomto utk\u00e1n\u00ed m\u00e1 n\u00e1\u0161 soupe\u0159 28 bod\u016f a je na 11. m\u00edst\u011b tabulky. \u00a0Na ja\u0159e vyhr\u00e1l Slavkov jen dv\u011b utk\u00e1n\u00ed a to doma s\u00a0Darkovi\u010dkami a ji\u017e zm\u00edn\u011bn\u00e9 utk\u00e1n\u00ed s\u00a0Velk\u00fdmi Heralticemi. Remizoval v\u00a0Jakub\u010dovic\u00edch a Bolatic\u00edch. V\u00a0p\u011bti utk\u00e1n\u00edch byl pora\u017een<\/span><\/p>\n<p style=\"text-align: justify;\"><span style=\"font-size: 12pt; font-family: helvetica, arial, sans-serif;\">Na\u0161i hr\u00e1\u010di se nach\u00e1zej\u00ed se 37 body na 3. m\u00edst\u011b tabulky a do utk\u00e1n\u00ed jdeme jako favorit\u00e9. Na\u0161e jarn\u00ed bilance je tedy p\u011bt v\u00edt\u011bzstv\u00ed jedna rem\u00edza a t\u0159i por\u00e1\u017eky.\u00a0 Do utk\u00e1n\u00ed na\u0161i fotbalist\u00e9 nastupuj\u00ed jako pap\u00edrov\u011b lep\u0161\u00ed mu\u017estvo a nyn\u00ed jde jen o to potvrdit to i v samotn\u00e9m utk\u00e1n\u00ed.<\/span><\/p>\n<p style=\"text-align: justify;\"><span style=\"font-size: 12pt; font-family: helvetica, arial, sans-serif;\">Utk\u00e1n\u00ed krajsk\u00e9 sout\u011b\u017ee I. A t\u0159\u00eddy Kobe\u0159ice &#8211; Slavkov se bude hr\u00e1t v\u00a0ned\u011bli 27. kv\u011btna 2018 od 17:00 hodin. Zveme v\u0161echny p\u0159\u00edznivce na\u0161eho \u201eA\u201c mu\u017estva.<\/span><\/p>\n<p style=\"text-align: justify;\"><span style=\"font-size: 12pt; font-family: helvetica, arial, sans-serif;\"><strong><u>Program IA.t\u0159\u00eddy v\u00a0tomto a p\u0159\u00ed\u0161t\u00edm kole<\/u><\/strong><\/span><\/p>\n<table width=\"371\">\n<tbody>\n<tr>\n<td width=\"183\"><span style=\"font-size: 12pt; font-family: helvetica, arial, sans-serif;\">Chlebi\u010dov &#8211; V\u00edtkov<\/span><\/td>\n<td width=\"188\"><span style=\"font-size: 12pt; font-family: helvetica, arial, sans-serif;\">Jakub\u010dovice &#8211; Old\u0159i\u0161ov<\/span><\/td>\n<\/tr>\n<tr>\n<td width=\"183\"><span style=\"font-size: 12pt; font-family: helvetica, arial, sans-serif;\">Kr\u00e1sn\u00e9 Lou\u010dky &#8211; Darkovi\u010dky<\/span><\/td>\n<td width=\"188\"><span style=\"font-size: 12pt; font-family: helvetica, arial, sans-serif;\"><strong>Hlubina<\/strong><strong> &#8211; Kobe\u0159ice <\/strong><\/span><\/td>\n<\/tr>\n<tr>\n<td width=\"183\"><span style=\"font-size: 12pt; font-family: helvetica, arial, sans-serif;\">Velk\u00e9 Heraltice &#8211; Hlubina<\/span><\/td>\n<td width=\"188\"><span style=\"font-size: 12pt; font-family: helvetica, arial, sans-serif;\">V\u00edtkov &#8211; Mokr\u00e9 Lazce<\/span><\/td>\n<\/tr>\n<tr>\n<td width=\"183\"><span style=\"font-size: 12pt; font-family: helvetica, arial, sans-serif;\">Mokr\u00e9 Lazce &#8211; Ludge\u0159ovice<\/span><\/td>\n<td width=\"188\"><span style=\"font-size: 12pt; font-family: helvetica, arial, sans-serif;\">Ludge\u0159ovice &#8211; Kr\u00e1sn\u00e9 Lou\u010dky<\/span><\/td>\n<\/tr>\n<tr>\n<td width=\"183\"><span style=\"font-size: 12pt; font-family: helvetica, arial, sans-serif;\"><strong>Kobe\u0159ice<\/strong><strong> &#8211; Slavkov <\/strong><\/span><\/td>\n<td width=\"188\"><span style=\"font-size: 12pt; font-family: helvetica, arial, sans-serif;\">Darkovi\u010dky &#8211; Bolatice<\/span><\/td>\n<\/tr>\n<tr>\n<td width=\"183\"><span style=\"font-size: 12pt; font-family: helvetica, arial, sans-serif;\">Bolatice &#8211; Jakub\u010dovice<\/span><\/td>\n<td width=\"188\"><span style=\"font-size: 12pt; font-family: helvetica, arial, sans-serif;\">Slavkov &#8211; Chlebi\u010dov<\/span><\/td>\n<\/tr>\n<tr>\n<td width=\"183\"><span style=\"font-size: 12pt; font-family: helvetica, arial, sans-serif;\">Old\u0159i\u0161ov &#8211; Krava\u0159e<\/span><\/td>\n<td width=\"188\"><span style=\"font-size: 12pt; font-family: helvetica, arial, sans-serif;\">Krava\u0159e &#8211; Velk\u00e9 Heraltice<\/span><\/td>\n<\/tr>\n<\/tbody>\n<\/table>\n<p style=\"text-align: justify;\"><span style=\"font-size: 14pt; font-family: helvetica, arial, sans-serif;\"><strong>Mu\u017ei \u201eB\u201c budou hr\u00e1t derby s \u00a0Hn\u011bvo\u0161icemi ji\u017e v sobotu!<\/strong><\/span><\/p>\n<p style=\"text-align: justify;\"><span style=\"font-size: 12pt; font-family: helvetica, arial, sans-serif;\">Celek Hn\u011bvo\u0161ic se nach\u00e1z\u00ed beznad\u011bjn\u011b na posledn\u00edm m\u00edst\u011b okresn\u00edho p\u0159eboru. M\u00e1 na sv\u00e9m kont\u011b pouh\u00fdch 5 bod\u016f a to za jedno v\u00edt\u011bzstv\u00ed a dv\u011b rem\u00edzy. V\u00a018 utk\u00e1n\u00edch byl pora\u017een. Pam\u011btn\u00edci si jist\u011b vybavuj\u00ed utk\u00e1n\u00ed, kdy je\u0161t\u011b Hn\u011bvo\u0161ice hr\u00e1ly ve vy\u0161\u0161\u00ed t\u0159\u00edd\u011b s\u00a0na\u0161im a mu\u017estvem a tato utk\u00e1n\u00ed m\u011bla velk\u00fd n\u00e1boj. Na vz\u00e1jemn\u00e1 utk\u00e1n\u00ed p\u0159i\u0161la spousta lid\u00ed. V sou\u010dasn\u00e9 dob\u011b hraje mu\u017estvo Hn\u011bvo\u0161ic okresn\u00ed p\u0159ebor a utk\u00e1vaj\u00ed se s\u00a0na\u0161imi \u201eB\u201c mu\u017ei. Hn\u011bvo\u0161ice jsou sice posledn\u00ed, ale pr\u00e1v\u011b takov\u00e1 utk\u00e1n\u00ed m\u016f\u017eou b\u00fdt velice zr\u00e1dn\u00e1 a soupe\u0159 n\u00e1s m\u016f\u017ee v\u00a0tomto presti\u017en\u00edm utk\u00e1n\u00ed p\u0159ekvapit. Bude hr\u00e1t p\u0159ed dom\u00e1c\u00edmi div\u00e1ky a o to v\u00edc bude usilovat o to se p\u0159ed nimi vyt\u00e1hnout a p\u0159\u00edjemn\u011b je p\u0159ekvapit.<\/span><\/p>\n<p style=\"text-align: justify;\"><span style=\"font-size: 12pt; font-family: helvetica, arial, sans-serif;\">Utk\u00e1n\u00ed okresn\u00edho p\u0159eboru Hn\u011bvo\u0161ice &#8211; Kobe\u0159ice \u201eB\u201c se bude hr\u00e1t v sobotu 26. kv\u011btna 2018 od 17:00 hodin. Zveme na toto utk\u00e1n\u00ed v\u0161echny p\u0159\u00edznivce na\u0161eho \u201eB\u201c mu\u017estva.<\/span><\/p>\n<p style=\"text-align: justify;\"><span style=\"font-size: 12pt; font-family: helvetica, arial, sans-serif;\"><strong><u>Program okresn\u00edho p\u0159eboru na toto a p\u0159\u00ed\u0161t\u00ed kolo<\/u><\/strong><\/span><\/p>\n<table width=\"502\">\n<tbody>\n<tr>\n<td width=\"228\"><span style=\"font-size: 12pt; font-family: helvetica, arial, sans-serif;\">Jakartovice &#8211; Hlavnice<\/span><\/td>\n<td width=\"274\"><span style=\"font-size: 12pt; font-family: helvetica, arial, sans-serif;\">Hlavnice &#8211; Litultovice<\/span><\/td>\n<\/tr>\n<tr>\n<td width=\"228\"><span style=\"font-size: 12pt; font-family: helvetica, arial, sans-serif;\">Dobroslavice &#8211; Otice<\/span><\/td>\n<td width=\"274\"><span style=\"font-size: 12pt; font-family: helvetica, arial, sans-serif;\">B\u0159ezov\u00e1 &#8211; Slavia Opava<\/span><\/td>\n<\/tr>\n<tr>\n<td width=\"228\"><span style=\"font-size: 12pt; font-family: helvetica, arial, sans-serif;\"><strong>Hn\u011bvo\u0161ice<\/strong><strong> &#8211; Kobe\u0159ice &#8222;B <\/strong><\/span><\/td>\n<td width=\"274\"><span style=\"font-size: 12pt; font-family: helvetica, arial, sans-serif;\">St\u011bbo\u0159ice &#8211; Budi\u0161ov nad Budi\u0161ovkou<\/span><\/td>\n<\/tr>\n<tr>\n<td width=\"228\"><span style=\"font-size: 12pt; font-family: helvetica, arial, sans-serif;\">\u0160t\u00edtina &#8211; V\u0159esina<\/span><\/td>\n<td width=\"274\"><span style=\"font-size: 12pt; font-family: helvetica, arial, sans-serif;\">V\u0159esina &#8211; Hn\u011bvo\u0161ice<\/span><\/td>\n<\/tr>\n<tr>\n<td width=\"228\"><span style=\"font-size: 12pt; font-family: helvetica, arial, sans-serif;\">Slavia Opava &#8211; St\u011bbo\u0159ice<\/span><\/td>\n<td width=\"274\"><span style=\"font-size: 12pt; font-family: helvetica, arial, sans-serif;\"><strong>Kobe\u0159ice &#8222;B&#8220;<\/strong><strong> &#8211; Dobroslavice <\/strong><\/span><\/td>\n<\/tr>\n<tr>\n<td width=\"228\"><span style=\"font-size: 12pt; font-family: helvetica, arial, sans-serif;\">Litultovice &#8211; B\u0159ezov\u00e1<\/span><\/td>\n<td width=\"274\"><span style=\"font-size: 12pt; font-family: helvetica, arial, sans-serif;\">Otice &#8211; Jakartovice<\/span><\/td>\n<\/tr>\n<tr>\n<td width=\"228\"><span style=\"font-size: 12pt; font-family: helvetica, arial, sans-serif;\">St\u011bbo\u0159ice-Budi\u0161ov<\/span><\/td>\n<td width=\"274\"><span style=\"font-size: 12pt; font-family: helvetica, arial, sans-serif;\">Doln\u00ed \u017divotice &#8211; \u0160t\u00edtina<\/span><\/td>\n<\/tr>\n<\/tbody>\n<\/table>\n<p style=\"text-align: justify;\"><span style=\"font-size: 14pt; font-family: helvetica, arial, sans-serif;\"><strong>Dorostenci budou m\u00edt volno<\/strong><\/span><\/p>\n<p style=\"text-align: justify;\"><span style=\"font-size: 12pt; font-family: helvetica, arial, sans-serif;\">Vzhledem k\u00a0tomu, \u017ee se V\u00edtkov z\u00a0krajsk\u00e9 sout\u011b\u017ee odhl\u00e1sil, budou m\u00edt na\u0161i dorostenci v\u00a0ned\u011bli volno.<\/span><\/p>\n<p style=\"text-align: justify;\"><span style=\"font-size: 12pt; font-family: helvetica, arial, sans-serif;\"><strong>\u00a0<\/strong><\/span><\/p>\n<p style=\"text-align: justify;\"><span style=\"font-size: 14pt; font-family: helvetica, arial, sans-serif;\"><strong>Star\u0161\u00ed i mlad\u0161\u00ed \u017e\u00e1ci budou hr\u00e1t doma se Slavi\u00ed Opava<\/strong><\/span><\/p>\n<p style=\"text-align: justify;\"><span style=\"font-size: 12pt; font-family: helvetica, arial, sans-serif;\">Utk\u00e1n\u00ed krajsk\u00e9 sout\u011b\u017ee star\u0161\u00edch a mlad\u0161\u00edch \u017e\u00e1k\u016f TJ Sokol Kobe\u0159ice &#8211; Slavia Opava \u00a0se bude hr\u00e1t v\u00a0sobotu 26. kv\u011btna 2018 od 13:15 respektive 15:00 hodin. Zveme v\u0161echny p\u0159\u00edznivce na\u0161ich \u017e\u00e1kovsk\u00fdch mu\u017estev.<\/span><\/p>\n","protected":false},"excerpt":{"rendered":"<p>V\u00a0dom\u00e1c\u00edm prost\u0159ed\u00ed p\u0159iv\u00edt\u00e1me Slavkov Po proh\u0159e ve V\u00edtkov\u011b budeme hr\u00e1t op\u011bt v\u00a0dom\u00e1c\u00edm prost\u0159ed\u00ed s celkek Slavkova. \u00a0Do z\u00e1pasu s\u00a0n\u00e1mi nastupuje soupe\u0159 po dom\u00e1c\u00ed v\u00fdh\u0159e nad \u00a0Velk\u00fdmi<span class=\"excerpt-hellip\"> [\u2026]<\/span><\/p>\n","protected":false},"author":3,"featured_media":3787,"comment_status":"closed","ping_status":"open","sticky":false,"template":"","format":"standard","meta":{"ngg_post_thumbnail":0,"footnotes":""},"categories":[115,112,110,107,103,102],"tags":[],"class_list":["post-5167","post","type-post","status-publish","format-standard","has-post-thumbnail","hentry","category-a-tym","category-b-tym","category-dorost","category-fotbal","category-pozvanky","category-zapasy"],"_links":{"self":[{"href":"https:\/\/tjsokolkoberice.cz\/index.php?rest_route=\/wp\/v2\/posts\/5167","targetHints":{"allow":["GET"]}}],"collection":[{"href":"https:\/\/tjsokolkoberice.cz\/index.php?rest_route=\/wp\/v2\/posts"}],"about":[{"href":"https:\/\/tjsokolkoberice.cz\/index.php?rest_route=\/wp\/v2\/types\/post"}],"author":[{"embeddable":true,"href":"https:\/\/tjsokolkoberice.cz\/index.php?rest_route=\/wp\/v2\/users\/3"}],"replies":[{"embeddable":true,"href":"https:\/\/tjsokolkoberice.cz\/index.php?rest_route=%2Fwp%2Fv2%2Fcomments&post=5167"}],"version-history":[{"count":4,"href":"https:\/\/tjsokolkoberice.cz\/index.php?rest_route=\/wp\/v2\/posts\/5167\/revisions"}],"predecessor-version":[{"id":5175,"href":"https:\/\/tjsokolkoberice.cz\/index.php?rest_route=\/wp\/v2\/posts\/5167\/revisions\/5175"}],"wp:featuredmedia":[{"embeddable":true,"href":"https:\/\/tjsokolkoberice.cz\/index.php?rest_route=\/wp\/v2\/media\/3787"}],"wp:attachment":[{"href":"https:\/\/tjsokolkoberice.cz\/index.php?rest_route=%2Fwp%2Fv2%2Fmedia&parent=5167"}],"wp:term":[{"taxonomy":"category","embeddable":true,"href":"https:\/\/tjsokolkoberice.cz\/index.php?rest_route=%2Fwp%2Fv2%2Fcategories&post=5167"},{"taxonomy":"post_tag","embeddable":true,"href":"https:\/\/tjsokolkoberice.cz\/index.php?rest_route=%2Fwp%2Fv2%2Ftags&post=5167"}],"curies":[{"name":"wp","href":"https:\/\/api.w.org\/{rel}","templated":true}]}}