{"id":5261,"date":"2018-06-13T20:54:03","date_gmt":"2018-06-13T19:54:03","guid":{"rendered":"https:\/\/tjsokolkoberice.cz\/?p=5261"},"modified":"2025-10-14T11:54:21","modified_gmt":"2025-10-14T10:54:21","slug":"vikendovy-program-2","status":"publish","type":"post","link":"https:\/\/tjsokolkoberice.cz\/?p=5261","title":{"rendered":"V\u00edkendov\u00fd program"},"content":{"rendered":"<p style=\"text-align: justify;\"><span style=\"font-size: 14pt; font-family: helvetica, arial, sans-serif;\"><strong>Na z\u00e1v\u011br derby utk\u00e1n\u00ed s&nbsp;Krava\u0159emi<\/strong><\/span><\/p>\n<p style=\"text-align: justify;\"><span style=\"font-size: 12pt; font-family: helvetica, arial, sans-serif;\">V posledn\u00edm utk\u00e1n\u00ed aktu\u00e1ln\u00ed sezony se st\u0159etnou fotbalist\u00e9 A mu\u017estva s&nbsp;celkem MFK Krava\u0159e. Bude se jednat o presti\u017en\u00ed derby utk\u00e1n\u00ed, kdy se o\u010dek\u00e1v\u00e1 nadstandardn\u00ed div\u00e1ck\u00e1 n\u00e1v\u0161t\u011bva.<\/span><\/p>\n<p style=\"text-align: justify;\"><span style=\"font-size: 12pt; font-family: helvetica, arial, sans-serif;\">Mu\u017estvo Krava\u0159 se nach\u00e1z\u00ed na 6. m\u00edst\u011b tabulky a v&nbsp;p\u0159\u00edpad\u011b v\u00fdhry se m\u016f\u017ee dostat na kone\u010dn\u00e9 p\u00e1t\u00e9 m\u00edsto. Do utk\u00e1n\u00ed s&nbsp;na\u0161imi fotbalisty jde po dom\u00e1c\u00edm v\u00edt\u011bzstv\u00ed nad Chlebi\u010dovem v&nbsp;pom\u011bru 5:0.<\/span><\/p>\n<p style=\"text-align: justify;\"><span style=\"font-size: 12pt; font-family: helvetica, arial, sans-serif;\">Na\u0161i jdou do tohoto utk\u00e1n\u00ed po vysok\u00e9m v\u00edt\u011bzstv\u00ed na p\u016fd\u011b vedouc\u00edho Old\u0159i\u0161ova. Nav\u00edc se bude jednat o velmi zaj\u00edmav\u00e9 presti\u017en\u00ed \u201ederby\u201c. V&nbsp;podzimn\u00edm vz\u00e1jemn\u00e9m duelu jsme v&nbsp;Krava\u0159\u00edch prohr\u00e1li 2:3. Utk\u00e1n\u00ed v&nbsp;Krava\u0159\u00edch bylo velmi dramatick\u00e9, kdy jsme byli dvakr\u00e1t ve veden\u00ed, ale soupe\u0159 nakonec p\u0159et\u00e1hl v\u00edt\u011bzstv\u00ed na svou stranu. M\u00e1me tedy sv\u00e9mu ned\u011bln\u00edmu soupe\u0159i co opl\u00e1cet. V\u011b\u0159me, \u017ee z\u00e1pas s&nbsp;Krava\u0159emi p\u0159inese p\u011bkn\u00fd z\u00e1pas, kter\u00fd se ponese p\u0159ev\u00e1\u017en\u011b v&nbsp;na\u0161\u00ed re\u017ei\u00ed.<\/span><\/p>\n<p style=\"text-align: justify;\"><span style=\"font-size: 12pt; font-family: helvetica, arial, sans-serif;\"><strong>Utk\u00e1n\u00ed Kobe\u0159ice &#8211; Krava\u0159e se bude hr\u00e1t v&nbsp;ned\u011bli 17. \u010dervna 2018 od 17:00 hodin. Zveme na toto utk\u00e1n\u00ed v\u0161echny fotbalov\u00e9 p\u0159\u00edznivce <\/strong><\/span><\/p>\n<p style=\"text-align: justify;\"><span style=\"font-size: 12pt; font-family: helvetica, arial, sans-serif;\"><strong><u>Program I.A t\u0159\u00eddy v&nbsp;posledn\u00edm kole<\/u><\/strong><\/span><\/p>\n<table width=\"266\">\n<tbody>\n<tr>\n<td width=\"266\"><span style=\"font-size: 12pt; font-family: helvetica, arial, sans-serif;\">Bolatice &#8211; Ludge\u0159ovice<\/span><\/td>\n<\/tr>\n<tr>\n<td width=\"266\"><span style=\"font-size: 12pt; font-family: helvetica, arial, sans-serif;\">Jakub\u010dovice &#8211; Darkovi\u010dky<\/span><\/td>\n<\/tr>\n<tr>\n<td width=\"266\"><span style=\"font-size: 12pt; font-family: helvetica, arial, sans-serif;\">Chlebi\u010dov &#8211; Hlubina<\/span><\/td>\n<\/tr>\n<tr>\n<td width=\"266\"><span style=\"font-size: 12pt; font-family: helvetica, arial, sans-serif;\">Kr\u00e1sn\u00e9 Lou\u010dky &#8211; V\u00edtkov<\/span><\/td>\n<\/tr>\n<tr>\n<td width=\"266\"><span style=\"font-size: 12pt; font-family: helvetica, arial, sans-serif;\">Velk\u00e9 Heraltice &#8211; Old\u0159i\u0161ov<\/span><\/td>\n<\/tr>\n<tr>\n<td width=\"266\"><span style=\"font-size: 12pt; font-family: helvetica, arial, sans-serif;\">Mokr\u00e9 Lazce &#8211; Slavkov<\/span><\/td>\n<\/tr>\n<\/tbody>\n<\/table>\n<p style=\"text-align: justify;\">&nbsp;<\/p>\n<p style=\"text-align: justify;\"><span style=\"font-size: 14pt; font-family: helvetica, arial, sans-serif;\"><strong>Mu\u017ei \u201eB\u201c budou hr\u00e1t posledn\u00ed utk\u00e1n\u00ed v&nbsp;Jakartovic\u00edch<\/strong><\/span><\/p>\n<p style=\"text-align: justify;\"><span style=\"font-size: 12pt; font-family: helvetica, arial, sans-serif;\">Celek Jakartovic &nbsp;je v&nbsp;sou\u010dasn\u00e9 dob\u011b na 2. m\u00edst\u011b &nbsp;okresn\u00edho p\u0159eboru. M\u00e1 na sv\u00e9m kont\u011b 55 bod\u016f a to za 17 v\u00edt\u011bzstv\u00ed a 4 rem\u00edzy. Podzimn\u00ed vz\u00e1jemn\u00fd duel skon\u010dil na\u0161\u00ed por\u00e1\u017ekou v&nbsp;pom\u011bru 0:2.<\/span><\/p>\n<p style=\"text-align: justify;\"><span style=\"font-size: 12pt; font-family: helvetica, arial, sans-serif;\">Na\u0161e B mu\u017estvo je na 8. m\u00edst\u011b, kdy\u017e 9x zv\u00edt\u011bzilo, 3x remizovalo a 12x prohr\u00e1lo.<\/span><\/p>\n<p style=\"text-align: justify;\"><span style=\"font-size: 12pt; font-family: helvetica, arial, sans-serif;\"><strong>Utk\u00e1n\u00ed okresn\u00edho p\u0159eboru Jakartovice &#8211; Kobe\u0159ice \u201eB\u201c se bude hr\u00e1t v&nbsp;sobotu 16. \u010dervna 2018 od 17:00 hodin. Zveme na toto utk\u00e1n\u00ed v\u0161echny p\u0159\u00edznivce na\u0161eho \u201eB\u201c mu\u017estva. <\/strong><\/span><\/p>\n<p style=\"text-align: justify;\"><span style=\"font-size: 12pt; font-family: helvetica, arial, sans-serif;\"><strong><u>Program okresn\u00edho p\u0159eboru na posledn\u00ed &nbsp;kolo<\/u><\/strong><\/span><\/p>\n<table width=\"228\">\n<tbody>\n<tr>\n<td width=\"228\"><span style=\"font-size: 12pt; font-family: helvetica, arial, sans-serif;\">Slavia Opava &#8211; Litultovice<\/span><\/td>\n<\/tr>\n<tr>\n<td><span style=\"font-size: 12pt; font-family: helvetica, arial, sans-serif;\">Hlavnice &#8211; Otice<\/span><\/td>\n<\/tr>\n<tr>\n<td><span style=\"font-size: 12pt; font-family: helvetica, arial, sans-serif;\">Hn\u011bvo\u0161ice &#8211; Doln\u00ed \u017divotice<\/span><\/td>\n<\/tr>\n<tr>\n<td><span style=\"font-size: 12pt; font-family: helvetica, arial, sans-serif;\">Dobroslavice &#8211; V\u0159esina<\/span><\/td>\n<\/tr>\n<tr>\n<td><span style=\"font-size: 12pt; font-family: helvetica, arial, sans-serif;\">\u0160t\u00edtina &#8211; St\u011bbo\u0159ice<\/span><\/td>\n<\/tr>\n<tr>\n<td><span style=\"font-size: 12pt; font-family: helvetica, arial, sans-serif;\">Budi\u0161ov nad Budi\u0161ovkou &#8211; B\u0159ezov\u00e1<\/span><\/td>\n<\/tr>\n<\/tbody>\n<\/table>\n<p style=\"text-align: justify;\"><span style=\"font-size: 12pt; font-family: helvetica, arial, sans-serif;\"><strong>&nbsp;<\/strong><\/span><\/p>\n<p style=\"text-align: justify;\"><span style=\"font-size: 14pt; font-family: helvetica, arial, sans-serif;\"><strong>Dorostenci budou hr\u00e1t posledn\u00ed utk\u00e1n\u00ed v&nbsp;Doln\u00edm Bene\u0161ov\u011b<\/strong><\/span><\/p>\n<p style=\"text-align: justify;\"><span style=\"font-size: 12pt; font-family: helvetica, arial, sans-serif;\">V posledn\u00edm utk\u00e1n\u00ed t\u00e9to fotbalov\u00e9 sezony budou na\u0161i dorostenci hr\u00e1t na h\u0159i\u0161ti v&nbsp;Z\u00e1b\u0159ehu s&nbsp;Doln\u00edm Bene\u0161ovem. Mu\u017estvo Doln\u00edho Bene\u0161ova je na 2. m\u00edst\u011b, kdy\u017e m\u00e1 o 6 bod\u016f m\u00e9n\u011b ne\u017e na\u0161i dorostenci, kte\u0159\u00ed tak jsou jist\u00fdmi v\u00edt\u011bzi sout\u011b\u017ee. V\u011b\u0159me, \u017ee i v&nbsp;tomto utk\u00e1n\u00ed dok\u00e1\u017e\u00ed na\u0161\u00ed dorostenci, \u017ee jejich v\u00edt\u011bzstv\u00ed v&nbsp;cel\u00e9 sout\u011b\u017ei nebylo n\u00e1hodn\u00e9 a \u017ee utk\u00e1n\u00ed dovedou do v\u00edt\u011bzn\u00e9ho konce.<\/span><\/p>\n<p style=\"text-align: justify;\"><span style=\"font-size: 12pt; font-family: helvetica, arial, sans-serif;\"><strong>Utk\u00e1n\u00ed krajsk\u00e9 sout\u011b\u017ee dorostu Doln\u00ed Bene\u0161ov \u2013 Kobe\u0159ice se bude hr\u00e1t v&nbsp;ned\u011bli 17. \u010dervna 2018 od 13:30 hodin v&nbsp;Z\u00e1b\u0159ehu. Zveme v\u0161echny p\u0159\u00edznivce dorostu. <\/strong><\/span><\/p>\n<p style=\"text-align: justify;\"><span style=\"font-size: 12pt; font-family: helvetica, arial, sans-serif;\"><strong><u>Program krajsk\u00e9 sout\u011b\u017ee dorostu v&nbsp;tomto a p\u0159\u00ed\u0161t\u00edm kole<\/u><\/strong><\/span><\/p>\n<table width=\"232\">\n<tbody>\n<tr>\n<td width=\"232\"><span style=\"font-size: 12pt; font-family: helvetica, arial, sans-serif;\">Polanka &#8211; Klimkovice<\/span><\/td>\n<\/tr>\n<tr>\n<td><span style=\"font-size: 12pt; font-family: helvetica, arial, sans-serif;\">Zlatn\u00edky &#8211; Doln\u00ed Lhota<\/span><\/td>\n<\/tr>\n<tr>\n<td><span style=\"font-size: 12pt; font-family: helvetica, arial, sans-serif;\">He\u0159manice &#8211; R\u00fdma\u0159ov<\/span><\/td>\n<\/tr>\n<tr>\n<td><span style=\"font-size: 12pt; font-family: helvetica, arial, sans-serif;\">Darkovi\u010dky &#8211; Fulnek<\/span><\/td>\n<\/tr>\n<tr>\n<td><span style=\"font-size: 12pt; font-family: helvetica, arial, sans-serif;\">Svinov &#8211; Stud\u00e9nka<\/span><\/td>\n<\/tr>\n<\/tbody>\n<\/table>\n","protected":false},"excerpt":{"rendered":"<p>Na z\u00e1v\u011br derby utk\u00e1n\u00ed s&nbsp;Krava\u0159emi V posledn\u00edm utk\u00e1n\u00ed aktu\u00e1ln\u00ed sezony se st\u0159etnou fotbalist\u00e9 A mu\u017estva s&nbsp;celkem MFK Krava\u0159e. Bude se jednat o presti\u017en\u00ed derby utk\u00e1n\u00ed, kdy<span class=\"excerpt-hellip\"> [\u2026]<\/span><\/p>\n","protected":false},"author":3,"featured_media":3787,"comment_status":"closed","ping_status":"open","sticky":false,"template":"","format":"standard","meta":{"ngg_post_thumbnail":0,"footnotes":""},"categories":[115,112,110,107,103,102],"tags":[],"class_list":["post-5261","post","type-post","status-publish","format-standard","has-post-thumbnail","hentry","category-a-tym","category-b-tym","category-dorost","category-fotbal","category-pozvanky","category-zapasy"],"_links":{"self":[{"href":"https:\/\/tjsokolkoberice.cz\/index.php?rest_route=\/wp\/v2\/posts\/5261","targetHints":{"allow":["GET"]}}],"collection":[{"href":"https:\/\/tjsokolkoberice.cz\/index.php?rest_route=\/wp\/v2\/posts"}],"about":[{"href":"https:\/\/tjsokolkoberice.cz\/index.php?rest_route=\/wp\/v2\/types\/post"}],"author":[{"embeddable":true,"href":"https:\/\/tjsokolkoberice.cz\/index.php?rest_route=\/wp\/v2\/users\/3"}],"replies":[{"embeddable":true,"href":"https:\/\/tjsokolkoberice.cz\/index.php?rest_route=%2Fwp%2Fv2%2Fcomments&post=5261"}],"version-history":[{"count":1,"href":"https:\/\/tjsokolkoberice.cz\/index.php?rest_route=\/wp\/v2\/posts\/5261\/revisions"}],"predecessor-version":[{"id":5262,"href":"https:\/\/tjsokolkoberice.cz\/index.php?rest_route=\/wp\/v2\/posts\/5261\/revisions\/5262"}],"wp:featuredmedia":[{"embeddable":true,"href":"https:\/\/tjsokolkoberice.cz\/index.php?rest_route=\/wp\/v2\/media\/3787"}],"wp:attachment":[{"href":"https:\/\/tjsokolkoberice.cz\/index.php?rest_route=%2Fwp%2Fv2%2Fmedia&parent=5261"}],"wp:term":[{"taxonomy":"category","embeddable":true,"href":"https:\/\/tjsokolkoberice.cz\/index.php?rest_route=%2Fwp%2Fv2%2Fcategories&post=5261"},{"taxonomy":"post_tag","embeddable":true,"href":"https:\/\/tjsokolkoberice.cz\/index.php?rest_route=%2Fwp%2Fv2%2Ftags&post=5261"}],"curies":[{"name":"wp","href":"https:\/\/api.w.org\/{rel}","templated":true}]}}