{"id":5281,"date":"2018-06-25T19:51:53","date_gmt":"2018-06-25T18:51:53","guid":{"rendered":"https:\/\/tjsokolkoberice.cz\/?p=5281"},"modified":"2025-10-14T11:54:21","modified_gmt":"2025-10-14T10:54:21","slug":"uspesna-sezona-nasi-fotbalove-mladeze","status":"publish","type":"post","link":"https:\/\/tjsokolkoberice.cz\/?p=5281","title":{"rendered":"\u00dasp\u011b\u0161n\u00e1 sez\u00f3na na\u0161\u00ed fotbalov\u00e9 ml\u00e1de\u017ee!"},"content":{"rendered":"<p style=\"text-align: justify;\"><span style=\"font-family: helvetica, arial, sans-serif; font-size: 12pt;\">Velmi \u00fasp\u011b\u0161nou sez\u00f3nu maj\u00ed za sebou na\u0161e ml\u00e1de\u017enick\u00e1 mu\u017estva. Dorostenci projeli krajskou sout\u011b\u017e suver\u00e9nn\u011b, kdy\u017e jim na paty \u0161lapal pouze Doln\u00ed Bene\u0161ov. Na\u0161i hr\u00e1\u010di v&nbsp;cel\u00e9 sez\u00f3n\u011b prohr\u00e1li pouze dv\u011b utk\u00e1n\u00ed a zaslou\u017een\u011b si tak dokr\u00e1\u010deli pro prvenstv\u00ed v&nbsp;sout\u011b\u017ei a rovn\u011b\u017e pro pr\u00e1vo k&nbsp;postupu do krajsk\u00e9ho p\u0159eboru. Tato mo\u017enost je v\u0161ak nere\u00e1ln\u00e1, nebo\u0165 pro \u00fa\u010dast ve vy\u0161\u0161\u00ed sout\u011b\u017ei je nutn\u00e9 poskl\u00e1dat dv\u011b dorosteneck\u00e1 mu\u017estva, co\u017e je moment\u00e1ln\u011b v&nbsp;na\u0161ich podm\u00ednk\u00e1ch nere\u00e1ln\u00e9.<\/span><\/p>\n<p style=\"text-align: justify;\"><span style=\"font-family: helvetica, arial, sans-serif; font-size: 12pt;\">Postup do krajsk\u00e9ho p\u0159eboru v\u0161ak neminul na\u0161e \u017e\u00e1kovsk\u00e1 mu\u017estva, nebo\u0165 jak star\u0161\u00ed, tak mlad\u0161\u00ed \u017e\u00e1ci sv\u00e9 sout\u011b\u017ee s&nbsp;p\u0159ehledem vyhr\u00e1li. Star\u0161\u00ed \u017e\u00e1ci projeli celou sout\u011b\u017e bez por\u00e1\u017eky a jen dvakr\u00e1t remizovali. Mlad\u0161\u00ed \u017e\u00e1ci dokonce neztratili ani bod a stali se suver\u00e9nn\u00edmi v\u00edt\u011bzi sv\u00e9 sout\u011b\u017ee.<\/span><\/p>\n<p style=\"text-align: justify;\"><span style=\"font-family: helvetica, arial, sans-serif; font-size: 12pt;\">Veden\u00ed TJ Sokol touto cestou d\u011bkuje v\u0161em hr\u00e1\u010d\u016fm a tren\u00e9r\u016fm za skv\u011ble odvedenou pr\u00e1ci, za vzornou reprezentaci nejen na\u0161eho odd\u00edlu, ale cel\u00e9 obce Kobe\u0159ice. Z\u00e1rove\u0148 d\u011bkujeme rodi\u010d\u016fm a ostatn\u00edm lidem, kte\u0159\u00ed se jakkoliv pod\u00edleli na chodu mu\u017estev, a\u0165 u\u017e vo\u017een\u00edm sv\u00fdch d\u011bt\u00ed na tr\u00e9ninky, \u010di pouh\u00fdm fand\u011bn\u00edm. Moc si toho v\u00e1\u017e\u00edme a douf\u00e1me, \u017ee sv\u00e9 d\u011bti budete ve sportu podporovat i nad\u00e1le.<\/span><\/p>\n","protected":false},"excerpt":{"rendered":"<p>Velmi \u00fasp\u011b\u0161nou sez\u00f3nu maj\u00ed za sebou na\u0161e ml\u00e1de\u017enick\u00e1 mu\u017estva. Dorostenci projeli krajskou sout\u011b\u017e suver\u00e9nn\u011b, kdy\u017e jim na paty \u0161lapal pouze Doln\u00ed Bene\u0161ov. Na\u0161i hr\u00e1\u010di v&nbsp;cel\u00e9 sez\u00f3n\u011b<span class=\"excerpt-hellip\"> [\u2026]<\/span><\/p>\n","protected":false},"author":3,"featured_media":2634,"comment_status":"closed","ping_status":"open","sticky":false,"template":"","format":"standard","meta":{"ngg_post_thumbnail":0,"footnotes":""},"categories":[110,107,117,111],"tags":[],"class_list":["post-5281","post","type-post","status-publish","format-standard","has-post-thumbnail","hentry","category-dorost","category-fotbal","category-mladsi-zaci","category-starsi-zaci"],"_links":{"self":[{"href":"https:\/\/tjsokolkoberice.cz\/index.php?rest_route=\/wp\/v2\/posts\/5281","targetHints":{"allow":["GET"]}}],"collection":[{"href":"https:\/\/tjsokolkoberice.cz\/index.php?rest_route=\/wp\/v2\/posts"}],"about":[{"href":"https:\/\/tjsokolkoberice.cz\/index.php?rest_route=\/wp\/v2\/types\/post"}],"author":[{"embeddable":true,"href":"https:\/\/tjsokolkoberice.cz\/index.php?rest_route=\/wp\/v2\/users\/3"}],"replies":[{"embeddable":true,"href":"https:\/\/tjsokolkoberice.cz\/index.php?rest_route=%2Fwp%2Fv2%2Fcomments&post=5281"}],"version-history":[{"count":2,"href":"https:\/\/tjsokolkoberice.cz\/index.php?rest_route=\/wp\/v2\/posts\/5281\/revisions"}],"predecessor-version":[{"id":5285,"href":"https:\/\/tjsokolkoberice.cz\/index.php?rest_route=\/wp\/v2\/posts\/5281\/revisions\/5285"}],"wp:featuredmedia":[{"embeddable":true,"href":"https:\/\/tjsokolkoberice.cz\/index.php?rest_route=\/wp\/v2\/media\/2634"}],"wp:attachment":[{"href":"https:\/\/tjsokolkoberice.cz\/index.php?rest_route=%2Fwp%2Fv2%2Fmedia&parent=5281"}],"wp:term":[{"taxonomy":"category","embeddable":true,"href":"https:\/\/tjsokolkoberice.cz\/index.php?rest_route=%2Fwp%2Fv2%2Fcategories&post=5281"},{"taxonomy":"post_tag","embeddable":true,"href":"https:\/\/tjsokolkoberice.cz\/index.php?rest_route=%2Fwp%2Fv2%2Ftags&post=5281"}],"curies":[{"name":"wp","href":"https:\/\/api.w.org\/{rel}","templated":true}]}}