{"id":5314,"date":"2018-07-25T16:26:46","date_gmt":"2018-07-25T15:26:46","guid":{"rendered":"https:\/\/tjsokolkoberice.cz\/?p=5314"},"modified":"2025-10-14T11:54:21","modified_gmt":"2025-10-14T10:54:21","slug":"ohlednuti-za-sportovni-slavnosti-2018","status":"publish","type":"post","link":"https:\/\/tjsokolkoberice.cz\/?p=5314","title":{"rendered":"Ohl\u00e9dnut\u00ed za Sportovn\u00ed slavnost\u00ed 2018"},"content":{"rendered":"<p style=\"text-align: justify;\"><span style=\"font-family: helvetica, arial, sans-serif; font-size: 12pt;\">T\u0159et\u00ed \u010dervencov\u00fd v\u00edkend se nesl v&nbsp;duchu Sportovn\u00ed slavnosti po\u0159\u00e1danou v\u00fdkonn\u00fdm v\u00fdborem TJ Sokol Kobe\u0159ice, a to v term\u00ednu 13. \u2013 15. 7. 2018. P\u0159\u00edprava na t\u0159\u00eddenn\u00ed maraton z\u00e1bavy, sportu a kultury se s&nbsp;sebou nesl m\u011bs\u00edce p\u0159\u00edprav, zejm\u00e9na posledn\u00ed t\u00fddny p\u0159ed akc\u00ed p\u0159\u00edpravy vrcholily a nab\u00edraly na intenzit\u011b.<\/span><\/p>\n<p style=\"text-align: justify;\"><span style=\"font-family: helvetica, arial, sans-serif; font-size: 12pt;\">Tah\u00e1kem leto\u0161n\u00edch slavnost\u00ed byl bezpochyby hned prvn\u00ed den, kdy jsme n\u00e1v\u0161t\u011bvn\u00edky l\u00e1kali na koncert slovensk\u00e9 skupiny <strong>NO NAME<\/strong>. Spolupr\u00e1ce s&nbsp;kapelou byla domlouv\u00e1na ji\u017e s&nbsp;ro\u010dn\u00edm p\u0159edstihem, stejn\u011b tak se \u0159e\u0161ily technick\u00e9 podm\u00ednky a z\u00e1zem\u00ed pro kapelu tak, aby vystoupen\u00ed prob\u011bhlo hladce, dle vz\u00e1jemn\u00e9 domluvy a ke spokojenosti obou stran.<\/span><\/p>\n<p style=\"text-align: justify;\"><span style=\"font-family: helvetica, arial, sans-serif; font-size: 12pt;\">Slavnosti ale zah\u00e1jil koncert p\u0159edkapely z&nbsp;Prahy s&nbsp;n\u00e1zvem Lety Mimo. Toto pop-rockov\u00e9 seskupen\u00ed sv\u00fdmi p\u00edsn\u011bmi skv\u011ble naladilo poslucha\u010de na hlavn\u00ed koncert, a my jsme byli r\u00e1di, \u017ee na\u0161e pozv\u00e1n\u00ed p\u0159ijali. V&nbsp;Kobe\u0159ic\u00edch se jim hr\u00e1lo skv\u011ble a zahr\u00e1t si p\u0159ed headlinerem brali jako v\u00fdzvu, kterou necht\u011bli odm\u00edtnout. Po tomto hodinov\u00e9m vystoupen\u00ed s&nbsp;\u00faderem 22 hodiny se ji\u017e na p\u00f3diu objevil n\u00e1\u0161 hlavn\u00ed host a \u201etahoun\u201c cel\u00e9ho ve\u010dera, kapela NO NAME.<\/span><\/p>\n<p style=\"text-align: justify;\"><span style=\"font-family: helvetica, arial, sans-serif; font-size: 12pt;\"><strong>NO NAME<\/strong> vystoupili v&nbsp;Kobe\u0159ic\u00edch poprv\u00e9 a my v\u011b\u0159\u00edme, \u017ee snad ne naposledy. Koncert p\u0159il\u00e1kalo do are\u00e1lu TJ Sokol stovky n\u00e1v\u0161t\u011bvn\u00edk\u016f z&nbsp;Kobe\u0159ic i bl\u00edzk\u00e9ho okol\u00ed. Charismatick\u00fd frontman kapely Igor Timko sv\u00fdm temperamentn\u00edm vystupov\u00e1n\u00edm dostal v\u0161echny p\u0159\u00edtomn\u00e9 do skv\u011bl\u00e9 n\u00e1lady, a to hned od prvn\u00edch t\u00f3n\u016f \u00favodn\u00ed p\u00edsni\u010dky. Jeho bezchybn\u00fd zp\u011bv, tanec na p\u00f3diu a vtipn\u00e9 koment\u00e1\u0159e sm\u011brem k publiku se postaraly o \u201enabu\u0161en\u00fdch\u201c 80 minut z\u00e1bavy a skv\u011bl\u00e9 hudby. P\u00edsn\u011b jako Lekn\u00e1, \u017dily, Povedz mi, \u017divot a mnoho dal\u0161\u00edch se rozl\u00e9haly are\u00e1lem s&nbsp;mistrovsk\u00fdm zvukem, o kter\u00fd se postarali na\u0161i zvuka\u0159i a zejm\u00e9na zvuka\u0159 kapely NO NAME, pan Gajdo\u0161.<\/span><\/p>\n<p style=\"text-align: justify;\"><span style=\"font-family: helvetica, arial, sans-serif; font-size: 12pt;\">Jeliko\u017e se ihned po ukon\u010den\u00ed koncertu kapela vyj\u00e1d\u0159ila, \u017ee se jim u n\u00e1s hr\u00e1lo skv\u011ble a vzhledem k tomu, \u017ee koncert p\u0159il\u00e1kal stovky n\u00e1v\u0161t\u011bvn\u00edk\u016f m\u016f\u017eeme konstatovat, \u017ee v\u00fdb\u011br na\u0161eho hlavn\u00edho hudebn\u00edho hosta byl \u201etrefou do \u010dern\u00e9ho\u201c, za co\u017e jsme r\u00e1di a d\u011bkujeme v\u0161em, kte\u0159\u00ed na koncert p\u0159i\u0161li J.<\/span><\/p>\n<p style=\"text-align: justify;\"><span style=\"font-family: helvetica, arial, sans-serif; font-size: 12pt;\">Po koncert\u011b se n\u011bkolika fanou\u0161k\u016fm poda\u0159ilo s&nbsp;kapelou i vyfotografovat, co\u017e p\u016fvodn\u011b v&nbsp;pl\u00e1nu nebylo, tak\u017ee si n\u011bkte\u0159\u00ed z&nbsp;koncertu odvezli i suven\u00fdr J.<\/span><\/p>\n<p style=\"text-align: justify;\"><span style=\"font-family: helvetica, arial, sans-serif; font-size: 12pt;\">Bezprost\u0159edn\u011b po koncert\u011b nav\u00e1zal na z\u00e1bavu DJ \u201eMC Martin Hrade\u010dn\u00fd\u201c z&nbsp;Krnova, kter\u00fd \u201erozjet\u00e9\u201c fanou\u0161ky bavil a\u017e do pozdn\u00edch rann\u00edch hodin.<\/span><\/p>\n<p style=\"text-align: justify;\"><span style=\"font-family: helvetica, arial, sans-serif; font-size: 12pt;\">Sobotn\u00ed program byl v\u00edce v&nbsp;re\u017eii sportu. Od 10 hodin se zah\u00e1jily turnaje v&nbsp;beachvolejbalu a mal\u00e9 kopan\u00e9, kter\u00e9 se dohr\u00e1valy a\u017e do pozd\u011bj\u0161\u00edch odpoledn\u00edch hodin. Ve\u010der byl d\u00e1n prostor op\u011bt z\u00e1bav\u011b, a to v&nbsp;podob\u011b diskot\u00e9ky s&nbsp;DJ \u201eP\u00e1ni kluci\u201c.<\/span><\/p>\n<p style=\"text-align: justify;\">&nbsp;<\/p>\n<p style=\"text-align: justify;\"><span style=\"font-family: helvetica, arial, sans-serif; font-size: 12pt;\">Ned\u011ble byla rovn\u011b\u017e v\u00edcem\u00e9n\u011b sportovn\u011b nabit\u00e1. Odehr\u00e1ly se fotbalov\u00e9 z\u00e1pasy \u017e\u00e1k\u016f proti rodi\u010d\u016fm, mu\u017ei na\u0161eho Opavska se utkali se starou gardou z Opavy a dorostenci si zahr\u00e1li turnaj s&nbsp;mu\u017estvy z&nbsp;okol\u00ed. Hlavn\u00ed fotbalov\u00fd z\u00e1pas za\u010dal v&nbsp;17 hodin, kdy se FC Hlu\u010d\u00edn utkal s&nbsp;SFC Opava \u201eB\u201c. Po hlavn\u00edm utk\u00e1n\u00ed se od 19 hodin konalo ji\u017e tradi\u010dn\u00ed slosov\u00e1n\u00ed v\u011bcn\u00e9 tomboly. Na z\u00e1v\u011br slavnosti dostal prostor op\u011bt kulturn\u00ed program, a to v&nbsp;pod\u00e1n\u00ed kapely D-rock, kter\u00e1 \u00faderem p\u016flnoci ukon\u010dila sv\u016fj koncert i slavnost jako takovou.<\/span><\/p>\n<p style=\"text-align: justify;\"><span style=\"font-family: helvetica, arial, sans-serif; font-size: 12pt;\">B\u011bhem cel\u00fdch slavnost\u00ed byl pro d\u011bti p\u0159ipraven lunapark, ve st\u00e1nc\u00edch s&nbsp;ob\u010derstven\u00edm prod\u00e1vali na\u0161i sportovci a sportovkyn\u011b (za co\u017e jim pat\u0159\u00ed velik\u00fd d\u00edk), a tak jsme op\u011bt po roce byli sv\u011bdky \u00fasp\u011b\u0161n\u00e9 akce, kter\u00e1 m\u00e1 ji\u017e v&nbsp;Kobe\u0159ic\u00edch tradici J.<\/span><\/p>\n<p style=\"text-align: justify;\"><span style=\"font-family: helvetica, arial, sans-serif; font-size: 12pt;\">Jak bylo ji\u017e zm\u00edn\u011bno, organizace cel\u00e9 akce je z\u00e1le\u017eitost\u00ed n\u011bkolika m\u011bs\u00ed\u010dn\u00edch p\u0159\u00edprav. Akci po\u0159\u00e1d\u00e1 TJ Sokol \u201ena svou vlastn\u00ed p\u011bst\u201c, bez sponzor\u016f, na sv\u00e9 vlastn\u00ed n\u00e1klady a v\u0161ichni zainteresovan\u00ed pracuj\u00ed zdarma. Proto ka\u017ed\u00fd ro\u010dn\u00edk je v&nbsp;ur\u010dit\u00e9m smyslu slova risk. Zda v\u00e1s \u2013 n\u00e1v\u0161t\u011bvn\u00edky zaujme n\u00e1mi nab\u00edzen\u00fd program a p\u0159ijdete podpo\u0159it nejen slo\u017eku TJ, ale zejm\u00e9na na\u0161i snahu p\u0159in\u00e9st do Kobe\u0159ic z\u00e1bavu a kulturu \u201etrochu jinak\u201c.<\/span><\/p>\n<p style=\"text-align: justify;\"><span style=\"font-family: helvetica, arial, sans-serif; font-size: 12pt;\">Z&nbsp;pozice \u010dlena v\u00fdboru TJ a kulturn\u00edho referenta mus\u00edm \u0159\u00edci, \u017ee ka\u017ed\u00fdm rokem je po\u0159\u00e1d\u00e1n\u00ed slavnosti po organiza\u010dn\u00ed str\u00e1nce n\u00e1ro\u010dn\u011bj\u0161\u00ed a n\u00e1ro\u010dn\u011bj\u0161\u00ed. \u201eZavd\u011b\u010dit\u201c se co nejv\u011bt\u0161\u00edmu po\u010dtu lid\u00ed je prakticky nemo\u017en\u00e9 a n\u00e1zory na na\u0161i pr\u00e1ci se samoz\u0159ejm\u011b r\u016fzn\u00ed. N\u011bkdy v\u011bci nevyjdou podle na\u0161ich p\u0159edstav, ale bez rizika a zdrav\u00e9 d\u00e1vky sebev\u011bdom\u00ed nem\u016f\u017eeme akci zlep\u0161ovat a posouvat ji d\u00e1l.<\/span><\/p>\n<p style=\"text-align: justify;\"><span style=\"font-family: helvetica, arial, sans-serif; font-size: 12pt;\">D\u011bkuji za negativn\u00ed reakce, kter\u00e9 reflektujeme a v\u011b\u0159\u00edme, \u017ee dok\u00e1\u017e\u00ed akci do budoucna zlep\u0161it. Z\u00e1rove\u0148 d\u011bkuji za pozitivn\u00ed zp\u011btn\u00e9 vazby na na\u0161i pr\u00e1ci, proto\u017ee to je t\u00edm nejlep\u0161\u00edm motorem, kter\u00fd n\u00e1s \u017eene vp\u0159ed a uji\u0161\u0165uje n\u00e1s, \u017ee ta mnohdy \u201enevd\u011b\u010dn\u00e1\u201c pr\u00e1ce za to opravdu stoj\u00ed J.<\/span><\/p>\n<p style=\"text-align: justify;\"><span style=\"font-family: helvetica, arial, sans-serif; font-size: 12pt;\">Proto moc d\u011bkuji v\u0161em, kte\u0159\u00ed se na po\u0159\u00e1d\u00e1n\u00ed t\u00e9to akce pod\u00edlej\u00ed, zejm\u00e9na pak v\u0161em koleg\u016fm z&nbsp;v\u00fdkonn\u00e9ho v\u00fdboru.<\/span><\/p>\n<p style=\"text-align: justify;\"><span style=\"font-family: helvetica, arial, sans-serif; font-size: 12pt;\">P\u0159\u00ed\u0161t\u00ed rok je pro n\u00e1s v\u00fdzvou. TJ Sokol oslav\u00ed 95.let od sv\u00e9ho vzniku a my v\u00e1m chceme nab\u00eddnout v\u00edc\u2026 Proto v\u011b\u0159\u00edme, \u017ee si k&nbsp;n\u00e1m za rok op\u011bt najdete cestu, p\u0159ijdete podpo\u0159it na\u0161i pr\u00e1ci a budete se bavit nejen na Sportovn\u00ed slavnosti, na jej\u00ed\u017e p\u0159\u00edprav\u011b u\u017e te\u010f piln\u011b pracujeme J.<\/span><\/p>\n<p style=\"text-align: justify;\">&nbsp;<\/p>\n<p style=\"text-align: justify;\"><span style=\"font-family: helvetica, arial, sans-serif; font-size: 12pt;\"><strong>Mgr. Marie Stuchl\u00edkov\u00e1<\/strong><\/span><\/p>\n<p style=\"text-align: justify;\"><span style=\"font-family: helvetica, arial, sans-serif; font-size: 12pt;\"><em>Kulturn\u00ed referent TJ Sokol Kobe\u0159ice<\/em><\/span><\/p>\n<p style=\"text-align: justify;\"><span style=\"font-family: helvetica, arial, sans-serif; font-size: 12pt;\"><strong>&nbsp;<\/strong><\/span><\/p>\n<p style=\"text-align: justify;\"><span style=\"font-family: helvetica, arial, sans-serif; font-size: 12pt;\">O fotografie z&nbsp;p\u00e1te\u010dn\u00ed akce se postaral Va\u0161ek Kr\u00e1l\u00edk a m\u016f\u017eete si je prohl\u00e9dnout zde:<\/span><\/p>\n<p style=\"text-align: justify;\"><span style=\"font-family: helvetica, arial, sans-serif; font-size: 12pt; color: #003366;\"><a style=\"color: #003366;\" href=\"https:\/\/drive.google.com\/drive\/folders\/1UtdQLTWGQqSCMItFkgmswX_arnTImeIa?usp=sharing\">https:\/\/drive.google.com\/drive\/folders\/1UtdQLTWGQqSCMItFkgmswX_arnTImeIa?usp=sharing<\/a><\/span><\/p>\n","protected":false},"excerpt":{"rendered":"<p>T\u0159et\u00ed \u010dervencov\u00fd v\u00edkend se nesl v&nbsp;duchu Sportovn\u00ed slavnosti po\u0159\u00e1danou v\u00fdkonn\u00fdm v\u00fdborem TJ Sokol Kobe\u0159ice, a to v term\u00ednu 13. \u2013 15. 7. 2018. P\u0159\u00edprava na t\u0159\u00eddenn\u00ed<span class=\"excerpt-hellip\"> [\u2026]<\/span><\/p>\n","protected":false},"author":3,"featured_media":1886,"comment_status":"closed","ping_status":"open","sticky":false,"template":"","format":"standard","meta":{"ngg_post_thumbnail":0,"footnotes":""},"categories":[127,150],"tags":[],"class_list":["post-5314","post","type-post","status-publish","format-standard","has-post-thumbnail","hentry","category-kulturni-akce","category-vse"],"_links":{"self":[{"href":"https:\/\/tjsokolkoberice.cz\/index.php?rest_route=\/wp\/v2\/posts\/5314","targetHints":{"allow":["GET"]}}],"collection":[{"href":"https:\/\/tjsokolkoberice.cz\/index.php?rest_route=\/wp\/v2\/posts"}],"about":[{"href":"https:\/\/tjsokolkoberice.cz\/index.php?rest_route=\/wp\/v2\/types\/post"}],"author":[{"embeddable":true,"href":"https:\/\/tjsokolkoberice.cz\/index.php?rest_route=\/wp\/v2\/users\/3"}],"replies":[{"embeddable":true,"href":"https:\/\/tjsokolkoberice.cz\/index.php?rest_route=%2Fwp%2Fv2%2Fcomments&post=5314"}],"version-history":[{"count":3,"href":"https:\/\/tjsokolkoberice.cz\/index.php?rest_route=\/wp\/v2\/posts\/5314\/revisions"}],"predecessor-version":[{"id":5317,"href":"https:\/\/tjsokolkoberice.cz\/index.php?rest_route=\/wp\/v2\/posts\/5314\/revisions\/5317"}],"wp:featuredmedia":[{"embeddable":true,"href":"https:\/\/tjsokolkoberice.cz\/index.php?rest_route=\/wp\/v2\/media\/1886"}],"wp:attachment":[{"href":"https:\/\/tjsokolkoberice.cz\/index.php?rest_route=%2Fwp%2Fv2%2Fmedia&parent=5314"}],"wp:term":[{"taxonomy":"category","embeddable":true,"href":"https:\/\/tjsokolkoberice.cz\/index.php?rest_route=%2Fwp%2Fv2%2Fcategories&post=5314"},{"taxonomy":"post_tag","embeddable":true,"href":"https:\/\/tjsokolkoberice.cz\/index.php?rest_route=%2Fwp%2Fv2%2Ftags&post=5314"}],"curies":[{"name":"wp","href":"https:\/\/api.w.org\/{rel}","templated":true}]}}