{"id":5341,"date":"2018-08-07T14:55:53","date_gmt":"2018-08-07T13:55:53","guid":{"rendered":"https:\/\/tjsokolkoberice.cz\/?p=5341"},"modified":"2025-10-14T11:54:08","modified_gmt":"2025-10-14T10:54:08","slug":"zmeny-v-kadru-a-muzstva-pred-sezonou-20182019","status":"publish","type":"post","link":"https:\/\/tjsokolkoberice.cz\/?p=5341","title":{"rendered":"Zm\u011bny v k\u00e1dru A mu\u017estva p\u0159ed sezonou 2018\/2019"},"content":{"rendered":"<p style=\"text-align: justify;\"><span style=\"font-family: helvetica, arial, sans-serif; font-size: 12pt;\">P\u0159ed zah\u00e1jen\u00edm nov\u00e9ho ro\u010dn\u00edku 1. A t\u0159\u00eddy do\u0161lo k n\u011bkolika zm\u011bn\u00e1m v k\u00e1dru A mu\u017estva. Nejciteln\u011bj\u0161\u00ed ztr\u00e1tou je, doufejme do\u010dasn\u00e9, p\u0159eru\u0161en\u00ed aktivn\u00ed kari\u00e9ry Honzy Schreiera. Svou kari\u00e9ru v A mu\u017estvu rovn\u011b\u017e ukon\u010dili brank\u00e1\u0159 Radek Ziegl, z\u00e1lo\u017en\u00edk Pavel Hlavenka a obr\u00e1nce David Mrva. Do Old\u0159i\u0161ova ode\u0161el Jakub Jan\u00edk a kv\u016fli vlekl\u00fdm zdravotn\u00edm pot\u00ed\u017e\u00edm zat\u00edm nepokra\u010duje ani Jan Havelka. V\u0161em t\u011bmto hr\u00e1\u010d\u016fm velmi d\u011bkujeme za odveden\u00e9 slu\u017eby pro TJ Sokol Kobe\u0159ice.<\/span><\/p>\n<div style=\"text-align: justify;\"><span style=\"font-family: helvetica, arial, sans-serif; font-size: 12pt;\">Nov\u00fdmi tv\u00e1\u0159emi v k\u00e1dru pro novou sezonu jsou hn\u011bvo\u0161ick\u00fd odchovanec \u017eij\u00edc\u00ed v Kobe\u0159ic\u00edch Pavel \u0160evior a navr\u00e1tilec z opavsk\u00e9ho dorostu Patrik Hartmann. K mu\u017estvu se p\u0159ipojili tak\u00e9 Daniel Petro\u0161, Jan \u010cujek a brank\u00e1\u0159 Petr Schlischka. Nov\u00e9 hr\u00e1\u010de v Kobe\u0159ic\u00edch v\u00edt\u00e1me a p\u0159ejeme jim hodn\u011b sportovn\u00edch \u00fasp\u011bch\u016f v kobe\u0159ick\u00e9m dresu.<\/span><\/div>\n<div style=\"text-align: justify;\">&nbsp;<\/div>\n<div style=\"text-align: justify;\"><span style=\"font-family: helvetica, arial, sans-serif; font-size: 12pt;\"><b>Aktu\u00e1ln\u00ed slo\u017een\u00ed k\u00e1dru pro sez\u00f3nu 2018\/2019<\/b><\/span><\/div>\n<div style=\"text-align: justify;\">&nbsp;<\/div>\n<div style=\"text-align: justify;\"><span style=\"font-family: helvetica, arial, sans-serif; font-size: 12pt;\"><b>Brank\u00e1\u0159i:<\/b>&nbsp;Petr \u0160tencel, Petr Schlischka<\/span><\/div>\n<div style=\"text-align: justify;\"><span style=\"font-family: helvetica, arial, sans-serif; font-size: 12pt;\"><b>Obr\u00e1nci:<\/b>&nbsp;Filip Kollek, Jan Buchta, Ren\u00e9 Wirth, Patrik Hartmann, Daniel Petro\u0161<\/span><\/div>\n<div style=\"text-align: justify;\"><span style=\"font-family: helvetica, arial, sans-serif; font-size: 12pt;\"><b>Z\u00e1lo\u017en\u00edci:<\/b>&nbsp;Pavel \u0160evior, Robin Wirth, Petr Stuchl\u00edk, Zden\u011bk Kry\u0161tof, Patrik Mezera, Radim Stuchl\u00edk, Anton\u00edn Kubn\u00fd<\/span><\/div>\n<div style=\"text-align: justify;\"><span style=\"font-family: helvetica, arial, sans-serif; font-size: 12pt;\"><b>\u00dato\u010dn\u00edci:<\/b>&nbsp;Jan Oberherr, Adam \u0160ime\u010dek, Martin St\u0159\u00edbn\u00fd<\/span><\/div>\n<div style=\"text-align: justify;\"><span style=\"font-family: helvetica, arial, sans-serif; font-size: 12pt;\"><b>Tren\u00e9r:<\/b>&nbsp;Tom\u00e1\u0161 Kamr\u00e1d,&nbsp;<b>vedouc\u00ed:<\/b>&nbsp;Ji\u0159\u00ed Zbo\u0159il<\/span><\/div>\n","protected":false},"excerpt":{"rendered":"<p>P\u0159ed zah\u00e1jen\u00edm nov\u00e9ho ro\u010dn\u00edku 1. A t\u0159\u00eddy do\u0161lo k n\u011bkolika zm\u011bn\u00e1m v k\u00e1dru A mu\u017estva. Nejciteln\u011bj\u0161\u00ed ztr\u00e1tou je, doufejme do\u010dasn\u00e9, p\u0159eru\u0161en\u00ed aktivn\u00ed kari\u00e9ry Honzy Schreiera. Svou<span class=\"excerpt-hellip\"> [\u2026]<\/span><\/p>\n","protected":false},"author":3,"featured_media":4589,"comment_status":"closed","ping_status":"open","sticky":false,"template":"","format":"standard","meta":{"ngg_post_thumbnail":0,"footnotes":""},"categories":[115,107],"tags":[],"class_list":["post-5341","post","type-post","status-publish","format-standard","has-post-thumbnail","hentry","category-a-tym","category-fotbal"],"_links":{"self":[{"href":"https:\/\/tjsokolkoberice.cz\/index.php?rest_route=\/wp\/v2\/posts\/5341","targetHints":{"allow":["GET"]}}],"collection":[{"href":"https:\/\/tjsokolkoberice.cz\/index.php?rest_route=\/wp\/v2\/posts"}],"about":[{"href":"https:\/\/tjsokolkoberice.cz\/index.php?rest_route=\/wp\/v2\/types\/post"}],"author":[{"embeddable":true,"href":"https:\/\/tjsokolkoberice.cz\/index.php?rest_route=\/wp\/v2\/users\/3"}],"replies":[{"embeddable":true,"href":"https:\/\/tjsokolkoberice.cz\/index.php?rest_route=%2Fwp%2Fv2%2Fcomments&post=5341"}],"version-history":[{"count":1,"href":"https:\/\/tjsokolkoberice.cz\/index.php?rest_route=\/wp\/v2\/posts\/5341\/revisions"}],"predecessor-version":[{"id":5342,"href":"https:\/\/tjsokolkoberice.cz\/index.php?rest_route=\/wp\/v2\/posts\/5341\/revisions\/5342"}],"wp:featuredmedia":[{"embeddable":true,"href":"https:\/\/tjsokolkoberice.cz\/index.php?rest_route=\/wp\/v2\/media\/4589"}],"wp:attachment":[{"href":"https:\/\/tjsokolkoberice.cz\/index.php?rest_route=%2Fwp%2Fv2%2Fmedia&parent=5341"}],"wp:term":[{"taxonomy":"category","embeddable":true,"href":"https:\/\/tjsokolkoberice.cz\/index.php?rest_route=%2Fwp%2Fv2%2Fcategories&post=5341"},{"taxonomy":"post_tag","embeddable":true,"href":"https:\/\/tjsokolkoberice.cz\/index.php?rest_route=%2Fwp%2Fv2%2Ftags&post=5341"}],"curies":[{"name":"wp","href":"https:\/\/api.w.org\/{rel}","templated":true}]}}