{"id":5346,"date":"2018-08-09T18:46:21","date_gmt":"2018-08-09T17:46:21","guid":{"rendered":"https:\/\/tjsokolkoberice.cz\/?p=5346"},"modified":"2025-10-14T11:54:08","modified_gmt":"2025-10-14T10:54:08","slug":"zacina-novy-fotbalovy-rocnik-nasich-muzstev","status":"publish","type":"post","link":"https:\/\/tjsokolkoberice.cz\/?p=5346","title":{"rendered":"Za\u010d\u00edn\u00e1 nov\u00fd fotbalov\u00fd ro\u010dn\u00edk na\u0161ich mu\u017estev"},"content":{"rendered":"<p style=\"text-align: justify;\"><span style=\"font-size: 12pt;\"><em><span style=\"font-family: helvetica, arial, sans-serif;\">Ji\u017e tento v\u00edkend za\u010d\u00edn\u00e1 nov\u00fd ro\u010dn\u00edk krajsk\u00e9 sout\u011b\u017ee I.A t\u0159\u00eddy. Na\u0161i fotbalist\u00e9 A mu\u017estva do n\u011bj vstoup\u00ed utk\u00e1n\u00edm v&nbsp;dom\u00e1c\u00edm prost\u0159ed\u00ed s&nbsp;celkem Velk\u00fdch Heraltic, kter\u00e9 v&nbsp;minul\u00e9m ro\u010dn\u00edku p\u0159ekvapily a jako nov\u00e1\u010dek obsadili 3. m\u00edsto. Velmi atraktivn\u00ed budou tak\u00e9 dal\u0161\u00ed soupe\u0159i, jako jsou nap\u0159\u00edklad postupuj\u00edc\u00ed \u0160t\u011bp\u00e1nkovice,&nbsp;Chlebi\u010dov, Bolatice \u010di&nbsp;Krava\u0159e.<\/span><\/em><\/span><\/p>\n<p style=\"text-align: justify;\"><span style=\"font-size: 12pt;\"><em><span style=\"font-family: helvetica, arial, sans-serif;\">P\u0159ejeme na\u0161im fotbalist\u016fm, aby se jim vstup do podzimn\u00ed \u010d\u00e1sti vyda\u0159il a aby se jim da\u0159ilo po cel\u00fd pr\u016fb\u011bh ro\u010dn\u00edku 2018-2019.<\/span><\/em><\/span><\/p>\n<p style=\"text-align: justify;\"><span style=\"font-family: helvetica, arial, sans-serif; font-size: 12pt;\"><u><\/u><span style=\"font-size: 14pt; color: #000080;\">Za\u010d\u00edn\u00e1me v&nbsp;dom\u00e1c\u00edm prost\u0159ed\u00ed s&nbsp;Velk\u00fdmi Heralticemi<\/span><\/span><\/p>\n<p style=\"text-align: justify;\"><span style=\"font-family: helvetica, arial, sans-serif; font-size: 12pt;\">Po s\u00e9ri\u00ed p\u0159\u00edpravn\u00fdch utk\u00e1n\u00ed budou na\u0161i fotbalist\u00e9 A mu\u017estva hr\u00e1t prvn\u00ed mistrovsk\u00fd z\u00e1pas nov\u00e9ho ro\u010dn\u00edku I.A t\u0159\u00eddy v&nbsp;dom\u00e1c\u00edm prost\u0159ed\u00ed s&nbsp;celkem Velk\u00fdch Heraltic. V&nbsp;minul\u00e9m sout\u011b\u017en\u00edm ro\u010dn\u00edku jsme nejd\u0159\u00edve na hostuj\u00edc\u00ed p\u016fd\u011b remizovali 1:1, kdy\u017e jedinou branku dal Kry\u0161tof Zden\u011bk. V &nbsp;odvet\u011b v&nbsp;dom\u00e1c\u00edm prost\u0159ed\u00ed jsme celek Velk\u00fdch Heraltic porazili 3:1, kdy\u017e na\u0161e branky dali \u0160ime\u010dek Adam a 2x sk\u00f3roval Mezera Patrik. Je\u0161t\u011b p\u0159ipom\u00edn\u00e1me, \u017ee n\u00e1\u0161 soupe\u0159 v&nbsp;minul\u00e9 fotbalov\u00e9 sez\u00f3n\u011b obsadil jako nov\u00e1\u010dek sout\u011b\u017ee 3. m\u00edsto se ziskem 45 bod\u016f, kdy\u017e 14 z\u00e1pas\u016f vyhr\u00e1l, 3 remizoval a v&nbsp;9 x prohr\u00e1l.<\/span><\/p>\n<p style=\"text-align: justify;\"><span style=\"font-family: helvetica, arial, sans-serif; font-size: 12pt;\">Na\u0161i fotbalist\u00e9 obsadili 4. m\u00edsto o bod za dne\u0161n\u00edm soupe\u0159em, kdy\u017e 13x vyhr\u00e1li, 5x remizovali a 8x prohr\u00e1li. \u00davodn\u00ed utk\u00e1n\u00ed m\u016f\u017ee uk\u00e1zat, jak jsou jednotliv\u00ed akt\u00e9\u0159i na novou sez\u00f3nu p\u0159ipraven\u00ed. V\u011b\u0159me, \u017ee jsme se p\u0159ipravili dob\u0159e a dobr\u00e1 a sv\u011bdomit\u00e1 p\u0159\u00edprava se projev\u00ed tak\u00e9 v&nbsp;samotn\u00fdch utk\u00e1n\u00edch. Pr\u00e1v\u011b na \u00favodn\u00edm utk\u00e1n\u00ed m\u016f\u017ee hodn\u011b z\u00e1le\u017eet, nebo\u0165 jeho v\u00fdsledek m\u016f\u017ee b\u00fdt velmi d\u016fle\u017eit\u00fdm odrazov\u00fdm m\u016fstkem i pro dal\u0161\u00ed utk\u00e1n\u00ed. V\u011b\u0159me, \u017ee se nejen v&nbsp;tomto utk\u00e1n\u00ed bude na\u0161im fotbalist\u016fm da\u0159it a p\u0159edvedou v\u00fdkon, kter\u00fd uspokoj\u00ed ka\u017ed\u00e9ho n\u00e1ro\u010dn\u00e9ho fandu na\u0161eho celku. Proto nebojme se na\u0161e fotbalisty v&nbsp;prvn\u00edm d\u016fle\u017eit\u00e9m utk\u00e1n\u00ed podpo\u0159it. Kobe\u0159ice&nbsp; do toho !!!<\/span><\/p>\n<p style=\"text-align: justify;\"><span style=\"font-size: 12pt;\">&nbsp;<\/span><\/p>\n<p style=\"text-align: justify;\"><span style=\"font-family: helvetica, arial, sans-serif; font-size: 12pt;\"><strong><u>Program IA.t\u0159\u00eddy v&nbsp;tomto a p\u0159\u00ed\u0161t\u00edm &nbsp;kole<\/u><\/strong><\/span><\/p>\n<table width=\"0\">\n<tbody>\n<tr>\n<td width=\"227\"><span style=\"font-family: helvetica, arial, sans-serif; font-size: 12pt;\">Such\u00e9 Lazce &#8211; Jakub\u010dovice<\/span><\/td>\n<td width=\"285\"><span style=\"font-family: helvetica, arial, sans-serif; font-size: 12pt;\">Velk\u00e9 Heraltice &#8211; Mokr\u00e9 Lazce<\/span><\/td>\n<\/tr>\n<tr>\n<td width=\"227\"><span style=\"font-family: helvetica, arial, sans-serif; font-size: 12pt;\">Ludge\u0159ovice &#8211; V\u0159esina<\/span><\/td>\n<td width=\"285\"><span style=\"font-family: helvetica, arial, sans-serif; font-size: 12pt;\"><strong>Fulnek<\/strong> &#8211; <strong>Kobe\u0159ice<\/strong><\/span><\/td>\n<\/tr>\n<tr>\n<td width=\"227\"><span style=\"font-family: helvetica, arial, sans-serif; font-size: 12pt;\"><strong>Kobe\u0159ice<\/strong> &#8211; <strong>Velk\u00e9 Heraltice<\/strong><\/span><\/td>\n<td width=\"285\"><span style=\"font-family: helvetica, arial, sans-serif; font-size: 12pt;\">Jakub\u010dovice &#8211; Bolatice<\/span><\/td>\n<\/tr>\n<tr>\n<td width=\"227\"><span style=\"font-family: helvetica, arial, sans-serif; font-size: 12pt;\">Mokr\u00e9 Lazce &#8211; \u0160t\u011bp\u00e1nkovice<\/span><\/td>\n<td width=\"285\"><span style=\"font-family: helvetica, arial, sans-serif; font-size: 12pt;\">Krava\u0159e &#8211; Such\u00e9 Lazce<\/span><\/td>\n<\/tr>\n<tr>\n<td width=\"227\"><span style=\"font-family: helvetica, arial, sans-serif; font-size: 12pt;\">Slavkov &#8211; Chlebi\u010dov<\/span><\/td>\n<td width=\"285\"><span style=\"font-family: helvetica, arial, sans-serif; font-size: 12pt;\">V\u0159esina &#8211; Darkovi\u010dky<\/span><\/td>\n<\/tr>\n<tr>\n<td width=\"227\"><span style=\"font-family: helvetica, arial, sans-serif; font-size: 12pt;\">Darkovi\u010dky &#8211; Krava\u0159e<\/span><\/td>\n<td width=\"285\"><span style=\"font-family: helvetica, arial, sans-serif; font-size: 12pt;\">Slavkov &#8211; Ludge\u0159ovice<\/span><\/td>\n<\/tr>\n<tr>\n<td width=\"227\"><span style=\"font-family: helvetica, arial, sans-serif; font-size: 12pt;\">Bolatice &#8211; Fulnek<\/span><\/td>\n<td width=\"285\"><span style=\"font-family: helvetica, arial, sans-serif; font-size: 12pt;\">\u0160t\u011bp\u00e1nkovice &#8211; Chlebi\u010dov<\/span><\/td>\n<\/tr>\n<\/tbody>\n<\/table>\n<p style=\"text-align: justify;\"><span style=\"font-family: helvetica, arial, sans-serif; font-size: 12pt;\"><strong>&nbsp;<\/strong><\/span><\/p>\n<p style=\"text-align: justify;\"><span style=\"font-family: helvetica, arial, sans-serif; font-size: 14pt; color: #000080;\">Mu\u017ei \u201eB\u201c hraj\u00ed na h\u0159i\u0161ti Slu\u017eovic<\/span><\/p>\n<p style=\"text-align: justify;\"><span style=\"font-family: helvetica, arial, sans-serif; font-size: 12pt;\">Mu\u017estvo Slu\u017eovic je nov\u00e1\u010dkem sout\u011b\u017ee okresn\u00edho p\u0159eboru, kde postoupilo jako v\u00edt\u011bz okresn\u00ed sout\u011b\u017ee III. t\u0159\u00eddy se ziskem 62 bod\u016f za 20 v\u00edt\u011bzstv\u00ed a dv\u011b nerozhodn\u00e1 utk\u00e1n\u00ed.<\/span><\/p>\n<p style=\"text-align: justify;\"><span style=\"font-family: helvetica, arial, sans-serif; font-size: 12pt;\"><strong>Utk\u00e1n\u00ed okresn\u00edho p\u0159eboru Slu\u017eovice &#8211; Kobe\u0159ice B se bude hr\u00e1t v&nbsp;ned\u011bli 12. srpna od 17:00 hodin. <\/strong><\/span><\/p>\n<p style=\"text-align: justify;\"><span style=\"font-family: helvetica, arial, sans-serif; font-size: 12pt;\"><strong><u>Tento a p\u0159\u00ed\u0161t\u00ed t\u00fdden v&nbsp;okresn\u00edm p\u0159eboru hraj\u00ed<\/u><\/strong><\/span><\/p>\n<table width=\"0\">\n<tbody>\n<tr>\n<td width=\"228\"><span style=\"font-family: helvetica, arial, sans-serif; font-size: 12pt;\">St\u011bbo\u0159ice &#8211; Slavia Opava<\/span><\/td>\n<td width=\"265\"><span style=\"font-family: helvetica, arial, sans-serif; font-size: 12pt;\">V\u00e1vrovice &#8211; T\u011b\u0161kovice<\/span><\/td>\n<\/tr>\n<tr>\n<td width=\"228\"><span style=\"font-family: helvetica, arial, sans-serif; font-size: 12pt;\">Dobroslavice &#8211; V\u00e1vrovice<\/span><\/td>\n<td width=\"265\"><span style=\"font-family: helvetica, arial, sans-serif; font-size: 12pt;\">B\u0159ezov\u00e1 &#8211; Dobroslavice<\/span><\/td>\n<\/tr>\n<tr>\n<td width=\"228\"><span style=\"font-family: helvetica, arial, sans-serif; font-size: 12pt;\">T\u011b\u0161kovice &#8211; Jakartovice<\/span><\/td>\n<td width=\"265\"><span style=\"font-family: helvetica, arial, sans-serif; font-size: 12pt;\">Slavia Opava &#8211; V\u0159esina<\/span><\/td>\n<\/tr>\n<tr>\n<td width=\"228\"><span style=\"font-family: helvetica, arial, sans-serif; font-size: 12pt;\">\u0160t\u00edtina &#8211; P\u00ed\u0161\u0165<\/span><\/td>\n<td width=\"265\"><span style=\"font-family: helvetica, arial, sans-serif; font-size: 12pt;\"><strong>Kobe\u0159ice &#8222;B&#8220;<\/strong> &#8211; <strong>Hlavnice<\/strong><\/span><\/td>\n<\/tr>\n<tr>\n<td width=\"228\"><span style=\"font-family: helvetica, arial, sans-serif; font-size: 12pt;\">Hlavnice &#8211; Litultovice<\/span><\/td>\n<td width=\"265\"><span style=\"font-family: helvetica, arial, sans-serif; font-size: 12pt;\">Jakartovice &#8211; \u0160t\u00edtina<\/span><\/td>\n<\/tr>\n<tr>\n<td width=\"228\"><span style=\"font-family: helvetica, arial, sans-serif; font-size: 12pt;\">V\u0159esina &#8211; B\u0159ezov\u00e1<\/span><\/td>\n<td width=\"265\"><span style=\"font-family: helvetica, arial, sans-serif; font-size: 12pt;\">P\u00ed\u0161\u0165 &#8211; Slu\u017eovice<\/span><\/td>\n<\/tr>\n<tr>\n<td width=\"228\"><span style=\"font-family: helvetica, arial, sans-serif; font-size: 12pt;\"><strong>Slu\u017eovice<\/strong> &#8211; <strong>Kobe\u0159ice &#8222;B&#8220;<\/strong><\/span><\/td>\n<td width=\"265\"><span style=\"font-family: helvetica, arial, sans-serif; font-size: 12pt;\">Litultovice &#8211; St\u011bbo\u0159ice<\/span><\/td>\n<\/tr>\n<\/tbody>\n<\/table>\n<p style=\"text-align: justify;\"><span style=\"font-size: 12pt;\">&nbsp;<\/span><\/p>\n<p style=\"text-align: justify;\"><span style=\"font-family: helvetica, arial, sans-serif; font-size: 12pt;\"><u><\/u><span style=\"font-size: 14pt; color: #000080;\">Dorost sehraje utk\u00e1n\u00ed s&nbsp;Doln\u00edm Bene\u0161ovem a\u017e v z\u00e1\u0159\u00ed<\/span><\/span><\/p>\n<p style=\"text-align: justify;\"><span style=\"font-family: helvetica, arial, sans-serif; font-size: 12pt;\">Na\u0161i dorostenci m\u011bli prvn\u00ed mistrovsk\u00e9 utk\u00e1n\u00ed odehr\u00e1t na n\u00e1\u0161 odpust. A to je pr\u00e1v\u011b d\u016fvodem, pro\u010d je utk\u00e1n\u00ed p\u0159esunuto na 19. z\u00e1\u0159\u00ed. Rovn\u011b\u017e utk\u00e1n\u00ed na p\u016fd\u011b Hradce n\/M se bude hr\u00e1t v&nbsp;jin\u00e9m term\u00ednu a to v&nbsp;pond\u011bl\u00ed 20. srpna v&nbsp;17:00 hodin.<\/span><\/p>\n<p style=\"text-align: justify;\"><span style=\"font-family: helvetica, arial, sans-serif; font-size: 12pt;\"><strong><u>Program krajsk\u00e9 sout\u011b\u017ee dorostu v&nbsp;tomto a p\u0159\u00ed\u0161t\u00edm&nbsp; kole<\/u><\/strong><\/span><\/p>\n<table width=\"0\">\n<tbody>\n<tr>\n<td width=\"204\"><span style=\"font-family: helvetica, arial, sans-serif; font-size: 12pt;\">Sv\u011btl\u00e1 Hora &#8211; Polanka<\/span><\/td>\n<td width=\"232\"><span style=\"font-family: helvetica, arial, sans-serif; font-size: 12pt;\">Velk\u00e1 Polom &#8211; Fulnek<\/span><\/td>\n<\/tr>\n<tr>\n<td width=\"204\"><span style=\"font-family: helvetica, arial, sans-serif; font-size: 12pt;\">Fulnek &#8211; Doln\u00ed Lhota<\/span><\/td>\n<td width=\"232\"><span style=\"font-family: helvetica, arial, sans-serif; font-size: 12pt;\">Polanka &#8211; Svinov<\/span><\/td>\n<\/tr>\n<tr>\n<td width=\"204\"><span style=\"font-family: helvetica, arial, sans-serif; font-size: 12pt;\">Darkovi\u010dky &#8211; Velk\u00e1 Polom<\/span><\/td>\n<td width=\"232\"><span style=\"font-family: helvetica, arial, sans-serif; font-size: 12pt;\">Doln\u00ed Lhota &#8211; R\u00fdma\u0159ov<\/span><\/td>\n<\/tr>\n<tr>\n<td width=\"204\"><span style=\"font-family: helvetica, arial, sans-serif; font-size: 12pt;\">R\u00fdma\u0159ov &#8211; Hradec nad Moravic\u00ed<\/span><\/td>\n<td width=\"232\"><span style=\"font-family: helvetica, arial, sans-serif; font-size: 12pt;\">V\u0159esina &#8211; Darkovi\u010dky<\/span><\/td>\n<\/tr>\n<tr>\n<td width=\"204\"><span style=\"font-family: helvetica, arial, sans-serif; font-size: 12pt;\">Hlu\u010d\u00edn B &#8211; H\u00e1j ve Slezsku<\/span><\/td>\n<td width=\"232\"><span style=\"font-family: helvetica, arial, sans-serif; font-size: 12pt;\">H\u00e1j ve Slezsku &#8211; Sv\u011btl\u00e1 Hora<\/span><\/td>\n<\/tr>\n<tr>\n<td width=\"204\"><span style=\"font-family: helvetica, arial, sans-serif; font-size: 12pt;\">Svinov &#8211; V\u0159esina<\/span><\/td>\n<td width=\"232\"><span style=\"font-family: helvetica, arial, sans-serif; font-size: 12pt;\">Doln\u00ed Bene\u0161ov &#8211; Hlu\u010d\u00edn B<\/span><\/td>\n<\/tr>\n<tr>\n<td width=\"204\"><span style=\"font-family: helvetica, arial, sans-serif; font-size: 12pt;\"><strong>Kobe\u0159ice<\/strong> &#8211; <strong>Doln\u00ed Bene\u0161ov (odl.)<\/strong><\/span><\/td>\n<td width=\"232\"><span style=\"font-family: helvetica, arial, sans-serif; font-size: 12pt;\"><strong>Hradec nad Moravic\u00ed<\/strong> &#8211; <strong>Kobe\u0159ice<\/strong> (PO 20.8.17 hod.)<\/span><\/td>\n<\/tr>\n<\/tbody>\n<\/table>\n<p style=\"text-align: justify;\"><span style=\"font-size: 12pt;\">&nbsp;<\/span><\/p>\n<p style=\"text-align: justify;\"><span style=\"font-family: helvetica, arial, sans-serif; font-size: 12pt;\"><u><\/u><span style=\"font-size: 14pt; color: #000080;\">Star\u0161\u00ed a mlad\u0161\u00ed \u017e\u00e1ci budou hr\u00e1t a\u017e p\u0159\u00ed\u0161t\u00ed v\u00edkend<\/span><\/span><\/p>\n<p style=\"text-align: justify;\"><span style=\"font-family: helvetica, arial, sans-serif; font-size: 12pt;\"><strong><u><br \/>\n<\/u><\/strong>O p\u0159\u00ed\u0161t\u00edm v\u00edkendu se tak\u00e9 rozto\u010d\u00ed kola sout\u011b\u017ee krajsk\u00e9ho p\u0159eboru, kde budou po postupu startovat tak\u00e9 na\u0161e \u017e\u00e1kovsk\u00e1 mu\u017estva. Bude se jednat o jejich premi\u00e9ru v&nbsp;t\u00e9to sout\u011b\u017ei. Jejich prvn\u00edm soupe\u0159em bude celek FC V\u00edtkovice 1919.<\/span><\/p>\n<p>[cs_divider divider_style=&#8220;crossy&#8220; divider_backtotop=&#8220;yes&#8220; divider_height=&#8220;1&#8243;]<\/p>\n<p>&nbsp;<\/p>\n","protected":false},"excerpt":{"rendered":"<p>Ji\u017e tento v\u00edkend za\u010d\u00edn\u00e1 nov\u00fd ro\u010dn\u00edk krajsk\u00e9 sout\u011b\u017ee I.A t\u0159\u00eddy. Na\u0161i fotbalist\u00e9 A mu\u017estva do n\u011bj vstoup\u00ed utk\u00e1n\u00edm v&nbsp;dom\u00e1c\u00edm prost\u0159ed\u00ed s&nbsp;celkem Velk\u00fdch Heraltic, kter\u00e9 v&nbsp;minul\u00e9m ro\u010dn\u00edku<span class=\"excerpt-hellip\"> [\u2026]<\/span><\/p>\n","protected":false},"author":3,"featured_media":1886,"comment_status":"closed","ping_status":"open","sticky":false,"template":"","format":"standard","meta":{"ngg_post_thumbnail":0,"footnotes":""},"categories":[115,112,110,107,117,103,111,102],"tags":[],"class_list":["post-5346","post","type-post","status-publish","format-standard","has-post-thumbnail","hentry","category-a-tym","category-b-tym","category-dorost","category-fotbal","category-mladsi-zaci","category-pozvanky","category-starsi-zaci","category-zapasy"],"_links":{"self":[{"href":"https:\/\/tjsokolkoberice.cz\/index.php?rest_route=\/wp\/v2\/posts\/5346","targetHints":{"allow":["GET"]}}],"collection":[{"href":"https:\/\/tjsokolkoberice.cz\/index.php?rest_route=\/wp\/v2\/posts"}],"about":[{"href":"https:\/\/tjsokolkoberice.cz\/index.php?rest_route=\/wp\/v2\/types\/post"}],"author":[{"embeddable":true,"href":"https:\/\/tjsokolkoberice.cz\/index.php?rest_route=\/wp\/v2\/users\/3"}],"replies":[{"embeddable":true,"href":"https:\/\/tjsokolkoberice.cz\/index.php?rest_route=%2Fwp%2Fv2%2Fcomments&post=5346"}],"version-history":[{"count":5,"href":"https:\/\/tjsokolkoberice.cz\/index.php?rest_route=\/wp\/v2\/posts\/5346\/revisions"}],"predecessor-version":[{"id":5351,"href":"https:\/\/tjsokolkoberice.cz\/index.php?rest_route=\/wp\/v2\/posts\/5346\/revisions\/5351"}],"wp:featuredmedia":[{"embeddable":true,"href":"https:\/\/tjsokolkoberice.cz\/index.php?rest_route=\/wp\/v2\/media\/1886"}],"wp:attachment":[{"href":"https:\/\/tjsokolkoberice.cz\/index.php?rest_route=%2Fwp%2Fv2%2Fmedia&parent=5346"}],"wp:term":[{"taxonomy":"category","embeddable":true,"href":"https:\/\/tjsokolkoberice.cz\/index.php?rest_route=%2Fwp%2Fv2%2Fcategories&post=5346"},{"taxonomy":"post_tag","embeddable":true,"href":"https:\/\/tjsokolkoberice.cz\/index.php?rest_route=%2Fwp%2Fv2%2Ftags&post=5346"}],"curies":[{"name":"wp","href":"https:\/\/api.w.org\/{rel}","templated":true}]}}