{"id":5392,"date":"2018-08-22T11:15:57","date_gmt":"2018-08-22T10:15:57","guid":{"rendered":"https:\/\/tjsokolkoberice.cz\/?p=5392"},"modified":"2025-10-14T11:54:08","modified_gmt":"2025-10-14T10:54:08","slug":"vikendovy-program-nasich-muzstev-47","status":"publish","type":"post","link":"https:\/\/tjsokolkoberice.cz\/?p=5392","title":{"rendered":"V\u00edkendov\u00fd program na\u0161ich mu\u017estev"},"content":{"rendered":"<p style=\"text-align: justify;\"><span style=\"font-size: 14pt; font-family: helvetica, arial, sans-serif;\"><strong>V&nbsp;p\u0159\u00ed\u0161t\u00edm utk\u00e1n\u00ed host\u00edme Jakub\u010dovice<\/strong><\/span><\/p>\n<p style=\"text-align: justify;\"><span style=\"font-size: 12pt; font-family: helvetica, arial, sans-serif;\">V&nbsp;druh\u00e9m dom\u00e1c\u00edm utk\u00e1n\u00ed p\u0159iv\u00edt\u00e1me na na\u0161em h\u0159i\u0161ti pr\u016fb\u011b\u017en\u011b vedouc\u00ed celek krajsk\u00e9 sout\u011b\u017ee 1. A t\u0159\u00eddy z Jakub\u010dovic, kter\u00fd m\u00e1 po dvou utk\u00e1n\u00edch pln\u00fd po\u010det bod\u016f a sk\u00f3re 9:3. V&nbsp;\u00favodn\u00edm kole zv\u00edt\u011bzily Jakub\u010dovice 3:2 na h\u0159i\u0161ti nov\u00e1\u010dka ze Such\u00fdch Lazc\u016f a v&nbsp;druh\u00e9m si vychutnaly Bolatice, kter\u00e9 porazily 6:1. Na na\u0161em h\u0159i\u0161ti p\u0159iv\u00edt\u00e1me tedy soupe\u0159e, kter\u00e9mu se v&nbsp;\u00favodn\u00edch dvou kolech da\u0159ilo.<\/span><\/p>\n<p style=\"text-align: justify;\"><span style=\"font-size: 12pt; font-family: helvetica, arial, sans-serif;\">Na\u0161i hr\u00e1\u010di maj\u00ed \u010dty\u0159i body a jsou na t\u0159et\u00edm m\u00edst\u011b. M\u00e1me na sv\u00e9m kont\u011b v\u00edt\u011bzstv\u00ed 3:1 s&nbsp;Velk\u00fdmi Heralticemi a do utk\u00e1n\u00ed s&nbsp;Jakub\u010dovicemi jdeme po bezbrankov\u00e9 rem\u00edze ve Fulneku. Po dvou utk\u00e1n\u00edch by bylo p\u0159ed\u010dasn\u00e9 hodnotit s\u00edlu jednotliv\u00fdch mu\u017estev. Ta se&nbsp; teprve&nbsp; uk\u00e1\u017ee v&nbsp;dal\u0161\u00edm pr\u016fb\u011bhu.<\/span><\/p>\n<p style=\"text-align: justify;\"><span style=\"font-size: 12pt; font-family: helvetica, arial, sans-serif;\"><strong>Utk\u00e1n\u00ed TJ Sokol Kobe\u0159ice &#8211; TJ Tatran Jakub\u010dovice se bude hr\u00e1t v&nbsp;ned\u011bli 26. srpna 2018 od 17:00 hodin.<\/strong> P\u0159ij\u010fte v&nbsp;hojn\u00e9m po\u010dtu povzbudit na\u0161e mu\u017estvo.<\/span><\/p>\n<p style=\"text-align: justify;\"><span style=\"font-size: 12pt; font-family: helvetica, arial, sans-serif;\"><strong><u>Program I. A t\u0159\u00eddy v&nbsp;tomto a p\u0159\u00ed\u0161t\u00edm &nbsp;kole<\/u><\/strong><\/span><\/p>\n<table width=\"0\">\n<tbody>\n<tr>\n<td width=\"227\"><span style=\"font-size: 12pt; font-family: helvetica, arial, sans-serif;\">Krava\u0159e&nbsp;&#8211;&nbsp;V\u0159esina&nbsp;<\/span><\/td>\n<td width=\"243\"><span style=\"font-size: 12pt; font-family: helvetica, arial, sans-serif;\">Velk\u00e9 Heraltice&nbsp;&#8211;&nbsp;Ludge\u0159ovice<\/span><\/td>\n<\/tr>\n<tr>\n<td width=\"227\"><span style=\"font-size: 12pt; font-family: helvetica, arial, sans-serif;\">Chlebi\u010dov&nbsp;&#8211;&nbsp;Velk\u00e9 Heraltice<\/span><\/td>\n<td width=\"243\"><span style=\"font-size: 12pt; font-family: helvetica, arial, sans-serif;\">Fulnek&nbsp;&#8211;&nbsp;Chlebi\u010dov<\/span><\/td>\n<\/tr>\n<tr>\n<td width=\"227\"><span style=\"font-size: 12pt; font-family: helvetica, arial, sans-serif;\">Ludge\u0159ovice&nbsp;&#8211;&nbsp;\u0160t\u011bp\u00e1nkovice<\/span><\/td>\n<td width=\"243\"><span style=\"font-size: 12pt; font-family: helvetica, arial, sans-serif;\">Jakub\u010dovice&nbsp;&#8211;&nbsp;Mokr\u00e9 Lazce<\/span><\/td>\n<\/tr>\n<tr>\n<td width=\"227\"><span style=\"font-size: 12pt; font-family: helvetica, arial, sans-serif;\">Such\u00e9 Lazce&nbsp;&#8211;&nbsp;Bolatice<\/span><\/td>\n<td width=\"243\"><span style=\"font-size: 12pt; font-family: helvetica, arial, sans-serif;\"><strong>Bolatice<\/strong><strong>&nbsp;&#8211;&nbsp;Kobe\u0159ice<\/strong><\/span><\/td>\n<\/tr>\n<tr>\n<td width=\"227\"><span style=\"font-size: 12pt; font-family: helvetica, arial, sans-serif;\">Mokr\u00e9 Lazce&nbsp;&#8211;&nbsp;Fulnek<\/span><\/td>\n<td width=\"243\"><span style=\"font-size: 12pt; font-family: helvetica, arial, sans-serif;\">V\u0159esina&nbsp;&#8211;&nbsp;Such\u00e9 Lazce<\/span><\/td>\n<\/tr>\n<tr>\n<td width=\"227\"><span style=\"font-size: 12pt; font-family: helvetica, arial, sans-serif;\"><strong>Kobe\u0159ice<\/strong><strong>&nbsp;&#8211;&nbsp;Jakub\u010dovice<\/strong><\/span><\/td>\n<td width=\"243\"><span style=\"font-size: 12pt; font-family: helvetica, arial, sans-serif;\">Slavkov&nbsp;&#8211;&nbsp;Krava\u0159e<\/span><\/td>\n<\/tr>\n<tr>\n<td width=\"227\"><span style=\"font-size: 12pt; font-family: helvetica, arial, sans-serif;\">Darkovi\u010dky&nbsp;&#8211;&nbsp;Slavkov<\/span><\/td>\n<td width=\"243\"><span style=\"font-size: 12pt; font-family: helvetica, arial, sans-serif;\">\u0160t\u011bp\u00e1nkovice&nbsp;&#8211;&nbsp;Darkovi\u010dky<\/span><\/td>\n<\/tr>\n<\/tbody>\n<\/table>\n<p style=\"text-align: justify;\">&nbsp;<\/p>\n<p style=\"text-align: justify;\"><span style=\"font-size: 14pt; font-family: helvetica, arial, sans-serif;\"><strong>Mu\u017ei \u201eB\u201c budou hr\u00e1t&nbsp; v Litultovic\u00edch<\/strong><\/span><\/p>\n<p style=\"text-align: justify;\"><span style=\"font-size: 12pt; font-family: helvetica, arial, sans-serif;\">V&nbsp;dal\u0161\u00edm mistrovk\u00e9m utk\u00e1n\u00ed zaj\u00ed\u017ed\u011bj\u00ed hr\u00e1\u010di na h\u0159i\u0161t\u011b Litultovic, kter\u00e9 jsou po dvou utk\u00e1n\u00edch na t\u0159et\u00edm m\u00edst\u011b okresn\u00edho p\u0159eboru. &nbsp;V&nbsp;dosavadn\u00edm pr\u016fb\u011bhu z\u00edskaly Litultovice 4 body a to za v\u00edt\u011bzstv\u00ed 5:3, kter\u00e9 dos\u00e1hli v&nbsp;Hlavnici a do utk\u00e1n\u00ed s&nbsp;na\u0161\u00edm \u201eB\u201c mu\u017estvem jdou po bezbrankov\u00e9 rem\u00edze se St\u011bbo\u0159icemi.<\/span><\/p>\n<p style=\"text-align: justify;\"><span style=\"font-size: 12pt; font-family: helvetica, arial, sans-serif;\">Hr\u00e1\u010di na\u0161eho \u201eB\u201c mu\u017estva maj\u00ed na sv\u00e9m kont\u011b pouh\u00fd jeden bod a to za rem\u00edzu 1:1, kterou uhr\u00e1li v&nbsp;\u00favodn\u00edm kole ve Slu\u017eovic\u00edch. &nbsp;<\/span><\/p>\n<p style=\"text-align: justify;\"><span style=\"font-size: 12pt; font-family: helvetica, arial, sans-serif;\"><strong>Utk\u00e1n\u00ed Litultovice &#8211; Kobe\u0159ice \u201eB\u201c se bude hr\u00e1t v&nbsp;sobotu 25. srpna 2018 od 16:00 hodin. Zveme v\u0161echny p\u0159\u00edznivce na\u0161eho \u201eB\u201c mu\u017estva.&nbsp; <\/strong><\/span><\/p>\n<p style=\"text-align: justify;\">&nbsp;<\/p>\n<p style=\"text-align: justify;\"><span style=\"font-size: 12pt; font-family: helvetica, arial, sans-serif;\"><strong><u>Toto a p\u0159\u00ed\u0161t\u00ed kolo hraj\u00ed <\/u><\/strong><\/span><\/p>\n<table width=\"0\">\n<tbody>\n<tr>\n<td width=\"247\"><span style=\"font-size: 12pt; font-family: helvetica, arial, sans-serif;\"><strong>Litultovice<\/strong>&nbsp;&#8211;&nbsp;<strong>Kobe\u0159ice &#8222;B<\/strong><\/span><\/td>\n<td width=\"192\"><span style=\"font-size: 12pt; font-family: helvetica, arial, sans-serif;\">Jakartovice&nbsp;&#8211;&nbsp;Hlavnice<\/span><\/td>\n<\/tr>\n<tr>\n<td width=\"247\"><span style=\"font-size: 12pt; font-family: helvetica, arial, sans-serif;\">Hlavnice&nbsp;&#8211;&nbsp;P\u00ed\u0161\u0165<\/span><\/td>\n<td width=\"192\"><span style=\"font-size: 12pt; font-family: helvetica, arial, sans-serif;\">V\u00e1vrovice&nbsp;&#8211;&nbsp;Slu\u017eovice<\/span><\/td>\n<\/tr>\n<tr>\n<td width=\"247\"><span style=\"font-size: 12pt; font-family: helvetica, arial, sans-serif;\">St\u011bbo\u0159ice&nbsp;&#8211;&nbsp;V\u0159esina<\/span><\/td>\n<td width=\"192\"><span style=\"font-size: 12pt; font-family: helvetica, arial, sans-serif;\">B\u0159ezov\u00e1&nbsp;&#8211;&nbsp;\u0160t\u00edtina<\/span><\/td>\n<\/tr>\n<tr>\n<td width=\"247\"><span style=\"font-size: 12pt; font-family: helvetica, arial, sans-serif;\">Dobroslavice&nbsp;&#8211;&nbsp;Slavia Opava<\/span><\/td>\n<td width=\"192\"><span style=\"font-size: 12pt; font-family: helvetica, arial, sans-serif;\">Slavia Opava&nbsp;&#8211;&nbsp;T\u011b\u0161kovice<\/span><\/td>\n<\/tr>\n<tr>\n<td width=\"247\"><span style=\"font-size: 12pt; font-family: helvetica, arial, sans-serif;\">T\u011b\u0161kovice&nbsp;&#8211;&nbsp;B\u0159ezov\u00e1<\/span><\/td>\n<td width=\"192\"><span style=\"font-size: 12pt; font-family: helvetica, arial, sans-serif;\"><strong>Kobe\u0159ice &#8222;B&#8220;<\/strong>&nbsp;&#8211;&nbsp;<strong>St\u011bbo\u0159ice<\/strong><\/span><\/td>\n<\/tr>\n<tr>\n<td width=\"247\"><span style=\"font-size: 12pt; font-family: helvetica, arial, sans-serif;\">\u0160t\u00edtina&nbsp;&#8211;&nbsp;V\u00e1vrovice<\/span><\/td>\n<td width=\"192\"><span style=\"font-size: 12pt; font-family: helvetica, arial, sans-serif;\">V\u0159esina&nbsp;&#8211;&nbsp;Dobroslavice<\/span><\/td>\n<\/tr>\n<tr>\n<td width=\"247\"><span style=\"font-size: 12pt; font-family: helvetica, arial, sans-serif;\">Slu\u017eovice&nbsp;&#8211;&nbsp;Jakartovice<\/span><\/td>\n<td width=\"192\"><span style=\"font-size: 12pt; font-family: helvetica, arial, sans-serif;\">P\u00ed\u0161\u0165&nbsp;&#8211;&nbsp;Litultovice<\/span><\/td>\n<\/tr>\n<\/tbody>\n<\/table>\n<p style=\"text-align: justify;\">&nbsp;<\/p>\n<p style=\"text-align: justify;\"><span style=\"font-size: 14pt; font-family: helvetica, arial, sans-serif;\"><strong>Dorostenci p\u0159iv\u00edtaj\u00ed mu\u017estvo&nbsp;Doln\u00ed Lhoty<\/strong><\/span><\/p>\n<p style=\"text-align: justify;\"><span style=\"font-size: 12pt; font-family: helvetica, arial, sans-serif;\">V&nbsp;prvn\u00edm dom\u00e1c\u00edm mistrovsk\u00e9m utk\u00e1n\u00ed p\u0159iv\u00edtaj\u00ed na\u0161i dorostenci hr\u00e1\u010de z&nbsp;Doln\u00ed Lhoty.<\/span><\/p>\n<p style=\"text-align: justify;\"><span style=\"font-size: 12pt; font-family: helvetica, arial, sans-serif;\"><strong>Utk\u00e1n\u00ed Kobe\u0159ice \u2013 Doln\u00ed Lhota se bude hr\u00e1t v&nbsp; ned\u011bli 26. srpna 2018 od 14:45 hodin. Zveme v\u0161echny p\u0159\u00edznivce na\u0161eho dorostu.&nbsp; <\/strong><\/span><\/p>\n<p style=\"text-align: justify;\"><span style=\"font-size: 12pt; font-family: helvetica, arial, sans-serif;\"><strong>&nbsp;<\/strong><\/span><\/p>\n<p style=\"text-align: justify;\"><span style=\"font-size: 12pt; font-family: helvetica, arial, sans-serif;\"><strong><u>V tomto &nbsp;a p\u0159\u00ed\u0161t\u00edm kole hraj\u00ed <\/u><\/strong><\/span><\/p>\n<table width=\"0\">\n<tbody>\n<tr>\n<td width=\"241\"><span style=\"font-size: 12pt; font-family: helvetica, arial, sans-serif;\">Velk\u00e1 Polom&nbsp;&#8211;&nbsp;V\u0159esina<\/span><\/td>\n<td width=\"265\"><span style=\"font-size: 12pt; font-family: helvetica, arial, sans-serif;\">Hradec nad Moravic\u00ed&nbsp;&#8211;&nbsp;Sv\u011btl\u00e1 Hora<\/span><\/td>\n<\/tr>\n<tr>\n<td width=\"241\"><span style=\"font-size: 12pt; font-family: helvetica, arial, sans-serif;\">Fulnek&nbsp;&#8211;&nbsp;R\u00fdma\u0159ov<\/span><\/td>\n<td width=\"265\"><span style=\"font-size: 12pt; font-family: helvetica, arial, sans-serif;\">Polanka&nbsp;&#8211;&nbsp;Velk\u00e1 Polom<\/span><\/td>\n<\/tr>\n<tr>\n<td width=\"241\"><span style=\"font-size: 12pt; font-family: helvetica, arial, sans-serif;\">Darkovi\u010dky&nbsp;&#8211;&nbsp;Polanka<\/span><\/td>\n<td width=\"265\"><span style=\"font-size: 12pt; font-family: helvetica, arial, sans-serif;\"><strong>R\u00fdma\u0159ov<\/strong><strong>&nbsp;&#8211;&nbsp;Kobe\u0159ice&nbsp;<\/strong><\/span><\/td>\n<\/tr>\n<tr>\n<td width=\"241\"><span style=\"font-size: 12pt; font-family: helvetica, arial, sans-serif;\">Svinov&nbsp;&#8211;&nbsp;H\u00e1j ve Slezsku<\/span><\/td>\n<td width=\"265\"><span style=\"font-size: 12pt; font-family: helvetica, arial, sans-serif;\">Doln\u00ed Lhota&nbsp;&#8211;&nbsp;Hlu\u010d\u00edn B<\/span><\/td>\n<\/tr>\n<tr>\n<td width=\"241\"><span style=\"font-size: 12pt; font-family: helvetica, arial, sans-serif;\">Sv\u011btl\u00e1 Hora&nbsp;&#8211;&nbsp;Doln\u00ed Bene\u0161ov&nbsp;<\/span><\/td>\n<td width=\"265\"><span style=\"font-size: 12pt; font-family: helvetica, arial, sans-serif;\">V\u0159esina&nbsp;&#8211;&nbsp;Fulnek<\/span><\/td>\n<\/tr>\n<tr>\n<td width=\"241\"><span style=\"font-size: 12pt; font-family: helvetica, arial, sans-serif;\"><strong>Kobe\u0159ice<\/strong><strong>&nbsp;&#8211;&nbsp;Doln\u00ed Lhota<\/strong><\/span><\/td>\n<td width=\"265\"><span style=\"font-size: 12pt; font-family: helvetica, arial, sans-serif;\">H\u00e1j ve Slezsku&nbsp;&#8211;&nbsp;Darkovi\u010dky<\/span><\/td>\n<\/tr>\n<tr>\n<td width=\"241\"><span style=\"font-size: 12pt; font-family: helvetica, arial, sans-serif;\">Hlu\u010d\u00edn B&nbsp;&#8211;&nbsp;Hradec nad Moravic\u00ed<\/span><\/td>\n<td width=\"265\"><span style=\"font-size: 12pt; font-family: helvetica, arial, sans-serif;\">Doln\u00ed Bene\u0161ov&nbsp;&#8211;&nbsp;Svinov<\/span><\/td>\n<\/tr>\n<\/tbody>\n<\/table>\n<p style=\"text-align: justify;\">&nbsp;<\/p>\n<p style=\"text-align: justify;\"><span style=\"font-size: 14pt;\"><strong><span style=\"font-family: helvetica, arial, sans-serif;\">Dal\u0161\u00ed utk\u00e1n\u00ed sehraj\u00ed na\u0161i \u017e\u00e1ci a\u017e 1. z\u00e1\u0159\u00ed<\/span><\/strong><\/span><\/p>\n<p style=\"text-align: justify;\"><span style=\"font-size: 12pt; font-family: helvetica, arial, sans-serif;\">V&nbsp;dal\u0161\u00edm kole krajsk\u00e9ho p\u0159eboru \u017e\u00e1k\u016f se utkaj\u00ed na\u0161e \u017e\u00e1kovsk\u00e1 mu\u017estva 1. z\u00e1\u0159\u00ed 2018 v&nbsp;dom\u00e1c\u00edm prost\u0159ed\u00ed s&nbsp;Darkovi\u010dkami.<\/span><\/p>\n","protected":false},"excerpt":{"rendered":"<p>V&nbsp;p\u0159\u00ed\u0161t\u00edm utk\u00e1n\u00ed host\u00edme Jakub\u010dovice V&nbsp;druh\u00e9m dom\u00e1c\u00edm utk\u00e1n\u00ed p\u0159iv\u00edt\u00e1me na na\u0161em h\u0159i\u0161ti pr\u016fb\u011b\u017en\u011b vedouc\u00ed celek krajsk\u00e9 sout\u011b\u017ee 1. A t\u0159\u00eddy z Jakub\u010dovic, kter\u00fd m\u00e1 po dvou utk\u00e1n\u00edch<span class=\"excerpt-hellip\"> [\u2026]<\/span><\/p>\n","protected":false},"author":3,"featured_media":1883,"comment_status":"closed","ping_status":"open","sticky":false,"template":"","format":"standard","meta":{"ngg_post_thumbnail":0,"footnotes":""},"categories":[115,112,110,107,117,103,111,102],"tags":[],"class_list":["post-5392","post","type-post","status-publish","format-standard","has-post-thumbnail","hentry","category-a-tym","category-b-tym","category-dorost","category-fotbal","category-mladsi-zaci","category-pozvanky","category-starsi-zaci","category-zapasy"],"_links":{"self":[{"href":"https:\/\/tjsokolkoberice.cz\/index.php?rest_route=\/wp\/v2\/posts\/5392","targetHints":{"allow":["GET"]}}],"collection":[{"href":"https:\/\/tjsokolkoberice.cz\/index.php?rest_route=\/wp\/v2\/posts"}],"about":[{"href":"https:\/\/tjsokolkoberice.cz\/index.php?rest_route=\/wp\/v2\/types\/post"}],"author":[{"embeddable":true,"href":"https:\/\/tjsokolkoberice.cz\/index.php?rest_route=\/wp\/v2\/users\/3"}],"replies":[{"embeddable":true,"href":"https:\/\/tjsokolkoberice.cz\/index.php?rest_route=%2Fwp%2Fv2%2Fcomments&post=5392"}],"version-history":[{"count":1,"href":"https:\/\/tjsokolkoberice.cz\/index.php?rest_route=\/wp\/v2\/posts\/5392\/revisions"}],"predecessor-version":[{"id":5393,"href":"https:\/\/tjsokolkoberice.cz\/index.php?rest_route=\/wp\/v2\/posts\/5392\/revisions\/5393"}],"wp:featuredmedia":[{"embeddable":true,"href":"https:\/\/tjsokolkoberice.cz\/index.php?rest_route=\/wp\/v2\/media\/1883"}],"wp:attachment":[{"href":"https:\/\/tjsokolkoberice.cz\/index.php?rest_route=%2Fwp%2Fv2%2Fmedia&parent=5392"}],"wp:term":[{"taxonomy":"category","embeddable":true,"href":"https:\/\/tjsokolkoberice.cz\/index.php?rest_route=%2Fwp%2Fv2%2Fcategories&post=5392"},{"taxonomy":"post_tag","embeddable":true,"href":"https:\/\/tjsokolkoberice.cz\/index.php?rest_route=%2Fwp%2Fv2%2Ftags&post=5392"}],"curies":[{"name":"wp","href":"https:\/\/api.w.org\/{rel}","templated":true}]}}