{"id":5422,"date":"2018-08-30T20:53:50","date_gmt":"2018-08-30T19:53:50","guid":{"rendered":"https:\/\/tjsokolkoberice.cz\/?p=5422"},"modified":"2025-10-14T11:54:07","modified_gmt":"2025-10-14T10:54:07","slug":"vikendovy-program-nasich-muzstev-48","status":"publish","type":"post","link":"https:\/\/tjsokolkoberice.cz\/?p=5422","title":{"rendered":"V\u00edkendov\u00fd program na\u0161ich mu\u017estev"},"content":{"rendered":"<p style=\"text-align: justify;\"><span style=\"font-size: 14pt; font-family: helvetica, arial, sans-serif;\"><strong>Budeme hr\u00e1t \u201ederby\u201c v&nbsp;Bolatic\u00edch<\/strong><\/span><\/p>\n<p style=\"text-align: justify;\"><span style=\"font-size: 12pt; font-family: helvetica, arial, sans-serif;\">Po vyd\u0159en\u00e9m v\u00edt\u011bzstv\u00ed s&nbsp;Jakub\u010dovicemi budou hr\u00e1t na\u0161i fotbalist\u00e9 \u201eA\u201c mu\u017estva s&nbsp;celkem Bolatic, kde to jist\u011b nebude lehk\u00e9, nebo\u0165 se jedn\u00e1 o presti\u017en\u00ed utk\u00e1n\u00ed dvou sousedn\u00edch obc\u00ed. A jak u\u017e to b\u00fdv\u00e1 v&nbsp;takov\u00fdch tk\u00e1n\u00edch, zde nejde jen o body do tabulky, ale i o zdravou presti\u017e, co\u017e by se m\u011blo razit v&nbsp;samotn\u00e9m utk\u00e1n\u00ed, kdy budou hr\u00e1t jednotliv\u00ed hr\u00e1\u010di p\u0159i vysok\u00e9m nasazen\u00ed. Nav\u00edc lze o\u010dek\u00e1vat vysokou n\u00e1v\u0161t\u011bvu. Bolatice jsou po t\u0159ech utk\u00e1n\u00edch se \u0161esti body na 6. m\u00edst\u011b a doma budou cht\u00edt p\u0159edv\u00e9st co nejlep\u0161\u00ed v\u00fdsledek, kdy\u017e nav\u00edc v&nbsp;minul\u00e9m kole porazili Such\u00e9 Lazce 2:1.<\/span><\/p>\n<p style=\"text-align: justify;\"><span style=\"font-size: 12pt; font-family: helvetica, arial, sans-serif;\">Na\u0161i hr\u00e1\u010di jdou po v\u00edt\u011bzstv\u00ed 3:2 nad Jakub\u010dovicemi. Bilance vz\u00e1jemn\u00fdch duel\u016f z&nbsp;minul\u00e9ho ro\u010dn\u00edku je vyrovnan\u00e1, nebo\u0165 jsme nejd\u0159\u00edve v&nbsp;Bolatic\u00edch vyhr\u00e1li 4:0, ale v&nbsp;dom\u00e1c\u00edm prost\u0159ed\u00ed se n\u00e1m u\u017e na ja\u0159e tolik neda\u0159ilo a prohr\u00e1li 1:2. Na\u0161i fotbalov\u00ed fanou\u0161ci doufaj\u00ed, \u017ee hr\u00e1\u010di na\u0161eho celku p\u0159istoup\u00ed k&nbsp;utk\u00e1n\u00ed zodpov\u011bdn\u011b s&nbsp;nasazen\u00edm&nbsp; a nic neponechaj\u00ed n\u00e1hod\u011b.&nbsp;&nbsp; &nbsp;<\/span><\/p>\n<p style=\"text-align: justify;\"><span style=\"font-size: 12pt; font-family: helvetica, arial, sans-serif;\"><strong>Utk\u00e1n\u00ed FK Bolatice &#8211; TJ Sokol Kobe\u0159ice se bude hr\u00e1t v&nbsp;ned\u011bli 2. z\u00e1\u0159\u00ed 2018 od 16:30 hodin. K&nbsp;utk\u00e1n\u00ed se jede auty. Zveme do Bolatic v\u0161echny fotbalov\u00e9 fanou\u0161ky.<\/strong><\/span><\/p>\n<p style=\"text-align: justify;\"><span style=\"font-size: 12pt; font-family: helvetica, arial, sans-serif;\"><strong><u>Program IA.t\u0159\u00eddy v&nbsp;tomto a p\u0159\u00ed\u0161t\u00edm &nbsp;kole<\/u><\/strong><\/span><\/p>\n<table width=\"453\">\n<tbody>\n<tr>\n<td width=\"227\"><span style=\"font-size: 12pt; font-family: helvetica, arial, sans-serif;\">Velk\u00e9 Heraltice&nbsp;&#8211;&nbsp;Ludge\u0159ovice<\/span><\/td>\n<td width=\"227\"><span style=\"font-size: 12pt; font-family: helvetica, arial, sans-serif;\">Velk\u00e9 Heraltice &#8211; Ludge\u0159ovice<\/span><\/td>\n<\/tr>\n<tr>\n<td width=\"227\"><span style=\"font-size: 12pt; font-family: helvetica, arial, sans-serif;\">Fulnek&nbsp;&#8211;&nbsp;Chlebi\u010dov<\/span><\/td>\n<td width=\"227\"><span style=\"font-size: 12pt; font-family: helvetica, arial, sans-serif;\">Fulnek &#8211; Chlebi\u010dov<\/span><\/td>\n<\/tr>\n<tr>\n<td width=\"227\"><span style=\"font-size: 12pt; font-family: helvetica, arial, sans-serif;\">Jakub\u010dovice&nbsp;&#8211;&nbsp;Mokr\u00e9 Lazce<\/span><\/td>\n<td width=\"227\"><span style=\"font-size: 12pt; font-family: helvetica, arial, sans-serif;\"><strong>Bolatice<\/strong> &#8211; <strong>Kobe\u0159ice<\/strong><\/span><\/td>\n<\/tr>\n<tr>\n<td width=\"227\"><span style=\"font-size: 12pt; font-family: helvetica, arial, sans-serif;\"><strong>Bolatice<\/strong><strong>&nbsp;&#8211;&nbsp;Kobe\u0159ice<\/strong><\/span><\/td>\n<td width=\"227\"><span style=\"font-size: 12pt; font-family: helvetica, arial, sans-serif;\">V\u0159esina &#8211; Such\u00e9 Lazce<\/span><\/td>\n<\/tr>\n<tr>\n<td width=\"227\"><span style=\"font-size: 12pt; font-family: helvetica, arial, sans-serif;\">V\u0159esina&nbsp;&#8211;&nbsp;Such\u00e9 Lazce<\/span><\/td>\n<td width=\"227\"><span style=\"font-size: 12pt; font-family: helvetica, arial, sans-serif;\">Slavkov &#8211; Krava\u0159e<\/span><\/td>\n<\/tr>\n<tr>\n<td width=\"227\"><span style=\"font-size: 12pt; font-family: helvetica, arial, sans-serif;\">Slavkov&nbsp;&#8211;&nbsp;Krava\u0159e<\/span><\/td>\n<td width=\"227\"><span style=\"font-size: 12pt; font-family: helvetica, arial, sans-serif;\">\u0160t\u011bp\u00e1nkovice &#8211; Darkovi\u010dky<\/span><\/td>\n<\/tr>\n<tr>\n<td width=\"227\"><span style=\"font-size: 12pt; font-family: helvetica, arial, sans-serif;\">\u0160t\u011bp\u00e1nkovice&nbsp;&#8211;&nbsp;Darkovi\u010dky<\/span><\/td>\n<td width=\"227\"><span style=\"font-size: 12pt; font-family: helvetica, arial, sans-serif;\">Jakub\u010dovice &#8211; Mokr\u00e9 Lazce<\/span><\/td>\n<\/tr>\n<\/tbody>\n<\/table>\n<p style=\"text-align: justify;\">&nbsp;<\/p>\n<p style=\"text-align: justify;\"><span style=\"font-size: 14pt; font-family: helvetica, arial, sans-serif;\"><strong>Mu\u017ei \u201eB\u201c budou hr\u00e1t se St\u011bbo\u0159icemi<\/strong><\/span><\/p>\n<p style=\"text-align: justify;\"><span style=\"font-size: 12pt; font-family: helvetica, arial, sans-serif;\">Hr\u00e1\u010di na\u0161eho \u201eB\u201c mu\u017estva budou v&nbsp;dal\u0161\u00edm utk\u00e1n\u00ed okresn\u00edho p\u0159eboru hr\u00e1t v&nbsp;dom\u00e1c\u00edm prost\u0159ed\u00ed a to s&nbsp;celkem St\u011bbo\u0159ic, kter\u00e9 jsou po t\u0159ech utk\u00e1n\u00edch na 10. m\u00edst\u011b se ziskem dvou bod\u016f za rem\u00edzy s&nbsp;V\u0159esinou a Litultovicemi.<\/span><\/p>\n<p style=\"text-align: justify;\"><span style=\"font-size: 12pt; font-family: helvetica, arial, sans-serif;\">Pr\u00e1v\u011b s&nbsp;Litultovicemi m\u011bli v minul\u00e9m kole hr\u00e1t na\u0161i hr\u00e1\u010di, ale pro mal\u00fd po\u010det hr\u00e1\u010d\u016f nehr\u00e1li. A tak na sv\u00e9m kont\u011b st\u00e1le maj\u00ed jen jeden bod a jsou na 10. m\u00edst\u011b.<\/span><\/p>\n<p style=\"text-align: justify;\"><span style=\"font-size: 12pt; font-family: helvetica, arial, sans-serif;\"><strong>Utk\u00e1n\u00ed TJ Sokol Kobe\u0159ice \u201eB\u201c \u2013 St\u011bbo\u0159ice se bude hr\u00e1t v&nbsp;sobotu 1. z\u00e1\u0159\u00ed od 16:30 hodin. Zveme v\u0161echny p\u0159\u00edznivce na\u0161eho \u201eB\u201c mu\u017estva. <\/strong><\/span><\/p>\n<p style=\"text-align: justify;\"><span style=\"font-size: 12pt; font-family: helvetica, arial, sans-serif;\"><strong><u>Toto a p\u0159\u00ed\u0161t\u00ed kolo hraj\u00ed <\/u><\/strong><\/span><\/p>\n<table width=\"493\">\n<tbody>\n<tr>\n<td width=\"247\"><span style=\"font-size: 12pt; font-family: helvetica, arial, sans-serif;\">Jakartovice&nbsp;&#8211;&nbsp;Hlavnice<\/span><\/td>\n<td width=\"247\"><span style=\"font-size: 12pt; font-family: helvetica, arial, sans-serif;\">Hlavnice &#8211; V\u00e1vrovice<\/span><\/td>\n<\/tr>\n<tr>\n<td width=\"247\"><span style=\"font-size: 12pt; font-family: helvetica, arial, sans-serif;\">V\u00e1vrovice&nbsp;&#8211;&nbsp;Slu\u017eovice<\/span><\/td>\n<td width=\"247\"><span style=\"font-size: 12pt; font-family: helvetica, arial, sans-serif;\"><strong>Kobe\u0159ice &#8222;B&#8220;<\/strong> &#8211; <strong>P\u00ed\u0161\u0165<\/strong><\/span><\/td>\n<\/tr>\n<tr>\n<td width=\"247\"><span style=\"font-size: 12pt; font-family: helvetica, arial, sans-serif;\">B\u0159ezov\u00e1&nbsp;&#8211;&nbsp;\u0160t\u00edtina<\/span><\/td>\n<td width=\"247\"><span style=\"font-size: 12pt; font-family: helvetica, arial, sans-serif;\">St\u011bbo\u0159ice &#8211; Dobroslavice<\/span><\/td>\n<\/tr>\n<tr>\n<td width=\"247\"><span style=\"font-size: 12pt; font-family: helvetica, arial, sans-serif;\">Slavia Opava&nbsp;&#8211;&nbsp;T\u011b\u0161kovice<\/span><\/td>\n<td width=\"247\"><span style=\"font-size: 12pt; font-family: helvetica, arial, sans-serif;\">T\u011b\u0161kovice &#8211; V\u0159esina<\/span><\/td>\n<\/tr>\n<tr>\n<td width=\"247\"><span style=\"font-size: 12pt; font-family: helvetica, arial, sans-serif;\"><strong>Kobe\u0159ice &#8222;B&#8220;<\/strong>&nbsp;&#8211;&nbsp;<strong>St\u011bbo\u0159ice<\/strong><\/span><\/td>\n<td width=\"247\"><span style=\"font-size: 12pt; font-family: helvetica, arial, sans-serif;\">\u0160t\u00edtina &#8211; Slavia Opava<\/span><\/td>\n<\/tr>\n<tr>\n<td width=\"247\"><span style=\"font-size: 12pt; font-family: helvetica, arial, sans-serif;\">V\u0159esina&nbsp;&#8211;&nbsp;Dobroslavice<\/span><\/td>\n<td width=\"247\"><span style=\"font-size: 12pt; font-family: helvetica, arial, sans-serif;\">Slu\u017eovice &#8211; B\u0159ezov\u00e1<\/span><\/td>\n<\/tr>\n<tr>\n<td width=\"247\"><span style=\"font-size: 12pt; font-family: helvetica, arial, sans-serif;\">P\u00ed\u0161\u0165&nbsp;&#8211;&nbsp;Litultovice<\/span><\/td>\n<td width=\"247\"><span style=\"font-size: 12pt; font-family: helvetica, arial, sans-serif;\">Litultovice &#8211; Jakartovice<\/span><\/td>\n<\/tr>\n<\/tbody>\n<\/table>\n<p style=\"text-align: justify;\">&nbsp;<\/p>\n<p style=\"text-align: justify;\"><span style=\"font-size: 14pt; font-family: helvetica, arial, sans-serif;\"><strong>Dorostenci zaj\u00ed\u017ed\u011bj\u00ed k&nbsp;utk\u00e1n\u00ed s&nbsp;R\u00fdma\u0159ovem<\/strong><\/span><\/p>\n<p style=\"text-align: justify;\"><span style=\"font-size: 12pt; font-family: helvetica, arial, sans-serif;\">Po dom\u00e1c\u00ed por\u00e1\u017ece s&nbsp; celkem Doln\u00ed Lhoty budou hr\u00e1t na\u0161i dorostenci s&nbsp;mu\u017estvem R\u00fdma\u0159ova, kter\u00e9 je na 11. m\u00edst\u011b tabulky krajsk\u00e9 sout\u011b\u017ee dorostu. Odehr\u00e1li t\u0159i utk\u00e1n\u00ed, kdy\u017e jeden z\u00e1pas remizovali s&nbsp;Hradcem pom\u011brem 3:3, prohr\u00e1li v&nbsp;Doln\u00ed Lhot\u011b 0:4 a ve Fulneku 2:5.<\/span><\/p>\n<p style=\"text-align: justify;\"><span style=\"font-size: 12pt; font-family: helvetica, arial, sans-serif;\">Na\u0161i dorostenci prohr\u00e1li s&nbsp;Hradcem 1:4 a doma s&nbsp;Doln\u00ed Lhotou 2:4. Mu\u017estv\u016fm R\u00fdma\u0159ova a na\u0161emu celku se neda\u0159\u00ed jako v&nbsp;minul\u00e9m ro\u010dn\u00edku, ale v\u011b\u0159me pokud se t\u00fdk\u00e1 na\u0161eho celku, \u017ee se mu v&nbsp;tomto duelu bude da\u0159it tak jak by si jejich fanou\u0161ci p\u0159\u00e1li.<\/span><\/p>\n<p style=\"text-align: justify;\"><span style=\"font-size: 12pt; font-family: helvetica, arial, sans-serif;\"><strong>Utk\u00e1n\u00ed krajsk\u00e9 sout\u011b\u017ee dorostu R\u00fdma\u0159ov &#8211; Kobe\u0159ice se bude hr\u00e1t v&nbsp;ned\u011bli 2. z\u00e1\u0159\u00ed 2018 od 13:00 hodin. Odjezd na utk\u00e1n\u00ed je v&nbsp;10:45 hodin. Zveme v\u0161echny p\u0159\u00edznivce na\u0161eho dorostu. <\/strong><\/span><\/p>\n<p style=\"text-align: justify;\"><span style=\"font-size: 12pt; font-family: helvetica, arial, sans-serif;\"><strong><u>Toto &nbsp;a p\u0159\u00ed\u0161t\u00ed kolo hraj\u00ed <\/u><\/strong><\/span><\/p>\n<table width=\"483\">\n<tbody>\n<tr>\n<td width=\"241\"><span style=\"font-size: 12pt; font-family: helvetica, arial, sans-serif;\">Hradec nad Moravic\u00ed&nbsp;&#8211;&nbsp;Sv\u011btl\u00e1 Hora<\/span><\/td>\n<td width=\"241\"><span style=\"font-size: 12pt; font-family: helvetica, arial, sans-serif;\">Velk\u00e1 Polom &#8211; H\u00e1j ve Slezsku<\/span><\/td>\n<\/tr>\n<tr>\n<td width=\"241\"><span style=\"font-size: 12pt; font-family: helvetica, arial, sans-serif;\">Polanka&nbsp;&#8211;&nbsp;Velk\u00e1 Polom<\/span><\/td>\n<td width=\"241\"><span style=\"font-size: 12pt; font-family: helvetica, arial, sans-serif;\">Sv\u011btl\u00e1 Hora &#8211; Doln\u00ed Lhota<\/span><\/td>\n<\/tr>\n<tr>\n<td width=\"241\"><span style=\"font-size: 12pt; font-family: helvetica, arial, sans-serif;\"><strong>R\u00fdma\u0159ov<\/strong><strong>&nbsp;&#8211;&nbsp;Kobe\u0159ice&nbsp;<\/strong><\/span><\/td>\n<td width=\"241\"><span style=\"font-size: 12pt; font-family: helvetica, arial, sans-serif;\"><strong>Fulnek<\/strong> &#8211; <strong>Kobe\u0159ice<\/strong><\/span><\/td>\n<\/tr>\n<tr>\n<td width=\"241\"><span style=\"font-size: 12pt; font-family: helvetica, arial, sans-serif;\">Doln\u00ed Lhota&nbsp;&#8211;&nbsp;Hlu\u010d\u00edn B<\/span><\/td>\n<td width=\"241\"><span style=\"font-size: 12pt; font-family: helvetica, arial, sans-serif;\">Darkovi\u010dky &#8211; Doln\u00ed Bene\u0161ov<\/span><\/td>\n<\/tr>\n<tr>\n<td width=\"241\"><span style=\"font-size: 12pt; font-family: helvetica, arial, sans-serif;\">V\u0159esina&nbsp;&#8211;&nbsp;Fulnek<\/span><\/td>\n<td width=\"241\"><span style=\"font-size: 12pt; font-family: helvetica, arial, sans-serif;\">Svinov &#8211; Hradec nad Moravic\u00ed<\/span><\/td>\n<\/tr>\n<tr>\n<td width=\"241\"><span style=\"font-size: 12pt; font-family: helvetica, arial, sans-serif;\">H\u00e1j ve Slezsku&nbsp;&#8211;&nbsp;Darkovi\u010dky<\/span><\/td>\n<td width=\"241\"><span style=\"font-size: 12pt; font-family: helvetica, arial, sans-serif;\">V\u0159esina &#8211; Polanka<\/span><\/td>\n<\/tr>\n<tr>\n<td width=\"241\"><span style=\"font-size: 12pt; font-family: helvetica, arial, sans-serif;\">Doln\u00ed Bene\u0161ov&nbsp;&#8211;&nbsp;Svinov<\/span><\/td>\n<td width=\"241\"><span style=\"font-size: 12pt; font-family: helvetica, arial, sans-serif;\">Hlu\u010d\u00edn B &#8211; R\u00fdma\u0159ov<\/span><\/td>\n<\/tr>\n<\/tbody>\n<\/table>\n<p style=\"text-align: justify;\">&nbsp;<\/p>\n<p style=\"text-align: justify;\"><span style=\"font-size: 14pt; font-family: helvetica, arial, sans-serif;\"><strong>V&nbsp;p\u0159\u00ed\u0161t\u00edm kole sehraj\u00ed star\u0161\u00ed a mlad\u0161\u00ed \u017e\u00e1ci dom\u00e1c\u00ed utk\u00e1n\u00ed s&nbsp;Darkovi\u010dkami. <\/strong><\/span><\/p>\n<p style=\"text-align: justify;\"><span style=\"font-size: 12pt; font-family: helvetica, arial, sans-serif;\"><strong>Utk\u00e1n\u00ed krajsk\u00e9ho p\u0159eboru star\u0161\u00edch a mlad\u0161\u00edch \u017e\u00e1k\u016f Kobe\u0159ice &#8211; Darkovi\u010dky se bude hr\u00e1t v&nbsp;sobotu 1. z\u00e1\u0159\u00ed od 12:45 pro mlad\u0161\u00ed a 14:30 pro star\u0161\u00ed \u017e\u00e1ky. Zveme v\u0161echny p\u0159\u00edznivce na\u0161ich \u017e\u00e1kovsk\u00fdch mu\u017estev. <\/strong><\/span><\/p>\n<p>&nbsp;<\/p>\n","protected":false},"excerpt":{"rendered":"<p>Budeme hr\u00e1t \u201ederby\u201c v&nbsp;Bolatic\u00edch Po vyd\u0159en\u00e9m v\u00edt\u011bzstv\u00ed s&nbsp;Jakub\u010dovicemi budou hr\u00e1t na\u0161i fotbalist\u00e9 \u201eA\u201c mu\u017estva s&nbsp;celkem Bolatic, kde to jist\u011b nebude lehk\u00e9, nebo\u0165 se jedn\u00e1 o presti\u017en\u00ed<span class=\"excerpt-hellip\"> [\u2026]<\/span><\/p>\n","protected":false},"author":3,"featured_media":3370,"comment_status":"closed","ping_status":"open","sticky":false,"template":"","format":"standard","meta":{"ngg_post_thumbnail":0,"footnotes":""},"categories":[115,112,110,107,117,103,111,150,102],"tags":[],"class_list":["post-5422","post","type-post","status-publish","format-standard","has-post-thumbnail","hentry","category-a-tym","category-b-tym","category-dorost","category-fotbal","category-mladsi-zaci","category-pozvanky","category-starsi-zaci","category-vse","category-zapasy"],"_links":{"self":[{"href":"https:\/\/tjsokolkoberice.cz\/index.php?rest_route=\/wp\/v2\/posts\/5422","targetHints":{"allow":["GET"]}}],"collection":[{"href":"https:\/\/tjsokolkoberice.cz\/index.php?rest_route=\/wp\/v2\/posts"}],"about":[{"href":"https:\/\/tjsokolkoberice.cz\/index.php?rest_route=\/wp\/v2\/types\/post"}],"author":[{"embeddable":true,"href":"https:\/\/tjsokolkoberice.cz\/index.php?rest_route=\/wp\/v2\/users\/3"}],"replies":[{"embeddable":true,"href":"https:\/\/tjsokolkoberice.cz\/index.php?rest_route=%2Fwp%2Fv2%2Fcomments&post=5422"}],"version-history":[{"count":1,"href":"https:\/\/tjsokolkoberice.cz\/index.php?rest_route=\/wp\/v2\/posts\/5422\/revisions"}],"predecessor-version":[{"id":5423,"href":"https:\/\/tjsokolkoberice.cz\/index.php?rest_route=\/wp\/v2\/posts\/5422\/revisions\/5423"}],"wp:featuredmedia":[{"embeddable":true,"href":"https:\/\/tjsokolkoberice.cz\/index.php?rest_route=\/wp\/v2\/media\/3370"}],"wp:attachment":[{"href":"https:\/\/tjsokolkoberice.cz\/index.php?rest_route=%2Fwp%2Fv2%2Fmedia&parent=5422"}],"wp:term":[{"taxonomy":"category","embeddable":true,"href":"https:\/\/tjsokolkoberice.cz\/index.php?rest_route=%2Fwp%2Fv2%2Fcategories&post=5422"},{"taxonomy":"post_tag","embeddable":true,"href":"https:\/\/tjsokolkoberice.cz\/index.php?rest_route=%2Fwp%2Fv2%2Ftags&post=5422"}],"curies":[{"name":"wp","href":"https:\/\/api.w.org\/{rel}","templated":true}]}}