{"id":5445,"date":"2018-09-06T01:48:29","date_gmt":"2018-09-06T00:48:29","guid":{"rendered":"https:\/\/tjsokolkoberice.cz\/?p=5445"},"modified":"2025-10-14T11:54:07","modified_gmt":"2025-10-14T10:54:07","slug":"vikendovy-program-nasich-muzstev-49","status":"publish","type":"post","link":"https:\/\/tjsokolkoberice.cz\/?p=5445","title":{"rendered":"V\u00edkendov\u00fd program na\u0161ich mu\u017estev"},"content":{"rendered":"<p style=\"text-align: justify;\"><span style=\"font-family: helvetica, arial, sans-serif; font-size: 14pt;\"><strong>V&nbsp;dom\u00e1c\u00edm prost\u0159ed\u00ed se Such\u00fdmi Lazcemi<\/strong><\/span><\/p>\n<p style=\"text-align: justify;\"><span style=\"font-family: helvetica, arial, sans-serif; font-size: 12pt;\">Po vyda\u0159en\u00e9m derby s&nbsp;Bolaticemi budou hr\u00e1\u010di na\u0161eho A mu\u017estva hostit&nbsp;nov\u00e1\u010dka sout\u011b\u017ee ze Such\u00fdch Lazc\u016f, kter\u00fd je pr\u016fb\u011b\u017en\u011b na posledn\u00edm m\u00edst\u011b krajsk\u00e9 sout\u011b\u017ee&nbsp; I.A t\u0159\u00eddy. Zat\u00edm hr\u00e1\u010di Such\u00fdch Lazc\u016f nez\u00edskali ani bod a k&nbsp;utk\u00e1n\u00ed s&nbsp;na\u0161\u00edm celkem nastupuj\u00ed po por\u00e1\u017ece s&nbsp;V\u0159esinou 1:2.<\/span><\/p>\n<p style=\"text-align: justify;\"><span style=\"font-family: helvetica, arial, sans-serif; font-size: 12pt;\">Na\u0161i hr\u00e1\u010di jsou v&nbsp;tomto utk\u00e1n\u00ed jasn\u00fdmi favority a jin\u00fd v\u00fdsledek ne\u017e v\u00edt\u011bzstv\u00ed si oni ani fanou\u0161ci nep\u0159ipou\u0161t\u011bj\u00ed, ale bylo by velikou chybou nastupovat k&nbsp;utk\u00e1n\u00ed p\u0159edem jako v\u00edt\u011bzov\u00e9 a sv\u00e9ho soupe\u0159e podcenit. Tak\u00e9 v tomto utk\u00e1n\u00ed mus\u00edme hr\u00e1t s&nbsp;nasazen\u00edm a sv\u00e9ho soupe\u0159e nepodcenit zvl\u00e1\u0161t\u011b, kdy\u017e soupe\u0159 nem\u00e1 co ztratit a bude se cht\u00edt u n\u00e1s vyt\u00e1hnout.&nbsp;&nbsp;&nbsp;&nbsp;&nbsp;&nbsp;<\/span><\/p>\n<p style=\"text-align: justify;\"><span style=\"font-family: helvetica, arial, sans-serif; font-size: 12pt;\"><strong>Utk\u00e1n\u00ed TJ Sokol Kobe\u0159ice \u2013 Such\u00e9 Lazce se bude hr\u00e1t v&nbsp;ned\u011bli 9. z\u00e1\u0159\u00ed 2018 od 16:00 hodin. Zveme v\u0161echny fotbalov\u00e9 fanou\u0161ky.<\/strong><\/span><\/p>\n<p style=\"text-align: justify;\"><span style=\"font-family: helvetica, arial, sans-serif; font-size: 12pt;\"><strong><u>Program IA.t\u0159\u00eddy v&nbsp;tomto a p\u0159\u00ed\u0161t\u00edm &nbsp;kole<\/u><\/strong><\/span><\/p>\n<table width=\"0\">\n<tbody>\n<tr>\n<td width=\"192\"><span style=\"font-family: helvetica, arial, sans-serif; font-size: 12pt;\">Chlebi\u010dov &#8211; Jakub\u010dovice<\/span><\/td>\n<td width=\"203\"><span style=\"font-family: helvetica, arial, sans-serif; font-size: 12pt;\">Velk\u00e9 Heraltice &#8211; Krava\u0159e<\/span><\/td>\n<\/tr>\n<tr>\n<td width=\"192\"><span style=\"font-family: helvetica, arial, sans-serif; font-size: 12pt;\">Ludge\u0159ovice &#8211; Fulnek<\/span><\/td>\n<td width=\"203\"><span style=\"font-family: helvetica, arial, sans-serif; font-size: 12pt;\">Fulnek &#8211; Darkovi\u010dky<\/span><\/td>\n<\/tr>\n<tr>\n<td width=\"192\"><span style=\"font-family: helvetica, arial, sans-serif; font-size: 12pt;\">Mokr\u00e9 Lazce &#8211; Bolatice&nbsp;<\/span><\/td>\n<td width=\"203\"><span style=\"font-family: helvetica, arial, sans-serif; font-size: 12pt;\">Jakub\u010dovice &#8211; Ludge\u0159ovice<\/span><\/td>\n<\/tr>\n<tr>\n<td width=\"192\"><span style=\"font-family: helvetica, arial, sans-serif; font-size: 12pt;\">Darkovi\u010dky &#8211; Velk\u00e9 Heraltice<\/span><\/td>\n<td width=\"203\"><span style=\"font-family: helvetica, arial, sans-serif; font-size: 12pt;\">Bolatice &#8211; Chlebi\u010dov<\/span><\/td>\n<\/tr>\n<tr>\n<td width=\"192\"><span style=\"font-family: helvetica, arial, sans-serif; font-size: 12pt;\">Krava\u0159e &#8211; \u0160t\u011bp\u00e1nkovice&nbsp;<\/span><\/td>\n<td width=\"203\"><span style=\"font-family: helvetica, arial, sans-serif; font-size: 12pt;\"><strong>Kobe\u0159ice &#8211; Mokr\u00e9 Lazce <\/strong><\/span><\/td>\n<\/tr>\n<tr>\n<td width=\"192\"><span style=\"font-family: helvetica, arial, sans-serif; font-size: 12pt;\">V\u0159esina &#8211; Slavkov<\/span><\/td>\n<td width=\"203\"><span style=\"font-family: helvetica, arial, sans-serif; font-size: 12pt;\">Slavkov &#8211; Such\u00e9 Lazce<\/span><\/td>\n<\/tr>\n<tr>\n<td width=\"192\"><span style=\"font-family: helvetica, arial, sans-serif; font-size: 12pt;\"><strong>Kobe\u0159ice &#8211; Such\u00e9 Lazce <\/strong><\/span><\/td>\n<td width=\"203\"><span style=\"font-family: helvetica, arial, sans-serif; font-size: 12pt;\">\u0160t\u011bp\u00e1nkovice &#8211; V\u0159esina<\/span><\/td>\n<\/tr>\n<\/tbody>\n<\/table>\n<p style=\"text-align: justify;\">&nbsp;<\/p>\n<p style=\"text-align: justify;\"><span style=\"font-family: helvetica, arial, sans-serif; font-size: 14pt;\"><strong>Mu\u017ei B budou hr\u00e1t s P\u00ed\u0161t\u00ed<\/strong><\/span><\/p>\n<p style=\"text-align: justify;\"><span style=\"font-family: helvetica, arial, sans-serif; font-size: 12pt;\">Hr\u00e1\u010di na\u0161\u00ed rezervy budou v&nbsp;dal\u0161\u00edm utk\u00e1n\u00ed okresn\u00edho p\u0159eboru hr\u00e1t v&nbsp;dom\u00e1c\u00edm prost\u0159ed\u00ed s&nbsp;celkem P\u00ed\u0161t\u011b, kter\u00fd je na 11. m\u00edst\u011b tabulky okresn\u00edho p\u0159eboru. M\u00e1 celkem 4 body za jedno v\u00edt\u011bzstv\u00ed a jednu rem\u00edzu. Mu\u017estvo Slavie P\u00ed\u0161\u0165 sestoupilo do okresn\u00edho p\u0159eboru z&nbsp;krajsk\u00e9 sout\u011b\u017ee I.B t\u0159\u00eddy.<\/span><\/p>\n<p style=\"text-align: justify;\"><span style=\"font-family: helvetica, arial, sans-serif; font-size: 12pt;\">Pro na\u0161e b\u00e9\u010dko by m\u011blo hovo\u0159it dom\u00e1c\u00ed prost\u0159ed\u00ed. Tak v\u011b\u0159me, \u017ee hr\u00e1\u010di na\u0161\u00ed rezervy se kone\u010dn\u011b vzchop\u00ed a dovedou toto utk\u00e1n\u00ed kone\u010dn\u011b ke k\u00fd\u017een\u00e9mu prvn\u00edmu v\u00edt\u011bzstv\u00ed v&nbsp;t\u00e9to fotbalov\u00e9 sez\u00f3n\u011b.<\/span><\/p>\n<p style=\"text-align: justify;\"><span style=\"font-family: helvetica, arial, sans-serif; font-size: 12pt;\"><strong>Utk\u00e1n\u00ed TJ Sokol Kobe\u0159ice B \u2013 Slavia P\u00ed\u0161\u0165&nbsp; se bude hr\u00e1t v&nbsp;sobotu 8. z\u00e1\u0159\u00ed od 16:00 hodin. Zveme v\u0161echny p\u0159\u00edznivce na\u0161eho \u201eB\u201c mu\u017estva. <\/strong><\/span><\/p>\n<p style=\"text-align: justify;\"><span style=\"font-family: helvetica, arial, sans-serif; font-size: 12pt;\"><strong><u>Toto a p\u0159\u00ed\u0161t\u00ed kolo hraj\u00ed <\/u><\/strong><\/span><\/p>\n<table width=\"0\">\n<tbody>\n<tr>\n<td width=\"211\"><span style=\"font-family: helvetica, arial, sans-serif; font-size: 12pt;\">Hlavnice &#8211; V\u00e1vrovice<\/span><\/td>\n<td width=\"211\"><span style=\"font-family: helvetica, arial, sans-serif; font-size: 12pt;\"><strong>Jakartovice &#8211; Kobe\u0159ice &#8222;B&#8220; <\/strong><\/span><\/td>\n<\/tr>\n<tr>\n<td width=\"211\"><span style=\"font-family: helvetica, arial, sans-serif; font-size: 12pt;\"><strong>Kobe\u0159ice &#8222;B&#8220; &#8211; P\u00ed\u0161\u0165 <\/strong><\/span><\/td>\n<td width=\"211\"><span style=\"font-family: helvetica, arial, sans-serif; font-size: 12pt;\">V\u00e1vrovice &#8211; Litultovice<\/span><\/td>\n<\/tr>\n<tr>\n<td width=\"211\"><span style=\"font-family: helvetica, arial, sans-serif; font-size: 12pt;\">St\u011bbo\u0159ice &#8211; Dobroslavice<\/span><\/td>\n<td width=\"211\"><span style=\"font-family: helvetica, arial, sans-serif; font-size: 12pt;\">B\u0159ezov\u00e1 &#8211; Hlavnice&nbsp;<\/span><\/td>\n<\/tr>\n<tr>\n<td width=\"211\"><span style=\"font-family: helvetica, arial, sans-serif; font-size: 12pt;\">T\u011b\u0161kovice &#8211; V\u0159esina<\/span><\/td>\n<td width=\"211\"><span style=\"font-family: helvetica, arial, sans-serif; font-size: 12pt;\">Slavia Opava &#8211; Slu\u017eovice<\/span><\/td>\n<\/tr>\n<tr>\n<td width=\"211\"><span style=\"font-family: helvetica, arial, sans-serif; font-size: 12pt;\">\u0160t\u00edtina &#8211; Slavia Opava<\/span><\/td>\n<td width=\"211\"><span style=\"font-family: helvetica, arial, sans-serif; font-size: 12pt;\">Dobroslavice &#8211; T\u011b\u0161kovice<\/span><\/td>\n<\/tr>\n<tr>\n<td width=\"211\"><span style=\"font-family: helvetica, arial, sans-serif; font-size: 12pt;\">Slu\u017eovice &#8211; B\u0159ezov\u00e1<\/span><\/td>\n<td width=\"211\"><span style=\"font-family: helvetica, arial, sans-serif; font-size: 12pt;\">V\u0159esina &#8211; \u0160t\u00edtina&nbsp;<\/span><\/td>\n<\/tr>\n<tr>\n<td width=\"211\"><span style=\"font-family: helvetica, arial, sans-serif; font-size: 12pt;\">Litultovice &#8211; Jakartovice<\/span><\/td>\n<td width=\"211\"><span style=\"font-family: helvetica, arial, sans-serif; font-size: 12pt;\">P\u00ed\u0161\u0165 &#8211; St\u011bbo\u0159ice<\/span><\/td>\n<\/tr>\n<\/tbody>\n<\/table>\n<p style=\"text-align: justify;\">&nbsp;<\/p>\n<p style=\"text-align: justify;\"><span style=\"font-family: helvetica, arial, sans-serif; font-size: 14pt;\"><strong>Dorostenci zaj\u00ed\u017ed\u011bj\u00ed k&nbsp;dal\u0161\u00edmu utk\u00e1n\u00ed do Fulneku<\/strong><\/span><\/p>\n<p style=\"text-align: justify;\"><span style=\"font-family: helvetica, arial, sans-serif; font-size: 12pt;\">Po por\u00e1\u017ece s R\u00fdma\u0159ovem budou hr\u00e1t na\u0161i dorostenci ve Fulneku, kte\u0159\u00ed jsou na 10. m\u00edst\u011b tabulky krajsk\u00e9 sout\u011b\u017ee. Odehr\u00e1li 4 utk\u00e1n\u00ed, kdy\u017e jednou vyhr\u00e1li a t\u0159i prohr\u00e1li. Na\u0161i jsou na posledn\u00edm m\u00edst\u011b bez bod\u016f a v&nbsp;t\u00e9to sez\u00f3n\u011b se jim zat\u00edm neda\u0159\u00ed. Soupe\u0159\u016fm jsme vs\u00edtili pouze \u010dty\u0159i branky a obdr\u017eeli jich 14.<\/span><\/p>\n<p style=\"text-align: justify;\"><span style=\"font-family: helvetica, arial, sans-serif; font-size: 12pt;\"><strong>Utk\u00e1n\u00ed dorostu Fulnek &#8211; Kobe\u0159ice se bude hr\u00e1t v&nbsp;sobotu 8. z\u00e1\u0159\u00ed od 12:30 hodin. Zveme v\u0161echny p\u0159\u00edznivce na\u0161eho dorostu. <\/strong><\/span><\/p>\n<p style=\"text-align: justify;\"><span style=\"font-family: helvetica, arial, sans-serif; font-size: 12pt;\"><strong><u>Toto&nbsp; a p\u0159\u00ed\u0161t\u00ed kolo hraj\u00ed <\/u><\/strong><\/span><\/p>\n<table width=\"0\">\n<tbody>\n<tr>\n<td width=\"260\"><span style=\"font-family: helvetica, arial, sans-serif; font-size: 12pt;\">Velk\u00e1 Polom &#8211; H\u00e1j ve Slezsku<\/span><\/td>\n<td width=\"271\"><span style=\"font-family: helvetica, arial, sans-serif; font-size: 12pt;\">Hradec nad Moravic\u00ed &#8211; Darkovi\u010dky<\/span><\/td>\n<\/tr>\n<tr>\n<td width=\"260\"><span style=\"font-family: helvetica, arial, sans-serif; font-size: 12pt;\">Sv\u011btl\u00e1 Hora &#8211; Doln\u00ed Lhota<\/span><\/td>\n<td width=\"271\"><span style=\"font-family: helvetica, arial, sans-serif; font-size: 12pt;\">Polanka &#8211; Fulnek<\/span><\/td>\n<\/tr>\n<tr>\n<td width=\"260\"><span style=\"font-family: helvetica, arial, sans-serif; font-size: 12pt;\"><strong>Fulnek<\/strong> &#8211; <strong>Kobe\u0159ice<\/strong><\/span><\/td>\n<td width=\"271\"><span style=\"font-family: helvetica, arial, sans-serif; font-size: 12pt;\">R\u00fdma\u0159ov &#8211; Sv\u011btl\u00e1 Hora<\/span><\/td>\n<\/tr>\n<tr>\n<td width=\"260\"><span style=\"font-family: helvetica, arial, sans-serif; font-size: 12pt;\">Darkovi\u010dky &#8211; Doln\u00ed Bene\u0161ov<\/span><\/td>\n<td width=\"271\"><span style=\"font-family: helvetica, arial, sans-serif; font-size: 12pt;\"><strong>Kobe\u0159ice &#8211; Hlu\u010d\u00edn B <\/strong><\/span><\/td>\n<\/tr>\n<tr>\n<td width=\"260\"><span style=\"font-family: helvetica, arial, sans-serif; font-size: 12pt;\">Svinov &#8211; Hradec nad Moravic\u00ed<\/span><\/td>\n<td width=\"271\"><span style=\"font-family: helvetica, arial, sans-serif; font-size: 12pt;\">H\u00e1j ve Slezsku &#8211; V\u0159esina<\/span><\/td>\n<\/tr>\n<tr>\n<td width=\"260\"><span style=\"font-family: helvetica, arial, sans-serif; font-size: 12pt;\">V\u0159esina &#8211; Polanka<\/span><\/td>\n<td width=\"271\"><span style=\"font-family: helvetica, arial, sans-serif; font-size: 12pt;\">Doln\u00ed Bene\u0161ov &#8211; Velk\u00e1 Polom<\/span><\/td>\n<\/tr>\n<tr>\n<td width=\"260\"><span style=\"font-family: helvetica, arial, sans-serif; font-size: 12pt;\">Hlu\u010d\u00edn B &#8211; R\u00fdma\u0159ov<\/span><\/td>\n<td width=\"271\"><span style=\"font-family: helvetica, arial, sans-serif; font-size: 12pt;\">Doln\u00ed Lhota &#8211; Svinov<\/span><\/td>\n<\/tr>\n<\/tbody>\n<\/table>\n<p style=\"text-align: justify;\">&nbsp;<\/p>\n<p style=\"text-align: justify;\"><span style=\"font-family: helvetica, arial, sans-serif; font-size: 12pt;\"><strong>V&nbsp;p\u0159\u00ed\u0161t\u00edm kole sehraj\u00ed star\u0161\u00ed a mlad\u0161\u00ed \u017e\u00e1ci dom\u00e1c\u00ed utk\u00e1n\u00ed s&nbsp;celkem Horn\u00ed Such\u00e9. Utk\u00e1n\u00ed krajsk\u00e9ho p\u0159eboru star\u0161\u00edch a mlad\u0161\u00edch \u017e\u00e1k\u016f Kobe\u0159ice &#8211; Horn\u00ed Such\u00e1&nbsp; se bude hr\u00e1t v&nbsp;sobotu 9. z\u00e1\u0159\u00ed od 12:15 pro star\u0161\u00ed a 14:30 pro mlad\u0161\u00ed \u017e\u00e1ky.<\/strong><\/span><\/p>\n","protected":false},"excerpt":{"rendered":"<p>V&nbsp;dom\u00e1c\u00edm prost\u0159ed\u00ed se Such\u00fdmi Lazcemi Po vyda\u0159en\u00e9m derby s&nbsp;Bolaticemi budou hr\u00e1\u010di na\u0161eho A mu\u017estva hostit&nbsp;nov\u00e1\u010dka sout\u011b\u017ee ze Such\u00fdch Lazc\u016f, kter\u00fd je pr\u016fb\u011b\u017en\u011b na posledn\u00edm m\u00edst\u011b krajsk\u00e9<span class=\"excerpt-hellip\"> [\u2026]<\/span><\/p>\n","protected":false},"author":3,"featured_media":3787,"comment_status":"closed","ping_status":"open","sticky":false,"template":"","format":"standard","meta":{"ngg_post_thumbnail":0,"footnotes":""},"categories":[115,112,110,107,103,102],"tags":[],"class_list":["post-5445","post","type-post","status-publish","format-standard","has-post-thumbnail","hentry","category-a-tym","category-b-tym","category-dorost","category-fotbal","category-pozvanky","category-zapasy"],"_links":{"self":[{"href":"https:\/\/tjsokolkoberice.cz\/index.php?rest_route=\/wp\/v2\/posts\/5445","targetHints":{"allow":["GET"]}}],"collection":[{"href":"https:\/\/tjsokolkoberice.cz\/index.php?rest_route=\/wp\/v2\/posts"}],"about":[{"href":"https:\/\/tjsokolkoberice.cz\/index.php?rest_route=\/wp\/v2\/types\/post"}],"author":[{"embeddable":true,"href":"https:\/\/tjsokolkoberice.cz\/index.php?rest_route=\/wp\/v2\/users\/3"}],"replies":[{"embeddable":true,"href":"https:\/\/tjsokolkoberice.cz\/index.php?rest_route=%2Fwp%2Fv2%2Fcomments&post=5445"}],"version-history":[{"count":1,"href":"https:\/\/tjsokolkoberice.cz\/index.php?rest_route=\/wp\/v2\/posts\/5445\/revisions"}],"predecessor-version":[{"id":5446,"href":"https:\/\/tjsokolkoberice.cz\/index.php?rest_route=\/wp\/v2\/posts\/5445\/revisions\/5446"}],"wp:featuredmedia":[{"embeddable":true,"href":"https:\/\/tjsokolkoberice.cz\/index.php?rest_route=\/wp\/v2\/media\/3787"}],"wp:attachment":[{"href":"https:\/\/tjsokolkoberice.cz\/index.php?rest_route=%2Fwp%2Fv2%2Fmedia&parent=5445"}],"wp:term":[{"taxonomy":"category","embeddable":true,"href":"https:\/\/tjsokolkoberice.cz\/index.php?rest_route=%2Fwp%2Fv2%2Fcategories&post=5445"},{"taxonomy":"post_tag","embeddable":true,"href":"https:\/\/tjsokolkoberice.cz\/index.php?rest_route=%2Fwp%2Fv2%2Ftags&post=5445"}],"curies":[{"name":"wp","href":"https:\/\/api.w.org\/{rel}","templated":true}]}}