{"id":5479,"date":"2018-09-21T11:54:42","date_gmt":"2018-09-21T10:54:42","guid":{"rendered":"https:\/\/tjsokolkoberice.cz\/?p=5479"},"modified":"2025-10-14T11:53:55","modified_gmt":"2025-10-14T10:53:55","slug":"vikendovy-program-nasich-muzstev-51","status":"publish","type":"post","link":"https:\/\/tjsokolkoberice.cz\/?p=5479","title":{"rendered":"V\u00edkendov\u00fd program na\u0161ich mu\u017estev"},"content":{"rendered":"<p style=\"text-align: justify;\"><span style=\"font-family: helvetica, arial, sans-serif; font-size: 14pt;\"><strong>Dal\u0161\u00ed utk\u00e1n\u00ed \u010dek\u00e1 na\u0161e fotbalisty v&nbsp;sobotu v Chlebi\u010dov\u011b<\/strong><\/span><\/p>\n<p style=\"text-align: justify;\"><span style=\"font-family: helvetica, arial, sans-serif; font-size: 12pt;\">Po dvou v\u00edt\u011bzn\u00fdch dom\u00e1c\u00edch utk\u00e1n\u00edch \u010dekaj\u00ed na na\u0161e fotbalisty \u201eA\u201c mu\u017estva fotbalist\u00e9 Chlebi\u010dova. V&nbsp;tomto presti\u017en\u00edm utk\u00e1n\u00ed jsme minule s&nbsp;Chlebi\u010dovem prohr\u00e1li a tak by na\u0161i fotbalist\u00e9 m\u011bli b\u00fdt ve st\u0159ehu.<\/span><\/p>\n<p style=\"text-align: justify;\"><span style=\"font-family: helvetica, arial, sans-serif; font-size: 12pt;\"><strong>Utk\u00e1n\u00ed SK Viktoria Chlebi\u010dov &#8211; TJ Sokol Kobe\u0159ice se bude hr\u00e1t v&nbsp;sobotu 22. z\u00e1\u0159\u00ed 2018 od 16:00 hodin. K&nbsp;utk\u00e1n\u00ed se jede auty! Zveme v\u0161echny fotbalov\u00e9 fanou\u0161ky.<\/strong><\/span><\/p>\n<p style=\"text-align: justify;\"><span style=\"font-family: helvetica, arial, sans-serif; font-size: 12pt;\"><strong><u>Program IA.t\u0159\u00eddy v&nbsp;tomto a p\u0159\u00ed\u0161t\u00edm &nbsp;kole<\/u><\/strong><\/span><\/p>\n<table width=\"0\">\n<tbody>\n<tr>\n<td width=\"192\"><span style=\"font-family: helvetica, arial, sans-serif; font-size: 12pt;\">Such\u00e9 Lazce &#8211; Mokr\u00e9 Lazce<\/span><\/td>\n<td width=\"219\"><span style=\"font-family: helvetica, arial, sans-serif; font-size: 12pt;\">Velk\u00e9 Heraltice &#8211; Slavkov<\/span><\/td>\n<\/tr>\n<tr>\n<td width=\"192\"><span style=\"font-family: helvetica, arial, sans-serif; font-size: 12pt;\">&nbsp;Ch<strong>lebi\u010dov<\/strong> &#8211; <strong>Kobe\u0159ice<\/strong><\/span><\/td>\n<td><span style=\"font-family: helvetica, arial, sans-serif; font-size: 12pt;\">Fulnek &#8211; V\u0159esina<\/span><\/td>\n<\/tr>\n<tr>\n<td width=\"192\"><span style=\"font-family: helvetica, arial, sans-serif; font-size: 12pt;\">Darkovi\u010dky &#8211; Jakub\u010dovice<\/span><\/td>\n<td><span style=\"font-family: helvetica, arial, sans-serif; font-size: 12pt;\">Jakub\u010dovice &#8211; Krava\u0159e<\/span><\/td>\n<\/tr>\n<tr>\n<td width=\"192\"><span style=\"font-family: helvetica, arial, sans-serif; font-size: 12pt;\">Krava\u0159e &#8211; Fulnek<\/span><\/td>\n<td><span style=\"font-family: helvetica, arial, sans-serif; font-size: 12pt;\">Mokr\u00e9 Lazce &#8211; Chlebi\u010dov<\/span><\/td>\n<\/tr>\n<tr>\n<td width=\"192\"><span style=\"font-family: helvetica, arial, sans-serif; font-size: 12pt;\">V\u0159esina &#8211; Velk\u00e9 Heraltice<\/span><\/td>\n<td><span style=\"font-family: helvetica, arial, sans-serif; font-size: 12pt;\">Bolatice &#8211; Darkovi\u010dky<\/span><\/td>\n<\/tr>\n<tr>\n<td width=\"192\"><span style=\"font-family: helvetica, arial, sans-serif; font-size: 12pt;\">Slavkov &#8211; \u0160t\u011bp\u00e1nkovice<\/span><\/td>\n<td><span style=\"font-family: helvetica, arial, sans-serif; font-size: 12pt;\"><strong>Kobe\u0159ice &#8211; Ludge\u0159ovice <\/strong><\/span><\/td>\n<\/tr>\n<tr>\n<td width=\"192\"><span style=\"font-family: helvetica, arial, sans-serif; font-size: 12pt;\">Ludge\u0159ovice &#8211; Bolatice<\/span><\/td>\n<td><span style=\"font-family: helvetica, arial, sans-serif; font-size: 12pt;\">\u0160t\u011bp\u00e1nkovice &#8211; Such\u00e9 Lazce<\/span><\/td>\n<\/tr>\n<\/tbody>\n<\/table>\n<p style=\"text-align: justify;\">&nbsp;<\/p>\n<p style=\"text-align: justify;\"><span style=\"font-size: 14pt; font-family: helvetica, arial, sans-serif;\"><strong>Utk\u00e1n\u00ed na\u0161\u00ed rezervy s&nbsp;V\u00e1vrovicemi je po dohod\u011b obou klub\u016f odlo\u017eeno na 10.11.2018<\/strong><\/span><\/p>\n<p style=\"text-align: justify;\">&nbsp;<\/p>\n<p style=\"text-align: justify;\"><span style=\"font-family: helvetica, arial, sans-serif; font-size: 12pt;\"><strong><u>Toto a p\u0159\u00ed\u0161t\u00ed kolo hraj\u00ed <\/u><\/strong><\/span><\/p>\n<table width=\"0\">\n<tbody>\n<tr>\n<td width=\"237\"><span style=\"font-family: helvetica, arial, sans-serif; font-size: 12pt;\">St\u011bbo\u0159ice &#8211; T\u011b\u0161kovice<\/span><\/td>\n<td width=\"200\"><span style=\"font-family: helvetica, arial, sans-serif; font-size: 12pt;\">Jakartovice &#8211; St\u011bbo\u0159ice<\/span><\/td>\n<\/tr>\n<tr>\n<td width=\"237\"><span style=\"font-family: helvetica, arial, sans-serif; font-size: 12pt;\">\u0160t\u00edtina &#8211; Dobroslavice<\/span><\/td>\n<td><span style=\"font-family: helvetica, arial, sans-serif; font-size: 12pt;\">V\u00e1vrovice &#8211; P\u00ed\u0161\u0165<\/span><\/td>\n<\/tr>\n<tr>\n<td width=\"237\"><span style=\"font-family: helvetica, arial, sans-serif; font-size: 12pt;\"><strong>&nbsp;<\/strong><\/span><\/td>\n<td><span style=\"font-family: helvetica, arial, sans-serif; font-size: 12pt;\"><strong>B\u0159ezov\u00e1<\/strong> &#8211; <strong>Kobe\u0159ice &#8222;B&#8220;<\/strong><\/span><\/td>\n<\/tr>\n<tr>\n<td width=\"237\"><span style=\"font-family: helvetica, arial, sans-serif; font-size: 12pt;\">Hlavnice &#8211; Slavia Opava<\/span><\/td>\n<td><span style=\"font-family: helvetica, arial, sans-serif; font-size: 12pt;\">Slavia Opava &#8211; Litultovice<\/span><\/td>\n<\/tr>\n<tr>\n<td width=\"237\"><span style=\"font-family: helvetica, arial, sans-serif; font-size: 12pt;\">Litultovice &#8211; B\u0159ezov\u00e1<\/span><\/td>\n<td><span style=\"font-family: helvetica, arial, sans-serif; font-size: 12pt;\">Dobroslavice &#8211; Slu\u017eovice<\/span><\/td>\n<\/tr>\n<tr>\n<td width=\"237\"><span style=\"font-family: helvetica, arial, sans-serif; font-size: 12pt;\">P\u00ed\u0161\u0165 &#8211; Jakartovice<\/span><\/td>\n<td><span style=\"font-family: helvetica, arial, sans-serif; font-size: 12pt;\">T\u011b\u0161kovice &#8211; \u0160t\u00edtina<\/span><\/td>\n<\/tr>\n<tr>\n<td width=\"237\"><span style=\"font-family: helvetica, arial, sans-serif; font-size: 12pt;\">Slu\u017eovice &#8211; V\u0159esina<\/span><\/td>\n<td><span style=\"font-family: helvetica, arial, sans-serif; font-size: 12pt;\">V\u0159esina &#8211; Hlavnice<\/span><\/td>\n<\/tr>\n<\/tbody>\n<\/table>\n<p style=\"text-align: justify;\">&nbsp;<\/p>\n<p style=\"text-align: justify;\"><span style=\"font-family: helvetica, arial, sans-serif; font-size: 14pt;\"><strong>Dorostenci hraj\u00ed venku se Sv\u011btlou Horou<\/strong><\/span><\/p>\n<p style=\"text-align: justify;\"><span style=\"font-family: helvetica, arial, sans-serif; font-size: 12pt;\">Po v\u00edt\u011bzstv\u00ed nad Hlu\u010d\u00ednem B a nad D. Bene\u0161ovem budou hr\u00e1t na\u0161i dorostenci s&nbsp;dorostenci Sv\u011btl\u00e9 hory, kte\u0159\u00ed jsou na posledn\u00edm m\u00edst\u011b tabulky krajsk\u00e9 sout\u011b\u017ee. Odehr\u00e1li zat\u00edm 6 utk\u00e1n\u00ed, kdy\u017e jednou remizovali a p\u011btkr\u00e1t prohr\u00e1li.<\/span><\/p>\n<p style=\"text-align: justify;\"><span style=\"font-family: helvetica, arial, sans-serif; font-size: 12pt;\">Na\u0161i kluci jsou na pr\u016fb\u011b\u017en\u00e9m 7. m\u00edst\u011b, kdy\u017e z\u00edskali 9 bod\u016f p\u0159i sk\u00f3re 13:16.<\/span><\/p>\n<p style=\"text-align: justify;\"><span style=\"font-family: helvetica, arial, sans-serif; font-size: 12pt;\"><strong>Utk\u00e1n\u00ed dorostu Sv\u011btl\u00e1 Hora &#8211; Kobe\u0159ice se bude hr\u00e1t v&nbsp;sobotu 22. z\u00e1\u0159\u00ed 2018 od 10:45 hodin. Odjezd k&nbsp;utk\u00e1n\u00ed je v&nbsp;8.30 hodin. Zveme v\u0161echny p\u0159\u00edznivce na\u0161eho dorostu. <\/strong><\/span><\/p>\n<p style=\"text-align: justify;\"><span style=\"font-family: helvetica, arial, sans-serif; font-size: 12pt;\"><strong><u>Toto &nbsp;a p\u0159\u00ed\u0161t\u00ed kolo hraj\u00ed <\/u><\/strong><\/span><\/p>\n<table width=\"0\">\n<tbody>\n<tr>\n<td width=\"260\"><span style=\"font-family: helvetica, arial, sans-serif; font-size: 12pt;\">Velk\u00e1 Polom &#8211; Hradec nad Moravic\u00ed<\/span><\/td>\n<td width=\"267\"><span style=\"font-family: helvetica, arial, sans-serif; font-size: 12pt;\">Hradec nad Moravic\u00ed &#8211; V\u0159esina<\/span><\/td>\n<\/tr>\n<tr>\n<td width=\"260\"><span style=\"font-family: helvetica, arial, sans-serif; font-size: 12pt;\"><strong>Sv\u011btl\u00e1 Hora <\/strong>&#8211; <strong>Kobe\u0159ice<\/strong><\/span><\/td>\n<td><span style=\"font-family: helvetica, arial, sans-serif; font-size: 12pt;\">R\u00fdma\u0159ov &#8211; Darkovi\u010dky<\/span><\/td>\n<\/tr>\n<tr>\n<td width=\"260\"><span style=\"font-family: helvetica, arial, sans-serif; font-size: 12pt;\">Polanka &#8211; H\u00e1j ve Slezsku<\/span><\/td>\n<td><span style=\"font-family: helvetica, arial, sans-serif; font-size: 12pt;\"><strong>Kobe\u0159ice<\/strong> &#8211; <strong>Svinov<\/strong><\/span><\/td>\n<\/tr>\n<tr>\n<td width=\"260\"><span style=\"font-family: helvetica, arial, sans-serif; font-size: 12pt;\">Fulnek &#8211; Hlu\u010d\u00edn B<\/span><\/td>\n<td><span style=\"font-family: helvetica, arial, sans-serif; font-size: 12pt;\">H\u00e1j ve Slezsku &#8211; Fulnek<\/span><\/td>\n<\/tr>\n<tr>\n<td width=\"260\"><span style=\"font-family: helvetica, arial, sans-serif; font-size: 12pt;\">Svinov &#8211; R\u00fdma\u0159ov<\/span><\/td>\n<td><span style=\"font-family: helvetica, arial, sans-serif; font-size: 12pt;\">Doln\u00ed Bene\u0161ov &#8211; Polanka<\/span><\/td>\n<\/tr>\n<tr>\n<td width=\"260\"><span style=\"font-family: helvetica, arial, sans-serif; font-size: 12pt;\">Darkovi\u010dky &#8211; Doln\u00ed Lhota<\/span><\/td>\n<td><span style=\"font-family: helvetica, arial, sans-serif; font-size: 12pt;\">Doln\u00ed Lhota &#8211; Velk\u00e1 Polom<\/span><\/td>\n<\/tr>\n<tr>\n<td width=\"260\"><span style=\"font-family: helvetica, arial, sans-serif; font-size: 12pt;\">V\u0159esina &#8211; Doln\u00ed Bene\u0161ov<\/span><\/td>\n<td><span style=\"font-family: helvetica, arial, sans-serif; font-size: 12pt;\">Hlu\u010d\u00edn B &#8211; Sv\u011btl\u00e1 Hora<\/span><\/td>\n<\/tr>\n<\/tbody>\n<\/table>\n<p style=\"text-align: justify;\">&nbsp;<\/p>\n<p style=\"text-align: justify;\">&nbsp;<\/p>\n<p style=\"text-align: justify;\"><span style=\"font-size: 14pt; font-family: helvetica, arial, sans-serif;\"><strong>V&nbsp;p\u0159\u00ed\u0161t\u00edm kole sehraj\u00ed star\u0161\u00ed a mlad\u0161\u00ed \u017e\u00e1ci dom\u00e1c\u00ed utk\u00e1n\u00ed s&nbsp;celkem Krnova. Utk\u00e1n\u00ed krajsk\u00e9ho p\u0159eboru star\u0161\u00edch a mlad\u0161\u00edch \u017e\u00e1k\u016f Kobe\u0159ice &#8211; Krnov &nbsp;se bude hr\u00e1t v&nbsp;sobotu 22. z\u00e1\u0159\u00ed 2018 od 12:15 pro star\u0161\u00ed a 14:00 pro mlad\u0161\u00ed &nbsp;\u017e\u00e1ky. Zveme v\u0161echny p\u0159\u00edznivce na\u0161ich \u017e\u00e1kovsk\u00fdch mu\u017estev. <\/strong><\/span><\/p>\n<p>&nbsp;<\/p>\n","protected":false},"excerpt":{"rendered":"<p>Dal\u0161\u00ed utk\u00e1n\u00ed \u010dek\u00e1 na\u0161e fotbalisty v&nbsp;sobotu v Chlebi\u010dov\u011b Po dvou v\u00edt\u011bzn\u00fdch dom\u00e1c\u00edch utk\u00e1n\u00edch \u010dekaj\u00ed na na\u0161e fotbalisty \u201eA\u201c mu\u017estva fotbalist\u00e9 Chlebi\u010dova. V&nbsp;tomto presti\u017en\u00edm utk\u00e1n\u00ed jsme minule<span class=\"excerpt-hellip\"> [\u2026]<\/span><\/p>\n","protected":false},"author":3,"featured_media":3370,"comment_status":"closed","ping_status":"open","sticky":false,"template":"","format":"standard","meta":{"ngg_post_thumbnail":0,"footnotes":""},"categories":[115,112,110,107,103,102],"tags":[],"class_list":["post-5479","post","type-post","status-publish","format-standard","has-post-thumbnail","hentry","category-a-tym","category-b-tym","category-dorost","category-fotbal","category-pozvanky","category-zapasy"],"_links":{"self":[{"href":"https:\/\/tjsokolkoberice.cz\/index.php?rest_route=\/wp\/v2\/posts\/5479","targetHints":{"allow":["GET"]}}],"collection":[{"href":"https:\/\/tjsokolkoberice.cz\/index.php?rest_route=\/wp\/v2\/posts"}],"about":[{"href":"https:\/\/tjsokolkoberice.cz\/index.php?rest_route=\/wp\/v2\/types\/post"}],"author":[{"embeddable":true,"href":"https:\/\/tjsokolkoberice.cz\/index.php?rest_route=\/wp\/v2\/users\/3"}],"replies":[{"embeddable":true,"href":"https:\/\/tjsokolkoberice.cz\/index.php?rest_route=%2Fwp%2Fv2%2Fcomments&post=5479"}],"version-history":[{"count":2,"href":"https:\/\/tjsokolkoberice.cz\/index.php?rest_route=\/wp\/v2\/posts\/5479\/revisions"}],"predecessor-version":[{"id":5481,"href":"https:\/\/tjsokolkoberice.cz\/index.php?rest_route=\/wp\/v2\/posts\/5479\/revisions\/5481"}],"wp:featuredmedia":[{"embeddable":true,"href":"https:\/\/tjsokolkoberice.cz\/index.php?rest_route=\/wp\/v2\/media\/3370"}],"wp:attachment":[{"href":"https:\/\/tjsokolkoberice.cz\/index.php?rest_route=%2Fwp%2Fv2%2Fmedia&parent=5479"}],"wp:term":[{"taxonomy":"category","embeddable":true,"href":"https:\/\/tjsokolkoberice.cz\/index.php?rest_route=%2Fwp%2Fv2%2Fcategories&post=5479"},{"taxonomy":"post_tag","embeddable":true,"href":"https:\/\/tjsokolkoberice.cz\/index.php?rest_route=%2Fwp%2Fv2%2Ftags&post=5479"}],"curies":[{"name":"wp","href":"https:\/\/api.w.org\/{rel}","templated":true}]}}