{"id":5498,"date":"2018-09-29T08:27:09","date_gmt":"2018-09-29T07:27:09","guid":{"rendered":"https:\/\/tjsokolkoberice.cz\/?p=5498"},"modified":"2025-10-14T11:53:55","modified_gmt":"2025-10-14T10:53:55","slug":"vikendovy-program-nasich-muzstev-52","status":"publish","type":"post","link":"https:\/\/tjsokolkoberice.cz\/?p=5498","title":{"rendered":"V\u00edkendov\u00fd program na\u0161ich mu\u017estev"},"content":{"rendered":"<p style=\"text-align: justify;\"><span style=\"font-size: 14pt; font-family: helvetica, arial, sans-serif;\"><strong>Budeme hr\u00e1t v&nbsp;dom\u00e1c\u00edm prost\u0159ed\u00ed s&nbsp;Ludge\u0159ovicemi<\/strong><\/span><\/p>\n<p style=\"text-align: justify;\"><span style=\"font-size: 12pt; font-family: helvetica, arial, sans-serif;\">Po v\u00edt\u011bzstv\u00ed v&nbsp;presti\u017en\u00edm utk\u00e1n\u00ed s&nbsp;Chlebi\u010dovem budou hr\u00e1t hr\u00e1\u010di na\u0161eho A mu\u017estva v&nbsp;dom\u00e1c\u00edm prost\u0159ed\u00ed s&nbsp;celkem Ludge\u0159ovic, kter\u00e9 jsou po p\u011bti utk\u00e1n\u00edch na pr\u016fb\u011b\u017en\u00e9m 13. m\u00edst\u011b tabulky I.A t\u0159\u00eddy. K&nbsp;n\u00e1m p\u0159ij\u00ed\u017ed\u011bji host\u00e9 po dom\u00e1c\u00edm utk\u00e1n\u00ed s&nbsp;Bolaticemi, kter\u00e9 vlivem viro\u017ay v&nbsp;k\u00e1dru sehr\u00e1li a\u017e ve \u010dtvrtek 27. z\u00e1\u0159\u00ed. V\u00fdsledek utk\u00e1n\u00ed nebyl do uz\u00e1v\u011brky tohoto vyd\u00e1n\u00ed zn\u00e1m. Jedn\u00e1 se tedy o utk\u00e1n\u00ed vedouc\u00edho celku se t\u0159in\u00e1ct\u00fdm. To, \u017ee jsme na vedouc\u00ed pozici n\u00e1s nem\u016f\u017ee ani v&nbsp;tomto utk\u00e1n\u00ed zviklat, ale mus\u00edme &nbsp;od sam\u00e9ho za\u010d\u00e1tku hr\u00e1t zodpov\u011bdn\u011b a s&nbsp;vysok\u00fdm nasazen\u00edm, proto\u017ee pr\u00e1v\u011b takov\u00e1to utk\u00e1n\u00ed jsou velmi nebezpe\u010dn\u00e1 a zr\u00e1dn\u00e1, kdy se soupe\u0159 bude cht\u00edt na n\u00e1s vyt\u00e1hnout.<\/span><\/p>\n<p style=\"text-align: justify;\"><span style=\"font-size: 12pt; font-family: helvetica, arial, sans-serif;\">Na\u0161i hr\u00e1\u010di nastupuj\u00ed k&nbsp;utk\u00e1n\u00ed po v\u00edt\u011bzstv\u00ed v&nbsp;Chlebi\u010dov\u011b a do utk\u00e1n\u00ed jdou jako jedin\u00fd dosud nepora\u017een\u00fd celek. Pr\u00e1v\u011b proto nesm\u00edme sv\u00e9ho soupe\u0159e podcenit.&nbsp;&nbsp;<\/span><\/p>\n<p style=\"text-align: justify;\"><span style=\"font-size: 12pt; font-family: helvetica, arial, sans-serif;\"><strong>Utk\u00e1n\u00ed TJ Sokol Kobe\u0159ice \u2013 TJ Ludge\u0159ovice se bude hr\u00e1t v&nbsp;ned\u011bli 30. z\u00e1\u0159\u00ed 2018 od 15:30 na na\u0161em h\u0159i\u0161ti Zveme v\u0161echny p\u0159\u00edznivce dobr\u00e9ho fotbalu. <\/strong><\/span><\/p>\n<p style=\"text-align: justify;\"><span style=\"font-size: 12pt; font-family: helvetica, arial, sans-serif;\"><strong><u>Program I. A t\u0159\u00eddy v&nbsp;tomto a p\u0159\u00ed\u0161t\u00edm &nbsp;kole<\/u><\/strong><\/span><\/p>\n<table width=\"0\">\n<tbody>\n<tr>\n<td width=\"192\"><span style=\"font-size: 12pt; font-family: helvetica, arial, sans-serif;\">Velk\u00e9 Heraltice &#8211; Slavkov<\/span><\/td>\n<td width=\"263\"><span style=\"font-size: 12pt; font-family: helvetica, arial, sans-serif;\">Such\u00e9 Lazce &#8211; Chlebi\u010dov<\/span><\/td>\n<\/tr>\n<tr>\n<td width=\"192\"><span style=\"font-size: 12pt; font-family: helvetica, arial, sans-serif;\">Fulnek &#8211; V\u0159esina<\/span><\/td>\n<td width=\"263\"><span style=\"font-size: 12pt; font-family: helvetica, arial, sans-serif;\">Ludge\u0159ovice &#8211; Mokr\u00e9 Lazce<\/span><\/td>\n<\/tr>\n<tr>\n<td width=\"192\"><span style=\"font-size: 12pt; font-family: helvetica, arial, sans-serif;\">Jakub\u010dovice &#8211; Krava\u0159e<\/span><\/td>\n<td width=\"263\"><span style=\"font-size: 12pt; font-family: helvetica, arial, sans-serif;\"><strong>Darkovi\u010dky<\/strong><strong> &#8211; Kobe\u0159ice <\/strong><\/span><\/td>\n<\/tr>\n<tr>\n<td width=\"192\"><span style=\"font-size: 12pt; font-family: helvetica, arial, sans-serif;\">Mokr\u00e9 Lazce &#8211; Chlebi\u010dov<\/span><\/td>\n<td width=\"263\"><span style=\"font-size: 12pt; font-family: helvetica, arial, sans-serif;\">Krava\u0159e &#8211; Bolatice<\/span><\/td>\n<\/tr>\n<tr>\n<td width=\"192\"><span style=\"font-size: 12pt; font-family: helvetica, arial, sans-serif;\">Bolatice &#8211; Darkovi\u010dky<\/span><\/td>\n<td width=\"263\"><span style=\"font-size: 12pt; font-family: helvetica, arial, sans-serif;\">V\u0159esina &#8211; Jakub\u010dovice<\/span><\/td>\n<\/tr>\n<tr>\n<td width=\"192\"><span style=\"font-size: 12pt; font-family: helvetica, arial, sans-serif;\"><strong>Kobe\u0159ice &#8211; Ludge\u0159ovice <\/strong><\/span><\/td>\n<td width=\"263\"><span style=\"font-size: 12pt; font-family: helvetica, arial, sans-serif;\">Slavkov &#8211; Fulnek<\/span><\/td>\n<\/tr>\n<tr>\n<td width=\"192\"><span style=\"font-size: 12pt; font-family: helvetica, arial, sans-serif;\">\u0160t\u011bp\u00e1nkovice &#8211; Such\u00e9 Lazce<\/span><\/td>\n<td width=\"263\"><span style=\"font-size: 12pt; font-family: helvetica, arial, sans-serif;\">\u0160t\u011bp\u00e1nkovice &#8211; Velk\u00e9 Heraltice<\/span><\/td>\n<\/tr>\n<\/tbody>\n<\/table>\n<p style=\"text-align: justify;\">&nbsp;<\/p>\n<p style=\"text-align: justify;\">&nbsp;<\/p>\n<p style=\"text-align: justify;\"><span style=\"font-size: 14pt; font-family: helvetica, arial, sans-serif;\"><strong>Mu\u017ei B budou hr\u00e1t v B\u0159ezov\u00e9<\/strong><\/span><\/p>\n<p style=\"text-align: justify;\"><span style=\"font-size: 12pt; font-family: helvetica, arial, sans-serif;\">Po t\u00fddenn\u00ed p\u0159est\u00e1vce se st\u0159etnou mu\u017ei B na h\u0159i\u0161ti&nbsp;B\u0159ezov\u00e9, kter\u00e1 je v&nbsp;sou\u010dasn\u00e9 dob\u011b po sedmi utk\u00e1n\u00edch na 10. m\u00edst\u011b tabulky okresn\u00edho p\u0159eboru. Na\u0161i hr\u00e1\u010di jsou posledn\u00ed s&nbsp;jedn\u00edm bodem a na h\u0159i\u0161ti soupe\u0159e nemaj\u00ed co ztratit. Jde jen o to, aby se p\u0159ed\u010dasn\u011b nevzd\u00e1vali a k&nbsp;utk\u00e1n\u00ed nastoupili zodpov\u011bdn\u011b a s&nbsp;nasazen\u00edm a touhou po v\u00edt\u011bzstv\u00ed. V\u011b\u0159me, \u017ee proto na\u0161i borci ud\u011blaj\u00ed v\u0161e a p\u0159ivezou ze h\u0159i\u0161t\u011b soupe\u0159e n\u011bjak\u00e9 body.<\/span><\/p>\n<p style=\"text-align: justify;\"><span style=\"font-size: 12pt; font-family: helvetica, arial, sans-serif;\"><strong>Utk\u00e1n\u00ed okresn\u00edho p\u0159eboru B\u0159ezov\u00e1 &#8211; Kobe\u0159ice \u201eB\u201c se bude hr\u00e1t v&nbsp;sobotu 29. z\u00e1\u0159\u00ed 2018 od 15:30 hodin. Zveme v\u0161echny p\u0159\u00edznivce na\u0161eho \u201eB\u201c mu\u017estva. <\/strong><\/span><\/p>\n<p style=\"text-align: justify;\">&nbsp;<\/p>\n<p style=\"text-align: justify;\"><span style=\"font-size: 12pt; font-family: helvetica, arial, sans-serif;\"><strong><u>Toto a p\u0159\u00ed\u0161t\u00ed kolo hraj\u00ed <\/u><\/strong><\/span><\/p>\n<table width=\"0\">\n<tbody>\n<tr>\n<td width=\"232\"><span style=\"font-size: 12pt; font-family: helvetica, arial, sans-serif;\">Jakartovice &#8211; St\u011bbo\u0159ice<\/span><\/td>\n<td width=\"219\"><span style=\"font-size: 12pt; font-family: helvetica, arial, sans-serif;\">St\u011bbo\u0159ice &#8211; \u0160t\u00edtina<\/span><\/td>\n<\/tr>\n<tr>\n<td width=\"232\"><span style=\"font-size: 12pt; font-family: helvetica, arial, sans-serif;\">V\u00e1vrovice &#8211; P\u00ed\u0161\u0165<\/span><\/td>\n<td><span style=\"font-size: 12pt; font-family: helvetica, arial, sans-serif;\">Hlavnice &#8211; Dobroslavice<\/span><\/td>\n<\/tr>\n<tr>\n<td width=\"232\"><span style=\"font-size: 12pt; font-family: helvetica, arial, sans-serif;\"><strong>B\u0159ezov\u00e1<\/strong> &#8211; <strong>Kobe\u0159ice &#8222;B&#8220;<\/strong><\/span><\/td>\n<td><span style=\"font-size: 12pt; font-family: helvetica, arial, sans-serif;\">Jakartovice &#8211; V\u00e1vrovice<\/span><\/td>\n<\/tr>\n<tr>\n<td width=\"232\"><span style=\"font-size: 12pt; font-family: helvetica, arial, sans-serif;\">Slavia Opava &#8211; Litultovice<\/span><\/td>\n<td><span style=\"font-size: 12pt; font-family: helvetica, arial, sans-serif;\"><strong>Kobe\u0159ice &#8222;B&#8220;<\/strong> &#8211; <strong>Slavia Opava<\/strong><\/span><\/td>\n<\/tr>\n<tr>\n<td width=\"232\"><span style=\"font-size: 12pt; font-family: helvetica, arial, sans-serif;\">Dobroslavice &#8211; Slu\u017eovice<\/span><\/td>\n<td><span style=\"font-size: 12pt; font-family: helvetica, arial, sans-serif;\">P\u00ed\u0161\u0165 &#8211; B\u0159ezov\u00e1<\/span><\/td>\n<\/tr>\n<tr>\n<td width=\"232\"><span style=\"font-size: 12pt; font-family: helvetica, arial, sans-serif;\">T\u011b\u0161kovice &#8211; \u0160t\u00edtina<\/span><\/td>\n<td><span style=\"font-size: 12pt; font-family: helvetica, arial, sans-serif;\">Litultovice &#8211; V\u0159esina<\/span><\/td>\n<\/tr>\n<tr>\n<td width=\"232\"><span style=\"font-size: 12pt; font-family: helvetica, arial, sans-serif;\">V\u0159esina &#8211; Hlavnice<\/span><\/td>\n<td><span style=\"font-size: 12pt; font-family: helvetica, arial, sans-serif;\">Slu\u017eovice &#8211; T\u011b\u0161kovice<\/span><\/td>\n<\/tr>\n<\/tbody>\n<\/table>\n<p style=\"text-align: justify;\">&nbsp;<\/p>\n<p style=\"text-align: justify;\"><span style=\"font-size: 14pt; font-family: helvetica, arial, sans-serif;\"><strong>Dorostenci budou hr\u00e1t v&nbsp;dom\u00e1c\u00edm prost\u0159ed\u00ed se Svinovem<\/strong><\/span><\/p>\n<p style=\"text-align: justify;\"><span style=\"font-size: 12pt; font-family: helvetica, arial, sans-serif;\">Po v\u00edt\u011bzstv\u00ed nad &nbsp;Sv\u011btlou Horou se st\u0159etnou na\u0161i dorostenci se Svinovem, kter\u00fd je na dev\u00e1t\u00e9m m\u00edst\u011b krajsk\u00e9 sout\u011b\u017ee dorostu. K&nbsp;n\u00e1m nastupuje s&nbsp;dev\u00edt\u00ed body, kdy\u017e 3x vyhr\u00e1l a 4x prohr\u00e1l.<\/span><\/p>\n<p style=\"text-align: justify;\"><span style=\"font-size: 12pt; font-family: helvetica, arial, sans-serif;\">Na\u0161i 4x po sob\u011b vyhr\u00e1li, co\u017e je vyneslo se 12 body na pr\u016fb\u011b\u017en\u00e9 7. m\u00edsto krajsk\u00e9 sout\u011b\u017ee dorostu. Do utk\u00e1n\u00ed nastupujeme po v\u00edt\u011bzstv\u00ed se Sv\u011btlou Horou a jejich fanou\u0161ci doufaj\u00ed, \u017ee i v&nbsp;utk\u00e1n\u00ed se Svinovem nic nepodcen\u00ed a nav\u00e1\u017e\u00ed na p\u0159ede\u0161l\u00e1 v\u00edt\u011bzstv\u00ed.<\/span><\/p>\n<p style=\"text-align: justify;\"><span style=\"font-size: 12pt; font-family: helvetica, arial, sans-serif;\"><strong>Utk\u00e1n\u00ed dorostu Kobe\u0159ice &#8211; Svinov se bude hr\u00e1t v&nbsp;ned\u011bli 30. z\u00e1\u0159\u00ed 2018 od 13:15 hodin. P\u0159ij\u010fte na na\u0161e h\u0159i\u0161t\u011b povzbudit na\u0161e dorostence. <\/strong><\/span><\/p>\n<p style=\"text-align: justify;\"><span style=\"font-size: 12pt; font-family: helvetica, arial, sans-serif;\"><strong><u>Toto &nbsp;a p\u0159\u00ed\u0161t\u00ed kolo hraj\u00ed <\/u><\/strong><\/span><\/p>\n<table width=\"0\">\n<tbody>\n<tr>\n<td width=\"260\"><span style=\"font-size: 12pt; font-family: helvetica, arial, sans-serif;\">Hradec nad Moravic\u00ed &#8211; V\u0159esina<\/span><\/td>\n<td width=\"260\"><span style=\"font-size: 12pt; font-family: helvetica, arial, sans-serif;\">Velk\u00e1 Polom &#8211; R\u00fdma\u0159ov<\/span><\/td>\n<\/tr>\n<tr>\n<td width=\"260\"><span style=\"font-size: 12pt; font-family: helvetica, arial, sans-serif;\">R\u00fdma\u0159ov &#8211; Darkovi\u010dky<\/span><\/td>\n<td width=\"260\"><span style=\"font-size: 12pt; font-family: helvetica, arial, sans-serif;\">Polanka &#8211; Hradec nad Moravic\u00ed<\/span><\/td>\n<\/tr>\n<tr>\n<td width=\"260\"><span style=\"font-size: 12pt; font-family: helvetica, arial, sans-serif;\"><strong>Kobe\u0159ice<\/strong> &#8211; <strong>Svinov<\/strong><\/span><\/td>\n<td width=\"260\"><span style=\"font-size: 12pt; font-family: helvetica, arial, sans-serif;\">Fulnek &#8211; Sv\u011btl\u00e1 Hora<\/span><\/td>\n<\/tr>\n<tr>\n<td width=\"260\"><span style=\"font-size: 12pt; font-family: helvetica, arial, sans-serif;\">H\u00e1j ve Slezsku &#8211; Fulnek<\/span><\/td>\n<td width=\"260\"><span style=\"font-size: 12pt; font-family: helvetica, arial, sans-serif;\"><strong>Darkovi\u010dky<\/strong><strong> &#8211; Kobe\u0159ice <\/strong><\/span><\/td>\n<\/tr>\n<tr>\n<td width=\"260\"><span style=\"font-size: 12pt; font-family: helvetica, arial, sans-serif;\">Doln\u00ed Bene\u0161ov &#8211; Polanka<\/span><\/td>\n<td width=\"260\"><span style=\"font-size: 12pt; font-family: helvetica, arial, sans-serif;\">Svinov &#8211; Hlu\u010d\u00edn B<\/span><\/td>\n<\/tr>\n<tr>\n<td width=\"260\"><span style=\"font-size: 12pt; font-family: helvetica, arial, sans-serif;\">Doln\u00ed Lhota &#8211; Velk\u00e1 Polom<\/span><\/td>\n<td width=\"260\"><span style=\"font-size: 12pt; font-family: helvetica, arial, sans-serif;\">V\u0159esina &#8211; Doln\u00ed Lhota<\/span><\/td>\n<\/tr>\n<tr>\n<td width=\"260\"><span style=\"font-size: 12pt; font-family: helvetica, arial, sans-serif;\">Hlu\u010d\u00edn B &#8211; Sv\u011btl\u00e1 Hora<\/span><\/td>\n<td width=\"260\"><span style=\"font-size: 12pt; font-family: helvetica, arial, sans-serif;\">H\u00e1j ve Slezsku &#8211; Doln\u00ed Bene\u0161ov<\/span><\/td>\n<\/tr>\n<\/tbody>\n<\/table>\n<p style=\"text-align: justify;\">&nbsp;<\/p>\n<p style=\"text-align: justify;\"><span style=\"font-size: 12pt; font-family: helvetica, arial, sans-serif;\"><strong>V&nbsp;p\u0159\u00ed\u0161t\u00edm kole budou star\u0161\u00ed a mlad\u0161\u00ed \u017e\u00e1ci hr\u00e1t na h\u0159i\u0161ti Hav\u00ed\u0159ova.&nbsp; Utk\u00e1n\u00ed krajsk\u00e9ho p\u0159eboru Hav\u00ed\u0159ov &#8211; Kobe\u0159ice se bude hr\u00e1t v&nbsp;sobotu 29. z\u00e1\u0159\u00ed 2018 od 13:30 pro mlad\u0161\u00ed a 15:00 pro ster\u0161\u00ed \u017e\u00e1ky. Spole\u010dn\u00fd odjezd je v 11:30 hodin. Zveme v\u0161echny p\u0159\u00edznivce na\u0161ich \u017e\u00e1kovsk\u00fdch mu\u017estev. <\/strong><\/span><\/p>\n<p>&nbsp;<\/p>\n","protected":false},"excerpt":{"rendered":"<p>Budeme hr\u00e1t v&nbsp;dom\u00e1c\u00edm prost\u0159ed\u00ed s&nbsp;Ludge\u0159ovicemi Po v\u00edt\u011bzstv\u00ed v&nbsp;presti\u017en\u00edm utk\u00e1n\u00ed s&nbsp;Chlebi\u010dovem budou hr\u00e1t hr\u00e1\u010di na\u0161eho A mu\u017estva v&nbsp;dom\u00e1c\u00edm prost\u0159ed\u00ed s&nbsp;celkem Ludge\u0159ovic, kter\u00e9 jsou po p\u011bti utk\u00e1n\u00edch na<span class=\"excerpt-hellip\"> [\u2026]<\/span><\/p>\n","protected":false},"author":3,"featured_media":1883,"comment_status":"closed","ping_status":"open","sticky":false,"template":"","format":"standard","meta":{"ngg_post_thumbnail":0,"footnotes":""},"categories":[115,112,110,107,117,103,111,102],"tags":[],"class_list":["post-5498","post","type-post","status-publish","format-standard","has-post-thumbnail","hentry","category-a-tym","category-b-tym","category-dorost","category-fotbal","category-mladsi-zaci","category-pozvanky","category-starsi-zaci","category-zapasy"],"_links":{"self":[{"href":"https:\/\/tjsokolkoberice.cz\/index.php?rest_route=\/wp\/v2\/posts\/5498","targetHints":{"allow":["GET"]}}],"collection":[{"href":"https:\/\/tjsokolkoberice.cz\/index.php?rest_route=\/wp\/v2\/posts"}],"about":[{"href":"https:\/\/tjsokolkoberice.cz\/index.php?rest_route=\/wp\/v2\/types\/post"}],"author":[{"embeddable":true,"href":"https:\/\/tjsokolkoberice.cz\/index.php?rest_route=\/wp\/v2\/users\/3"}],"replies":[{"embeddable":true,"href":"https:\/\/tjsokolkoberice.cz\/index.php?rest_route=%2Fwp%2Fv2%2Fcomments&post=5498"}],"version-history":[{"count":1,"href":"https:\/\/tjsokolkoberice.cz\/index.php?rest_route=\/wp\/v2\/posts\/5498\/revisions"}],"predecessor-version":[{"id":5499,"href":"https:\/\/tjsokolkoberice.cz\/index.php?rest_route=\/wp\/v2\/posts\/5498\/revisions\/5499"}],"wp:featuredmedia":[{"embeddable":true,"href":"https:\/\/tjsokolkoberice.cz\/index.php?rest_route=\/wp\/v2\/media\/1883"}],"wp:attachment":[{"href":"https:\/\/tjsokolkoberice.cz\/index.php?rest_route=%2Fwp%2Fv2%2Fmedia&parent=5498"}],"wp:term":[{"taxonomy":"category","embeddable":true,"href":"https:\/\/tjsokolkoberice.cz\/index.php?rest_route=%2Fwp%2Fv2%2Fcategories&post=5498"},{"taxonomy":"post_tag","embeddable":true,"href":"https:\/\/tjsokolkoberice.cz\/index.php?rest_route=%2Fwp%2Fv2%2Ftags&post=5498"}],"curies":[{"name":"wp","href":"https:\/\/api.w.org\/{rel}","templated":true}]}}