{"id":5513,"date":"2018-10-06T12:32:56","date_gmt":"2018-10-06T11:32:56","guid":{"rendered":"https:\/\/tjsokolkoberice.cz\/?p=5513"},"modified":"2025-10-14T11:53:55","modified_gmt":"2025-10-14T10:53:55","slug":"vikendovy-program-nasich-muzstev-53","status":"publish","type":"post","link":"https:\/\/tjsokolkoberice.cz\/?p=5513","title":{"rendered":"V\u00edkendov\u00fd program na\u0161ich mu\u017estev"},"content":{"rendered":"<p style=\"text-align: justify;\"><span style=\"font-size: 14pt; font-family: helvetica, arial, sans-serif;\"><strong>K&nbsp;dal\u0161\u00edmu utk\u00e1n\u00ed cestujeme do Darkovi\u010dek<\/strong><\/span><\/p>\n<p style=\"text-align: justify;\"><span style=\"font-size: 12pt; font-family: helvetica, arial, sans-serif;\">Mezi zaj\u00edmav\u00e9 duely 9. kola krajsk\u00e9 sout\u011b\u017ee I. A t\u0159\u00eddy bude pat\u0159it tak\u00e9 utk\u00e1n\u00ed na\u0161eho celku se t\u0159et\u00edmi Darkovi\u010dkami, kter\u00e9 maj\u00ed 15 bod\u016f. Darkovi\u010dky v&nbsp;pr\u016fb\u011bhu osmi podzimn\u00edch utk\u00e1n\u00ed 4x vyhr\u00e1li, 3x remizovali a prohr\u00e1li jen jednou s&nbsp;Fulnekem 1:2.<\/span><\/p>\n<p style=\"text-align: justify;\"><span style=\"font-size: 12pt; font-family: helvetica, arial, sans-serif;\">Na\u0161i hr\u00e1\u010di A mu\u017estva jsou na vedouc\u00ed pozici krajsk\u00e9 sout\u011b\u017ee I. A t\u0159\u00eddy s&nbsp;22 body. V&nbsp;dosavadn\u00edm pr\u016fb\u011bhu vyhr\u00e1li sedm utk\u00e1n\u00ed a remizovali s&nbsp;Fulnekem. Soupe\u0159 z&nbsp;Darkovi\u010dek jde do utk\u00e1n\u00ed po rem\u00edze v&nbsp;Bolatic\u00edch. Na\u0161i nastupuj\u00ed do utk\u00e1n\u00ed po v\u00edt\u011bzstv\u00ed s&nbsp;Ludge\u0159ovicemi 3.0.<\/span><\/p>\n<p style=\"text-align: justify;\"><span style=\"font-size: 12pt; font-family: helvetica, arial, sans-serif;\"><strong>Utk\u00e1n\u00ed krajsk\u00e9 sout\u011b\u017ee I. A t\u0159\u00eddy Darkovi\u010dky \u2013 TJ Sokol Kobe\u0159ice se bude hr\u00e1t v&nbsp;ned\u011bli 7. \u0159\u00edjna v&nbsp;15:00 hodin. Odjezd k&nbsp;utk\u00e1n\u00ed ve 13:30 hodin. Zveme v\u0161echny na\u0161e fotbalov\u00e9 fanou\u0161ky. <\/strong><\/span><\/p>\n<p style=\"text-align: justify;\"><span style=\"font-size: 12pt; font-family: helvetica, arial, sans-serif;\"><strong><u>Program I. A t\u0159\u00eddy v&nbsp;tomto a p\u0159\u00ed\u0161t\u00edm&nbsp;kole<\/u><\/strong><\/span><\/p>\n<table width=\"0\">\n<tbody>\n<tr>\n<td width=\"317\"><span style=\"font-size: 12pt; font-family: helvetica, arial, sans-serif;\">Such\u00e9 Lazce &#8211; Chlebi\u010dov<\/span><\/td>\n<td width=\"340\"><span style=\"font-size: 12pt; font-family: helvetica, arial, sans-serif;\">Velk\u00e9 Heraltice &#8211; Such\u00e9 Lazce<\/span><\/td>\n<\/tr>\n<tr>\n<td width=\"317\"><span style=\"font-size: 12pt; font-family: helvetica, arial, sans-serif;\">Ludge\u0159ovice &#8211; Mokr\u00e9 Lazce<\/span><\/td>\n<td width=\"340\"><span style=\"font-size: 12pt; font-family: helvetica, arial, sans-serif;\">Fulnek &#8211; \u0160t\u011bp\u00e1nkovice<\/span><\/td>\n<\/tr>\n<tr>\n<td width=\"317\"><span style=\"font-size: 12pt; font-family: helvetica, arial, sans-serif;\"><strong>Darkovi\u010dky<\/strong><strong> &#8211; Kobe\u0159ice <\/strong><\/span><\/td>\n<td width=\"340\"><span style=\"font-size: 12pt; font-family: helvetica, arial, sans-serif;\">Jakub\u010dovice &#8211; Slavkov<\/span><\/td>\n<\/tr>\n<tr>\n<td width=\"317\"><span style=\"font-size: 12pt; font-family: helvetica, arial, sans-serif;\">Krava\u0159e &#8211; Bolatice<\/span><\/td>\n<td width=\"340\"><span style=\"font-size: 12pt; font-family: helvetica, arial, sans-serif;\">Chlebi\u010dov &#8211; Ludge\u0159ovice<\/span><\/td>\n<\/tr>\n<tr>\n<td width=\"317\"><span style=\"font-size: 12pt; font-family: helvetica, arial, sans-serif;\">V\u0159esina &#8211; Jakub\u010dovice<\/span><\/td>\n<td width=\"340\"><span style=\"font-size: 12pt; font-family: helvetica, arial, sans-serif;\">Mokr\u00e9 Lazce &#8211; Darkovi\u010dky<\/span><\/td>\n<\/tr>\n<tr>\n<td width=\"317\"><span style=\"font-size: 12pt; font-family: helvetica, arial, sans-serif;\">Slavkov &#8211; Fulnek<\/span><\/td>\n<td width=\"340\"><span style=\"font-size: 12pt; font-family: helvetica, arial, sans-serif;\">Bolatice &#8211; V\u0159esina<\/span><\/td>\n<\/tr>\n<tr>\n<td width=\"317\"><span style=\"font-size: 12pt; font-family: helvetica, arial, sans-serif;\">\u0160t\u011bp\u00e1nkovice &#8211; Velk\u00e9 Heraltice<\/span><\/td>\n<td width=\"340\"><span style=\"font-size: 12pt; font-family: helvetica, arial, sans-serif;\"><strong>Kobe\u0159ice<\/strong><strong> &#8211; Krava\u0159e <\/strong><\/span><\/td>\n<\/tr>\n<\/tbody>\n<\/table>\n<p style=\"text-align: justify;\">&nbsp;<\/p>\n<p style=\"text-align: justify;\"><span style=\"font-size: 14pt; font-family: helvetica, arial, sans-serif;\"><strong>Mu\u017ei B budou hr\u00e1t se Slavi\u00ed Opava<\/strong><\/span><\/p>\n<p style=\"text-align: justify;\"><span style=\"font-size: 12pt; font-family: helvetica, arial, sans-serif;\">Po utk\u00e1n\u00ed v&nbsp;B\u0159ezov\u00e9 budou hr\u00e1t mu\u017ei B v&nbsp;dom\u00e1c\u00edm prost\u0159ed\u00ed, kde p\u0159iv\u00edtaj\u00ed vedouc\u00ed celek okresn\u00edho p\u0159eboru Slavi\u00ed Opava, kter\u00e1 m\u00e1 na sv\u00e9m kont\u011b 6 v\u00edt\u011bzstv\u00ed, jednu rem\u00edzu a prohr\u00e1la jen v&nbsp;dom\u00e1c\u00edm prost\u0159ed\u00ed s&nbsp;V\u0159esinou 1:2.<\/span><\/p>\n<p style=\"text-align: justify;\"><span style=\"font-size: 12pt; font-family: helvetica, arial, sans-serif;\">Na\u0161i hr\u00e1\u010di jsou v&nbsp;tabulce okrasn\u00edho p\u0159eboru posledn\u00ed, kdy\u017e 6x prohr\u00e1li a jen jeden bod zaznamenali za rem\u00edzu s&nbsp;nov\u00e1\u010dkem sout\u011b\u017ee Slu\u017eovicemi. Favoritem v&nbsp;tomto utk\u00e1n\u00ed jsou host\u00e9 z&nbsp;Opavy, ale na\u0161i hr\u00e1\u010di nemaj\u00ed v&nbsp;tomto utk\u00e1n\u00ed co ztratit.<\/span><\/p>\n<p style=\"text-align: justify;\"><span style=\"font-size: 12pt; font-family: helvetica, arial, sans-serif;\"><strong>Utk\u00e1n\u00ed Kobe\u0159ice B &#8211; Slavia Opava se bude hr\u00e1t v&nbsp;sobotu 6. \u0159\u00edjna 2018 od 15:00 hodin. P\u0159ij\u010fte povzbudit na\u0161e B mu\u017estvo. <\/strong><\/span><\/p>\n<p style=\"text-align: justify;\"><span style=\"font-size: 12pt; font-family: helvetica, arial, sans-serif;\"><strong><u>Toto a p\u0159\u00ed\u0161t\u00ed kolo hraj\u00ed <\/u><\/strong><\/span><\/p>\n<table width=\"0\">\n<tbody>\n<tr>\n<td width=\"237\"><span style=\"font-size: 12pt; font-family: helvetica, arial, sans-serif;\">St\u011bbo\u0159ice &#8211; \u0160t\u00edtina<\/span><\/td>\n<td width=\"237\"><span style=\"font-size: 12pt; font-family: helvetica, arial, sans-serif;\">V\u00e1vrovice &#8211; St\u011bbo\u0159ice<\/span><\/td>\n<\/tr>\n<tr>\n<td width=\"237\"><span style=\"font-size: 12pt; font-family: helvetica, arial, sans-serif;\">Hlavnice &#8211; Dobroslavice<\/span><\/td>\n<td width=\"237\"><span style=\"font-size: 12pt; font-family: helvetica, arial, sans-serif;\">B\u0159ezov\u00e1 &#8211; Jakartovice<\/span><\/td>\n<\/tr>\n<tr>\n<td width=\"237\"><span style=\"font-size: 12pt; font-family: helvetica, arial, sans-serif;\">Jakartovice &#8211; V\u00e1vrovice<\/span><\/td>\n<td width=\"237\"><span style=\"font-size: 12pt; font-family: helvetica, arial, sans-serif;\">Slavia Opava &#8211; P\u00ed\u0161\u0165<\/span><\/td>\n<\/tr>\n<tr>\n<td width=\"237\"><span style=\"font-size: 12pt; font-family: helvetica, arial, sans-serif;\"><strong>Kobe\u0159ice &#8222;B&#8220;<\/strong> &#8211; <strong>Slavia Opava<\/strong><\/span><\/td>\n<td width=\"237\"><span style=\"font-size: 12pt; font-family: helvetica, arial, sans-serif;\">Dobroslavice &#8211; Litultovice<\/span><\/td>\n<\/tr>\n<tr>\n<td width=\"237\"><span style=\"font-size: 12pt; font-family: helvetica, arial, sans-serif;\">P\u00ed\u0161\u0165 &#8211; B\u0159ezov\u00e1<\/span><\/td>\n<td width=\"237\"><span style=\"font-size: 12pt; font-family: helvetica, arial, sans-serif;\">T\u011b\u0161kovice &#8211; Hlavnice<\/span><\/td>\n<\/tr>\n<tr>\n<td width=\"237\"><span style=\"font-size: 12pt; font-family: helvetica, arial, sans-serif;\">Litultovice &#8211; V\u0159esina<\/span><\/td>\n<td width=\"237\"><span style=\"font-size: 12pt; font-family: helvetica, arial, sans-serif;\">\u0160t\u00edtina &#8211; Slu\u017eovice<\/span><\/td>\n<\/tr>\n<tr>\n<td width=\"237\"><span style=\"font-size: 12pt; font-family: helvetica, arial, sans-serif;\">Slu\u017eovice &#8211; T\u011b\u0161kovice<\/span><\/td>\n<td width=\"237\"><span style=\"font-size: 12pt; font-family: helvetica, arial, sans-serif;\"><strong>V\u0159esina<\/strong> &#8211; <strong>Kobe\u0159ice &#8222;B&#8220;<\/strong><\/span><\/td>\n<\/tr>\n<\/tbody>\n<\/table>\n<p style=\"text-align: justify;\">&nbsp;<\/p>\n<p style=\"text-align: justify;\"><span style=\"font-size: 14pt; font-family: helvetica, arial, sans-serif;\"><strong>Dorostenci budou hr\u00e1t venku s&nbsp;Darkovi\u010dkami<\/strong><\/span><\/p>\n<p style=\"text-align: justify;\"><span style=\"font-size: 12pt; font-family: helvetica, arial, sans-serif;\">Stejn\u011b jako na\u0161i mu\u017ei A budou hr\u00e1t na\u0161i dorostenci, ale o den d\u0159\u00edve, s&nbsp;mu\u017estvem Darkovi\u010dek, kter\u00e9 maj\u00ed 16 bod\u016f a jsou na p\u00e1t\u00e9m m\u00edst\u011b krajsk\u00e9 sout\u011b\u017ee dorostu. V&nbsp;dosavadn\u00edm pr\u016fb\u011bhu 5x vyhr\u00e1li, 1x remizovali a 2x prohr\u00e1li.<\/span><\/p>\n<p style=\"text-align: justify;\"><span style=\"font-size: 12pt; font-family: helvetica, arial, sans-serif;\">Na\u0161i dorostenci jsou s&nbsp;15 body na 6. m\u00edst\u011b a v\u00edt\u011bzstv\u00ed se Svinovem bylo p\u00e1t\u00e9 v&nbsp;\u0159ad\u011b.<\/span><\/p>\n<p style=\"text-align: justify;\"><span style=\"font-size: 12pt; font-family: helvetica, arial, sans-serif;\"><strong>Utk\u00e1n\u00ed krajsk\u00e9 sout\u011b\u017ee dorostu Darkovi\u010dky \u2013 Kobe\u0159ice se&nbsp; hr\u00e1t v&nbsp;sobotu 6. \u0159\u00edjna 2018 od 12:30 hodin. Odjezd k&nbsp; v&nbsp;11:30 hodin. Zveme v\u0161echny p\u0159\u00edznivce na\u0161eho dorostu. <\/strong><\/span><\/p>\n<p style=\"text-align: justify;\"><span style=\"font-size: 12pt; font-family: helvetica, arial, sans-serif;\"><strong><u>Toto &nbsp;a p\u0159\u00ed\u0161t\u00ed kolo hraj\u00ed <\/u><\/strong><\/span><\/p>\n<table width=\"0\">\n<tbody>\n<tr>\n<td width=\"260\"><span style=\"font-size: 12pt; font-family: helvetica, arial, sans-serif;\">Velk\u00e1 Polom &#8211; R\u00fdma\u0159ov<\/span><\/td>\n<td width=\"260\"><span style=\"font-size: 12pt; font-family: helvetica, arial, sans-serif;\">Hradec nad Moravic\u00ed &#8211; H\u00e1j ve Slezsku<\/span><\/td>\n<\/tr>\n<tr>\n<td width=\"260\"><span style=\"font-size: 12pt; font-family: helvetica, arial, sans-serif;\">Polanka &#8211; Hradec nad Moravic\u00ed<\/span><\/td>\n<td width=\"260\"><span style=\"font-size: 12pt; font-family: helvetica, arial, sans-serif;\">Sv\u011btl\u00e1 Hora &#8211; Svinov<\/span><\/td>\n<\/tr>\n<tr>\n<td width=\"260\"><span style=\"font-size: 12pt; font-family: helvetica, arial, sans-serif;\">Fulnek &#8211; Sv\u011btl\u00e1 Hora<\/span><\/td>\n<td width=\"260\"><span style=\"font-size: 12pt; font-family: helvetica, arial, sans-serif;\">R\u00fdma\u0159ov &#8211; V\u0159esina<\/span><\/td>\n<\/tr>\n<tr>\n<td width=\"260\"><span style=\"font-size: 12pt; font-family: helvetica, arial, sans-serif;\"><strong>Darkovi\u010dky<\/strong><strong> &#8211; Kobe\u0159ice <\/strong><\/span><\/td>\n<td width=\"260\"><span style=\"font-size: 12pt; font-family: helvetica, arial, sans-serif;\">Doln\u00ed Lhota &#8211; Polanka&nbsp;<\/span><\/td>\n<\/tr>\n<tr>\n<td width=\"260\"><span style=\"font-size: 12pt; font-family: helvetica, arial, sans-serif;\">Svinov &#8211; Hlu\u010d\u00edn B<\/span><\/td>\n<td width=\"260\"><span style=\"font-size: 12pt; font-family: helvetica, arial, sans-serif;\"><strong>Kobe\u0159ice<\/strong><strong> &#8211; Velk\u00e1 Polom <\/strong><\/span><\/td>\n<\/tr>\n<tr>\n<td width=\"260\"><span style=\"font-size: 12pt; font-family: helvetica, arial, sans-serif;\">V\u0159esina &#8211; Doln\u00ed Lhota<\/span><\/td>\n<td width=\"260\"><span style=\"font-size: 12pt; font-family: helvetica, arial, sans-serif;\">Doln\u00ed Bene\u0161ov &#8211; Fulnek<\/span><\/td>\n<\/tr>\n<tr>\n<td width=\"260\"><span style=\"font-size: 12pt; font-family: helvetica, arial, sans-serif;\">H\u00e1j ve Slezsku &#8211; Doln\u00ed Bene\u0161ov<\/span><\/td>\n<td width=\"260\"><span style=\"font-size: 12pt; font-family: helvetica, arial, sans-serif;\">Hlu\u010d\u00edn B &#8211; Darkovi\u010dky<\/span><\/td>\n<\/tr>\n<\/tbody>\n<\/table>\n<p style=\"text-align: justify;\">&nbsp;<\/p>\n<p style=\"text-align: justify;\"><span style=\"font-size: 12pt;\"><strong><span style=\"font-family: helvetica, arial, sans-serif;\">V&nbsp;p\u0159\u00ed\u0161t\u00edm kole budou star\u0161\u00ed a mlad\u0161\u00ed \u017e\u00e1ci hr\u00e1t v dom\u00e1c\u00edm prost\u0159ed\u00ed s celkem Karvin\u00e9 B.&nbsp;&nbsp; Utk\u00e1n\u00ed krajsk\u00e9ho p\u0159eboru Kobe\u0159ice &#8211; Karvin\u00e1 B&nbsp; se bude hr\u00e1t v&nbsp;sobotu 6. \u0159\u00edjna&nbsp; 2018&nbsp;&nbsp; od 11:30 pro star\u0161\u00ed a 13:00 hodin pro mlad\u0161\u00ed \u017e\u00e1ky. Zveme v\u0161echny p\u0159\u00edznivce na\u0161ich \u017e\u00e1kovsk\u00fdch mu\u017estev.<\/span><\/strong><\/span><\/p>\n","protected":false},"excerpt":{"rendered":"<p>K&nbsp;dal\u0161\u00edmu utk\u00e1n\u00ed cestujeme do Darkovi\u010dek Mezi zaj\u00edmav\u00e9 duely 9. kola krajsk\u00e9 sout\u011b\u017ee I. A t\u0159\u00eddy bude pat\u0159it tak\u00e9 utk\u00e1n\u00ed na\u0161eho celku se t\u0159et\u00edmi Darkovi\u010dkami, kter\u00e9 maj\u00ed<span class=\"excerpt-hellip\"> [\u2026]<\/span><\/p>\n","protected":false},"author":3,"featured_media":3787,"comment_status":"closed","ping_status":"open","sticky":false,"template":"","format":"standard","meta":{"ngg_post_thumbnail":0,"footnotes":""},"categories":[115,112,110,107,117,103,111,102],"tags":[],"class_list":["post-5513","post","type-post","status-publish","format-standard","has-post-thumbnail","hentry","category-a-tym","category-b-tym","category-dorost","category-fotbal","category-mladsi-zaci","category-pozvanky","category-starsi-zaci","category-zapasy"],"_links":{"self":[{"href":"https:\/\/tjsokolkoberice.cz\/index.php?rest_route=\/wp\/v2\/posts\/5513","targetHints":{"allow":["GET"]}}],"collection":[{"href":"https:\/\/tjsokolkoberice.cz\/index.php?rest_route=\/wp\/v2\/posts"}],"about":[{"href":"https:\/\/tjsokolkoberice.cz\/index.php?rest_route=\/wp\/v2\/types\/post"}],"author":[{"embeddable":true,"href":"https:\/\/tjsokolkoberice.cz\/index.php?rest_route=\/wp\/v2\/users\/3"}],"replies":[{"embeddable":true,"href":"https:\/\/tjsokolkoberice.cz\/index.php?rest_route=%2Fwp%2Fv2%2Fcomments&post=5513"}],"version-history":[{"count":1,"href":"https:\/\/tjsokolkoberice.cz\/index.php?rest_route=\/wp\/v2\/posts\/5513\/revisions"}],"predecessor-version":[{"id":5514,"href":"https:\/\/tjsokolkoberice.cz\/index.php?rest_route=\/wp\/v2\/posts\/5513\/revisions\/5514"}],"wp:featuredmedia":[{"embeddable":true,"href":"https:\/\/tjsokolkoberice.cz\/index.php?rest_route=\/wp\/v2\/media\/3787"}],"wp:attachment":[{"href":"https:\/\/tjsokolkoberice.cz\/index.php?rest_route=%2Fwp%2Fv2%2Fmedia&parent=5513"}],"wp:term":[{"taxonomy":"category","embeddable":true,"href":"https:\/\/tjsokolkoberice.cz\/index.php?rest_route=%2Fwp%2Fv2%2Fcategories&post=5513"},{"taxonomy":"post_tag","embeddable":true,"href":"https:\/\/tjsokolkoberice.cz\/index.php?rest_route=%2Fwp%2Fv2%2Ftags&post=5513"}],"curies":[{"name":"wp","href":"https:\/\/api.w.org\/{rel}","templated":true}]}}