{"id":5533,"date":"2018-10-12T06:34:44","date_gmt":"2018-10-12T05:34:44","guid":{"rendered":"https:\/\/tjsokolkoberice.cz\/?p=5533"},"modified":"2025-10-14T11:53:55","modified_gmt":"2025-10-14T10:53:55","slug":"vikendovy-program-nasich-muzstev-54","status":"publish","type":"post","link":"https:\/\/tjsokolkoberice.cz\/?p=5533","title":{"rendered":"V\u00edkendov\u00fd program na\u0161ich mu\u017estev"},"content":{"rendered":"<p style=\"text-align: justify;\"><span style=\"font-size: 14pt; font-family: helvetica, arial, sans-serif;\"><strong>\u010cek\u00e1 n\u00e1s o\u010dek\u00e1van\u00e9 derby s&nbsp;Krava\u0159emi!<\/strong><\/span><\/p>\n<p style=\"text-align: justify;\"><span style=\"font-size: 12pt; font-family: helvetica, arial, sans-serif;\">O\u010dek\u00e1v\u00e1ny duel s&nbsp;Krava\u0159emi je tady. Bude se jednat o velmi vypjat\u00e9 utk\u00e1n\u00ed, kdy ani jedno z&nbsp;mu\u017estev neprod\u00e1 svou \u201ek\u016f\u017ei\u201c lacino. Mu\u017estvo MFK Krava\u0159e k&nbsp;n\u00e1m zaj\u00ed\u017ed\u00ed po bezbrankov\u00e9 rem\u00edze s&nbsp;Bolaticemi. V&nbsp;sou\u010dasn\u00e9 dob\u011b se nach\u00e1z\u00ed na sedm\u00e9m m\u00edst\u011b se 13 body a s&nbsp;bilanc\u00ed 3 v\u00fdher, 2 rem\u00edz a 4 por\u00e1\u017eek.<\/span><\/p>\n<p style=\"text-align: justify;\"><span style=\"font-size: 12pt; font-family: helvetica, arial, sans-serif;\">Na\u0161i hr\u00e1\u010di jsou na vedouc\u00ed pozici krajsk\u00e9 sout\u011b\u017ee I. A t\u0159\u00eddy s 23 body. Do utk\u00e1n\u00ed s&nbsp;Krava\u0159emi jdeme po bezbrankov\u00e9 rem\u00edze s&nbsp;Darkovi\u010dkami. Celkov\u011b jsme vyhr\u00e1li 7x, 2x jsme remizovali a dosud jsme neprohr\u00e1li.<\/span><\/p>\n<p style=\"text-align: justify;\"><span style=\"font-size: 12pt; font-family: helvetica, arial, sans-serif;\">Pop\u0159ejme na\u0161\u00edm hr\u00e1\u010d\u016fm, aby se jim v&nbsp;utk\u00e1n\u00ed da\u0159ilo a jejich \u00fasil\u00ed aby vedlo ke k\u00fd\u017een\u00e9mu v\u00edt\u011bzstv\u00ed.<\/span><\/p>\n<p style=\"text-align: justify;\"><span style=\"font-size: 12pt; font-family: helvetica, arial, sans-serif;\"><strong>Utk\u00e1n\u00ed TJ Sokol Kobe\u0159ice &#8211; MFK Krava\u0159e se bude hr\u00e1t v&nbsp;ned\u011bli 14. \u0159\u00edjna 2018 od 15:00 hodin. Zveme v\u0161echny fanou\u0161ky dobr\u00e9ho fotbalu. <\/strong><\/span><\/p>\n<p style=\"text-align: justify;\"><span style=\"font-size: 12pt; font-family: helvetica, arial, sans-serif;\"><strong><u>Program I. A t\u0159\u00eddy v&nbsp;tomto a p\u0159\u00ed\u0161t\u00edm kole<\/u><\/strong><\/span><\/p>\n<table width=\"0\">\n<tbody>\n<tr>\n<td width=\"216\"><span style=\"font-size: 12pt; font-family: helvetica, arial, sans-serif;\">Velk\u00e9 Heraltice &#8211; Such\u00e9 Lazce<\/span><\/td>\n<td width=\"280\"><span style=\"font-size: 12pt; font-family: helvetica, arial, sans-serif;\">Such\u00e9 Lazce &#8211; Ludge\u0159ovice<\/span><\/td>\n<\/tr>\n<tr>\n<td width=\"216\"><span style=\"font-size: 12pt; font-family: helvetica, arial, sans-serif;\">Fulnek &#8211; \u0160t\u011bp\u00e1nkovice<\/span><\/td>\n<td width=\"280\"><span style=\"font-size: 12pt; font-family: helvetica, arial, sans-serif;\">Velk\u00e9 Heraltice &#8211; Fulnek<\/span><\/td>\n<\/tr>\n<tr>\n<td width=\"216\"><span style=\"font-size: 12pt; font-family: helvetica, arial, sans-serif;\">Jakub\u010dovice &#8211; Slavkov<\/span><\/td>\n<td width=\"280\"><span style=\"font-size: 12pt; font-family: helvetica, arial, sans-serif;\">Darkovi\u010dky &#8211; Chlebi\u010dov<\/span><\/td>\n<\/tr>\n<tr>\n<td width=\"216\"><span style=\"font-size: 12pt; font-family: helvetica, arial, sans-serif;\">Chlebi\u010dov &#8211; Ludge\u0159ovice<\/span><\/td>\n<td width=\"280\"><span style=\"font-size: 12pt; font-family: helvetica, arial, sans-serif;\">Krava\u0159e &#8211; Mokr\u00e9 Lazce<\/span><\/td>\n<\/tr>\n<tr>\n<td width=\"216\"><span style=\"font-size: 12pt; font-family: helvetica, arial, sans-serif;\">Mokr\u00e9 Lazce &#8211; Darkovi\u010dky<\/span><\/td>\n<td width=\"280\"><span style=\"font-size: 12pt; font-family: helvetica, arial, sans-serif;\"><strong>V\u0159esina<\/strong> &#8211; <strong>Kobe\u0159ice<\/strong><\/span><\/td>\n<\/tr>\n<tr>\n<td width=\"216\"><span style=\"font-size: 12pt; font-family: helvetica, arial, sans-serif;\">Bolatice &#8211; V\u0159esina<\/span><\/td>\n<td width=\"280\"><span style=\"font-size: 12pt; font-family: helvetica, arial, sans-serif;\">Slavkov &#8211; Bolatice<\/span><\/td>\n<\/tr>\n<tr>\n<td width=\"216\"><span style=\"font-size: 12pt; font-family: helvetica, arial, sans-serif;\"><strong>Kobe\u0159ice<\/strong><strong> &#8211; Krava\u0159e <\/strong><\/span><\/td>\n<td width=\"280\"><span style=\"font-size: 12pt; font-family: helvetica, arial, sans-serif;\">\u0160t\u011bp\u00e1nkovice &#8211; Jakub\u010dovice<\/span><\/td>\n<\/tr>\n<\/tbody>\n<\/table>\n<p style=\"text-align: justify;\">&nbsp;<\/p>\n<p style=\"text-align: justify;\">&nbsp;<\/p>\n<p style=\"text-align: justify;\"><span style=\"font-size: 14pt; font-family: helvetica, arial, sans-serif;\"><strong>Mu\u017ei B budou hr\u00e1t s&nbsp;V\u0159esinou<\/strong><\/span><\/p>\n<p style=\"text-align: justify;\"><span style=\"font-size: 12pt; font-family: helvetica, arial, sans-serif;\">Po utk\u00e1n\u00ed se Slavi\u00ed Opava budou hr\u00e1t mu\u017ei B venku ve V\u0159esin\u011b u Hlu\u010d\u00edna, kter\u00e1 je v&nbsp;sou\u010dasn\u00e9 dob\u011b na 7. m\u00edst\u011b tabulky okresn\u00edho p\u0159eboru. V&nbsp;dev\u00edti utk\u00e1n\u00edch 4x vyhr\u00e1la, 3x remizovala a ve dvou utk\u00e1n\u00edch byla pora\u017eena.<\/span><\/p>\n<p style=\"text-align: justify;\"><span style=\"font-size: 12pt; font-family: helvetica, arial, sans-serif;\">Na\u0161i hr\u00e1\u010di jsou v&nbsp;okresn\u00edm p\u0159eboru posledn\u00ed, kdy\u017e je\u0161t\u011b nevyhr\u00e1li, 1x remizovali a 7x byli pora\u017eeni.<\/span><\/p>\n<p style=\"text-align: justify;\"><span style=\"font-size: 12pt; font-family: helvetica, arial, sans-serif;\"><strong>Utk\u00e1n\u00ed okresn\u00edho p\u0159eboru&nbsp; V\u0159esina &#8211; Kobe\u0159ice B se bude hr\u00e1t v&nbsp;ned\u011bli 14. \u0159\u00edjna 2018 od 15:00 hodin.&nbsp; Zveme v\u0161echny p\u0159\u00edznivce na\u0161eho B mu\u017estva. <\/strong><\/span><\/p>\n<p style=\"text-align: justify;\"><span style=\"font-size: 12pt; font-family: helvetica, arial, sans-serif;\"><strong><u>Toto a p\u0159\u00ed\u0161t\u00ed kolo hraj\u00ed <\/u><\/strong><\/span><\/p>\n<table width=\"0\">\n<tbody>\n<tr>\n<td width=\"237\"><span style=\"font-size: 12pt; font-family: helvetica, arial, sans-serif;\">V\u00e1vrovice &#8211; St\u011bbo\u0159ice<\/span><\/td>\n<td width=\"243\"><span style=\"font-size: 12pt; font-family: helvetica, arial, sans-serif;\">St\u011bbo\u0159ice &#8211; Slu\u017eovice<\/span><\/td>\n<\/tr>\n<tr>\n<td width=\"237\"><span style=\"font-size: 12pt; font-family: helvetica, arial, sans-serif;\">B\u0159ezov\u00e1 &#8211; Jakartovice<\/span><\/td>\n<td width=\"243\"><span style=\"font-size: 12pt; font-family: helvetica, arial, sans-serif;\">Hlavnice &#8211; \u0160t\u00edtina<\/span><\/td>\n<\/tr>\n<tr>\n<td width=\"237\"><span style=\"font-size: 12pt; font-family: helvetica, arial, sans-serif;\">Slavia Opava &#8211; P\u00ed\u0161\u0165<\/span><\/td>\n<td width=\"243\"><span style=\"font-size: 12pt; font-family: helvetica, arial, sans-serif;\"><strong>Kobe\u0159ice &#8222;B&#8220;<\/strong> &#8211; <strong>Dobroslavice<\/strong><\/span><\/td>\n<\/tr>\n<tr>\n<td width=\"237\"><span style=\"font-size: 12pt; font-family: helvetica, arial, sans-serif;\">Dobroslavice &#8211; Litultovice<\/span><\/td>\n<td width=\"243\"><span style=\"font-size: 12pt; font-family: helvetica, arial, sans-serif;\">Jakartovice &#8211; Slavia Opava<\/span><\/td>\n<\/tr>\n<tr>\n<td width=\"237\"><span style=\"font-size: 12pt; font-family: helvetica, arial, sans-serif;\">T\u011b\u0161kovice &#8211; Hlavnice<\/span><\/td>\n<td width=\"243\"><span style=\"font-size: 12pt; font-family: helvetica, arial, sans-serif;\">V\u00e1vrovice &#8211; B\u0159ezov\u00e1<\/span><\/td>\n<\/tr>\n<tr>\n<td width=\"237\"><span style=\"font-size: 12pt; font-family: helvetica, arial, sans-serif;\">\u0160t\u00edtina &#8211; Slu\u017eovice<\/span><\/td>\n<td width=\"243\"><span style=\"font-size: 12pt; font-family: helvetica, arial, sans-serif;\">P\u00ed\u0161\u0165 &#8211; V\u0159esina<\/span><\/td>\n<\/tr>\n<tr>\n<td width=\"237\"><span style=\"font-size: 12pt; font-family: helvetica, arial, sans-serif;\"><strong>V\u0159esina<\/strong> &#8211; <strong>Kobe\u0159ice &#8222;B&#8220;<\/strong><\/span><\/td>\n<td width=\"243\"><span style=\"font-size: 12pt; font-family: helvetica, arial, sans-serif;\">Litultovice &#8211; T\u011b\u0161kovice<\/span><\/td>\n<\/tr>\n<\/tbody>\n<\/table>\n<p style=\"text-align: justify;\">&nbsp;<\/p>\n<p style=\"text-align: justify;\"><span style=\"font-size: 14pt; font-family: helvetica, arial, sans-serif;\"><strong>Dorostenci budou hr\u00e1t p\u0159edz\u00e1pas s Velkou Polom\u00ed<\/strong><\/span><\/p>\n<p style=\"text-align: justify;\"><span style=\"font-size: 12pt; font-family: helvetica, arial, sans-serif;\">Po utk\u00e1n\u00ed s&nbsp;Darkovi\u010dkami budou na\u0161i dorostenci hr\u00e1t s Velkou Polom\u00ed, kter\u00e1 se nach\u00e1z\u00ed v&nbsp;sou\u010dasn\u00e9 dob\u011b na 2. m\u00edst\u011b tabulky krajsk\u00e9 sout\u011b\u017ee dorostu. Maj\u00ed 20 bod\u016f a na vedouc\u00ed Hlu\u010d\u00edn B ztr\u00e1cej\u00ed pouh\u00e9 dva body.<\/span><\/p>\n<p style=\"text-align: justify;\"><span style=\"font-size: 12pt; font-family: helvetica, arial, sans-serif;\">Na\u0161i dorostenci jsou sedm\u00ed s&nbsp;patn\u00e1cti body, kdy\u017e 5x vyhr\u00e1li a 4x prohr\u00e1li. V&nbsp;utk\u00e1n\u00ed s&nbsp;Velkou Polom\u00ed budou m\u00edt na\u0161i dorostenci mo\u017enost od\u010dinit por\u00e1\u017eku z&nbsp;Darkovi\u010dek a tak v\u0161ichni fanou\u0161ci v\u011b\u0159\u00ed, \u017ee se jim to poda\u0159\u00ed.<\/span><\/p>\n<p style=\"text-align: justify;\"><span style=\"font-size: 12pt; font-family: helvetica, arial, sans-serif;\"><strong>Utk\u00e1n\u00ed krajsk\u00e9 sout\u011b\u017ee dorostu TJ Sokol Kobe\u0159ice &#8211; Velk\u00e1 Polom se bude hr\u00e1t v&nbsp;ned\u011bli 14. \u0159\u00edjna 2018 od 12:45 hodin na na\u0161em h\u0159i\u0161ti. Zveme v\u0161echny fanou\u0161ky na\u0161eho dorostu. <\/strong><\/span><\/p>\n<p style=\"text-align: justify;\"><span style=\"font-size: 12pt; font-family: helvetica, arial, sans-serif;\"><strong><u>Toto &nbsp;a p\u0159\u00ed\u0161t\u00ed kolo hraj\u00ed <\/u><\/strong><\/span><\/p>\n<table width=\"0\">\n<tbody>\n<tr>\n<td width=\"313\"><span style=\"font-size: 12pt; font-family: helvetica, arial, sans-serif;\">Hradec nad Moravic\u00ed &#8211; H\u00e1j ve Slezsku<\/span><\/td>\n<td width=\"321\"><span style=\"font-size: 12pt; font-family: helvetica, arial, sans-serif;\">Velk\u00e1 Polom &#8211; Hlu\u010d\u00edn B<\/span><\/td>\n<\/tr>\n<tr>\n<td width=\"313\"><span style=\"font-size: 12pt; font-family: helvetica, arial, sans-serif;\">Sv\u011btl\u00e1 Hora &#8211; Svinov<\/span><\/td>\n<td width=\"321\"><span style=\"font-size: 12pt; font-family: helvetica, arial, sans-serif;\">Polanka &#8211; R\u00fdma\u0159ov<\/span><\/td>\n<\/tr>\n<tr>\n<td width=\"313\"><span style=\"font-size: 12pt; font-family: helvetica, arial, sans-serif;\">R\u00fdma\u0159ov &#8211; V\u0159esina<\/span><\/td>\n<td width=\"321\"><span style=\"font-size: 12pt; font-family: helvetica, arial, sans-serif;\">Darkovi\u010dky &#8211; Sv\u011btl\u00e1 Hora<\/span><\/td>\n<\/tr>\n<tr>\n<td width=\"313\"><span style=\"font-size: 12pt; font-family: helvetica, arial, sans-serif;\">Doln\u00ed Lhota &#8211; Polanka&nbsp;<\/span><\/td>\n<td width=\"321\"><span style=\"font-size: 12pt; font-family: helvetica, arial, sans-serif;\">Fulnek &#8211; Svinov<\/span><\/td>\n<\/tr>\n<tr>\n<td width=\"313\"><span style=\"font-size: 12pt; font-family: helvetica, arial, sans-serif;\"><strong>Kobe\u0159ice<\/strong><strong> &#8211; Velk\u00e1 Polom <\/strong><\/span><\/td>\n<td width=\"321\"><span style=\"font-size: 12pt; font-family: helvetica, arial, sans-serif;\"><strong>V\u0159esina<\/strong> &#8211; <strong>Kobe\u0159ice<\/strong><\/span><\/td>\n<\/tr>\n<tr>\n<td width=\"313\"><span style=\"font-size: 12pt; font-family: helvetica, arial, sans-serif;\">Doln\u00ed Bene\u0161ov &#8211; Fulnek<\/span><\/td>\n<td width=\"321\"><span style=\"font-size: 12pt; font-family: helvetica, arial, sans-serif;\">H\u00e1j ve Slezsku &#8211; Doln\u00ed Lhota<\/span><\/td>\n<\/tr>\n<tr>\n<td width=\"313\"><span style=\"font-size: 12pt; font-family: helvetica, arial, sans-serif;\">Hlu\u010d\u00edn B &#8211; Darkovi\u010dky<\/span><\/td>\n<td width=\"321\"><span style=\"font-size: 12pt; font-family: helvetica, arial, sans-serif;\">Doln\u00ed Bene\u0161ov &#8211; Hradec nad Moravic\u00ed<\/span><\/td>\n<\/tr>\n<\/tbody>\n<\/table>\n<p style=\"text-align: justify;\">&nbsp;<\/p>\n<p style=\"text-align: justify;\"><span style=\"font-size: 12pt; font-family: helvetica, arial, sans-serif;\"><strong>V&nbsp;p\u0159\u00ed\u0161t\u00edm kole budou star\u0161\u00ed a mlad\u0161\u00ed \u017e\u00e1ci hr\u00e1t venku s &nbsp;celkem R\u00fdma\u0159ova. Utk\u00e1n\u00ed krajsk\u00e9ho p\u0159eboru R\u00fdma\u0159ov &#8211; Kobe\u0159ice se bude hr\u00e1t v&nbsp;sobotu 13. \u0159\u00edjna&nbsp; 2018 &nbsp;od 9:00 pro star\u0161\u00ed a 10:45 hodin&nbsp; pro mlad\u0161\u00ed&nbsp; \u017e\u00e1ky.&nbsp; Zveme v\u0161echny p\u0159\u00edznivce na\u0161ich \u017e\u00e1kovsk\u00fdch mu\u017estev. <\/strong><\/span><\/p>\n<p>&nbsp;<\/p>\n","protected":false},"excerpt":{"rendered":"<p>\u010cek\u00e1 n\u00e1s o\u010dek\u00e1van\u00e9 derby s&nbsp;Krava\u0159emi! O\u010dek\u00e1v\u00e1ny duel s&nbsp;Krava\u0159emi je tady. Bude se jednat o velmi vypjat\u00e9 utk\u00e1n\u00ed, kdy ani jedno z&nbsp;mu\u017estev neprod\u00e1 svou \u201ek\u016f\u017ei\u201c lacino. Mu\u017estvo<span class=\"excerpt-hellip\"> [\u2026]<\/span><\/p>\n","protected":false},"author":3,"featured_media":3370,"comment_status":"closed","ping_status":"open","sticky":false,"template":"","format":"standard","meta":{"ngg_post_thumbnail":0,"footnotes":""},"categories":[115,112,110,107,117,103,111,102],"tags":[],"class_list":["post-5533","post","type-post","status-publish","format-standard","has-post-thumbnail","hentry","category-a-tym","category-b-tym","category-dorost","category-fotbal","category-mladsi-zaci","category-pozvanky","category-starsi-zaci","category-zapasy"],"_links":{"self":[{"href":"https:\/\/tjsokolkoberice.cz\/index.php?rest_route=\/wp\/v2\/posts\/5533","targetHints":{"allow":["GET"]}}],"collection":[{"href":"https:\/\/tjsokolkoberice.cz\/index.php?rest_route=\/wp\/v2\/posts"}],"about":[{"href":"https:\/\/tjsokolkoberice.cz\/index.php?rest_route=\/wp\/v2\/types\/post"}],"author":[{"embeddable":true,"href":"https:\/\/tjsokolkoberice.cz\/index.php?rest_route=\/wp\/v2\/users\/3"}],"replies":[{"embeddable":true,"href":"https:\/\/tjsokolkoberice.cz\/index.php?rest_route=%2Fwp%2Fv2%2Fcomments&post=5533"}],"version-history":[{"count":1,"href":"https:\/\/tjsokolkoberice.cz\/index.php?rest_route=\/wp\/v2\/posts\/5533\/revisions"}],"predecessor-version":[{"id":5534,"href":"https:\/\/tjsokolkoberice.cz\/index.php?rest_route=\/wp\/v2\/posts\/5533\/revisions\/5534"}],"wp:featuredmedia":[{"embeddable":true,"href":"https:\/\/tjsokolkoberice.cz\/index.php?rest_route=\/wp\/v2\/media\/3370"}],"wp:attachment":[{"href":"https:\/\/tjsokolkoberice.cz\/index.php?rest_route=%2Fwp%2Fv2%2Fmedia&parent=5533"}],"wp:term":[{"taxonomy":"category","embeddable":true,"href":"https:\/\/tjsokolkoberice.cz\/index.php?rest_route=%2Fwp%2Fv2%2Fcategories&post=5533"},{"taxonomy":"post_tag","embeddable":true,"href":"https:\/\/tjsokolkoberice.cz\/index.php?rest_route=%2Fwp%2Fv2%2Ftags&post=5533"}],"curies":[{"name":"wp","href":"https:\/\/api.w.org\/{rel}","templated":true}]}}