{"id":5556,"date":"2018-10-17T09:25:19","date_gmt":"2018-10-17T08:25:19","guid":{"rendered":"https:\/\/tjsokolkoberice.cz\/?p=5556"},"modified":"2025-10-14T11:53:40","modified_gmt":"2025-10-14T10:53:40","slug":"vikendovy-program-nasich-muzstev-55","status":"publish","type":"post","link":"https:\/\/tjsokolkoberice.cz\/?p=5556","title":{"rendered":"V\u00edkendov\u00fd program na\u0161ich mu\u017estev"},"content":{"rendered":"<p style=\"text-align: justify;\"><span style=\"font-size: 14pt; font-family: helvetica, arial, sans-serif;\"><strong>K&nbsp;dal\u0161\u00edmu utk\u00e1n\u00ed zaj\u00ed\u017ed\u00edme do V\u0159esiny u Ostravy<\/strong><\/span><\/p>\n<p style=\"text-align: justify;\"><span style=\"font-size: 12pt; font-family: helvetica, arial, sans-serif;\">Po \u0161\u0165astn\u00e9m v\u00edt\u011bzstv\u00ed s&nbsp;Krava\u0159emi budou na\u0161i fotbalist\u00e9 hr\u00e1t mistrovsk\u00fd duel s&nbsp;V\u0159esinou, kter\u00e1 je pr\u016fb\u011b\u017en\u011b na 11. m\u00edst\u011b tabulky krajsk\u00e9 sout\u011b\u017ee I. A t\u0159\u00eddy. Z\u00edskala &nbsp;11 bod\u016f, kdy\u017e 3x vyhr\u00e1la, 2x remizovala a 5x byla pora\u017eena, Do utk\u00e1n\u00ed s&nbsp;na\u0161im celkem jde&nbsp; po debaklu, kter\u00fd utr\u017eila v&nbsp;Bolatic\u00edch v&nbsp;pom\u011bru 0:6. &nbsp;<\/span><\/p>\n<p style=\"text-align: justify;\"><span style=\"font-size: 12pt; font-family: helvetica, arial, sans-serif;\">Na\u0161i nastupuj\u00ed do utk\u00e1n\u00ed po v\u00edt\u011bzstv\u00ed s&nbsp;Krava\u0159emi po \u0161\u0165astn\u00e9m v\u00fdsledku 1:0, kdy\u017e na\u0161i&nbsp; v\u00edt\u011bznou branku dal Anton\u00edn Kubn\u00fd. V&nbsp;utk\u00e1n\u00ed jsme jasn\u00fdmi favority, ale m\u011bjme se hodn\u011b na pozoru. Nesm\u00edme rozhodn\u011b ani v&nbsp;tomto utk\u00e1n\u00ed soupe\u0159e podcenit. Soupe\u0159 se bude cht\u00edt na n\u00e1s vyt\u00e1hnou a bude nastupovat k&nbsp;utk\u00e1n\u00ed s&nbsp;t\u00edm, aby od\u010dinil potupnou vysokou por\u00e1\u017eku z&nbsp;Bolatic. &nbsp;<\/span><\/p>\n<p style=\"text-align: justify;\"><span style=\"font-size: 12pt; font-family: helvetica, arial, sans-serif;\"><strong>Utk\u00e1n\u00ed krajsk\u00e9 sout\u011b\u017ee I.A t\u0159\u00eddy V\u0159esina &#8211; Kobe\u0159ice se bude hr\u00e1t v&nbsp;ned\u011bli 21. \u0159\u00edjna 2018 od 14:00 hodin, odjezd na utk\u00e1n\u00ed je ve 12:15 hodin. Zveme v\u0161echny na\u0161e fotbalov\u00e9 fanou\u0161ky. <\/strong><\/span><\/p>\n<p style=\"text-align: justify;\"><span style=\"font-size: 12pt; font-family: helvetica, arial, sans-serif;\"><strong><u>Program IA.t\u0159\u00eddy v&nbsp;tomto a p\u0159\u00ed\u0161t\u00edm &nbsp;kole<\/u><\/strong><\/span><\/p>\n<table width=\"0\">\n<tbody>\n<tr>\n<td width=\"228\"><span style=\"font-size: 12pt; font-family: helvetica, arial, sans-serif;\">Such\u00e9 Lazce &#8211; Ludge\u0159ovice<\/span><\/td>\n<td width=\"274\"><span style=\"font-size: 12pt; font-family: helvetica, arial, sans-serif;\">Fulnek &#8211; Such\u00e9 Lazce<\/span><\/td>\n<\/tr>\n<tr>\n<td width=\"228\"><span style=\"font-size: 12pt; font-family: helvetica, arial, sans-serif;\">Velk\u00e9 Heraltice &#8211; Fulnek<\/span><\/td>\n<td width=\"274\"><span style=\"font-size: 12pt; font-family: helvetica, arial, sans-serif;\">Jakub\u010dovice &#8211; Velk\u00e9 Heraltice<\/span><\/td>\n<\/tr>\n<tr>\n<td width=\"228\"><span style=\"font-size: 12pt; font-family: helvetica, arial, sans-serif;\">Darkovi\u010dky &#8211; Chlebi\u010dov<\/span><\/td>\n<td width=\"274\"><span style=\"font-size: 12pt; font-family: helvetica, arial, sans-serif;\">Chlebi\u010dov &#8211; Krava\u0159e<\/span><\/td>\n<\/tr>\n<tr>\n<td width=\"228\"><span style=\"font-size: 12pt; font-family: helvetica, arial, sans-serif;\">Krava\u0159e &#8211; Mokr\u00e9 Lazce<\/span><\/td>\n<td width=\"274\"><span style=\"font-size: 12pt; font-family: helvetica, arial, sans-serif;\">Ludge\u0159ovice &#8211; Darkovi\u010dky<\/span><\/td>\n<\/tr>\n<tr>\n<td width=\"228\"><span style=\"font-size: 12pt; font-family: helvetica, arial, sans-serif;\"><strong>V\u0159esina<\/strong><strong> &#8211; Kobe\u0159ice <\/strong><\/span><\/td>\n<td width=\"274\"><span style=\"font-size: 12pt; font-family: helvetica, arial, sans-serif;\">Mokr\u00e9 Lazce &#8211; V\u0159esina<\/span><\/td>\n<\/tr>\n<tr>\n<td width=\"228\"><span style=\"font-size: 12pt; font-family: helvetica, arial, sans-serif;\">Slavkov &#8211; Bolatice<\/span><\/td>\n<td width=\"274\"><span style=\"font-size: 12pt; font-family: helvetica, arial, sans-serif;\">Bolatice &#8211; \u0160t\u011bp\u00e1nkovice<\/span><\/td>\n<\/tr>\n<tr>\n<td width=\"228\"><span style=\"font-size: 12pt; font-family: helvetica, arial, sans-serif;\">\u0160t\u011bp\u00e1nkovice &#8211; Jakub\u010dovice<\/span><\/td>\n<td width=\"274\"><span style=\"font-size: 12pt; font-family: helvetica, arial, sans-serif;\"><strong>Kobe\u0159ice<\/strong> &#8211; <strong>Slavkov<\/strong><\/span><\/td>\n<\/tr>\n<\/tbody>\n<\/table>\n<p style=\"text-align: justify;\">&nbsp;<\/p>\n<p style=\"text-align: justify;\"><span style=\"font-size: 14pt; font-family: helvetica, arial, sans-serif;\"><strong>Mu\u017ei B budou hr\u00e1t s&nbsp;Dobroslavicemi<\/strong><\/span><\/p>\n<p style=\"text-align: justify;\"><span style=\"font-size: 12pt; font-family: helvetica, arial, sans-serif;\">Po v\u00edt\u011bzstv\u00ed ve V\u0159esin\u011b budou hr\u00e1t mu\u017ei B v&nbsp;dom\u00e1c\u00edm prost\u0159ed\u00ed, kde p\u0159iv\u00edtaj\u00ed Dobroslavice, kter\u00e9 jsou na 8. m\u00edst\u011b tabulky okresn\u00edho p\u0159eboru. Fotbalist\u00e9 Dobroslavic vyhr\u00e1li 4 utk\u00e1n\u00ed, jednou remizovali a 5x prohr\u00e1li. Do utk\u00e1n\u00ed s&nbsp;na\u0161imi fotbalisty jdou po dom\u00e1c\u00ed por\u00e1\u017ece 0:3, kterou utr\u017eili od Litultovic.<\/span><\/p>\n<p style=\"text-align: justify;\"><span style=\"font-size: 12pt; font-family: helvetica, arial, sans-serif;\">Na\u0161i hr\u00e1\u010di jednou vyhr\u00e1li a jednou prohr\u00e1li. V&nbsp;sedmi utk\u00e1n\u00edch byli pora\u017eeni a jsou na posledn\u00edm m\u00edst\u011b tabulky okresn\u00edho p\u0159eboru. Nastupuj\u00ed do utk\u00e1n\u00ed po v\u00fdh\u0159e 2:0 nad V\u0159esinou a v\u011b\u0159me, \u017ee budou spr\u00e1vn\u011b nalad\u011bn\u00ed, potvrd\u00ed op\u011bt v\u00edt\u011bzstv\u00ed a kone\u010dn\u011b se odpoutaj\u00ed od posledn\u00edho m\u00edsta.<\/span><\/p>\n<p style=\"text-align: justify;\"><span style=\"font-size: 12pt; font-family: helvetica, arial, sans-serif;\"><strong>Utk\u00e1n\u00ed okresn\u00edho p\u0159eboru Kobe\u0159ice B \u2013 Dobroslavice se bude hr\u00e1t v&nbsp;sobotu 20. \u0159\u00edjna 2018 od 14:00 hodin. Zveme na toto utk\u00e1n\u00ed v\u0161echny p\u0159\u00edznivce na\u0161eho B mu\u017estva. <\/strong><\/span><\/p>\n<p style=\"text-align: justify;\">&nbsp;<\/p>\n<p style=\"text-align: justify;\"><span style=\"font-size: 12pt; font-family: helvetica, arial, sans-serif;\"><strong><u>Toto a p\u0159\u00ed\u0161t\u00ed kolo hraj\u00ed <\/u><\/strong><\/span><\/p>\n<table width=\"0\">\n<tbody>\n<tr>\n<td width=\"256\"><span style=\"font-size: 12pt; font-family: helvetica, arial, sans-serif;\">St\u011bbo\u0159ice &#8211; Slu\u017eovice<\/span><\/td>\n<td width=\"218\"><span style=\"font-size: 12pt; font-family: helvetica, arial, sans-serif;\">B\u0159ezov\u00e1 &#8211; St\u011bbo\u0159ice<\/span><\/td>\n<\/tr>\n<tr>\n<td width=\"256\"><span style=\"font-size: 12pt; font-family: helvetica, arial, sans-serif;\"><strong>Kobe\u0159ice &#8222;B&#8220;<\/strong> &#8211; <strong>Dobroslavice<\/strong><\/span><\/td>\n<td width=\"218\"><span style=\"font-size: 12pt; font-family: helvetica, arial, sans-serif;\">Slavia Opava &#8211; V\u00e1vrovice<\/span><\/td>\n<\/tr>\n<tr>\n<td width=\"256\"><span style=\"font-size: 12pt; font-family: helvetica, arial, sans-serif;\">Jakartovice &#8211; Slavia Opava<\/span><\/td>\n<td width=\"218\"><span style=\"font-size: 12pt; font-family: helvetica, arial, sans-serif;\">Dobroslavice &#8211; P\u00ed\u0161\u0165<\/span><\/td>\n<\/tr>\n<tr>\n<td width=\"256\"><span style=\"font-size: 12pt; font-family: helvetica, arial, sans-serif;\">V\u00e1vrovice &#8211; B\u0159ezov\u00e1<\/span><\/td>\n<td width=\"218\"><span style=\"font-size: 12pt; font-family: helvetica, arial, sans-serif;\"><strong>T\u011b\u0161kovice<\/strong> &#8211; <strong>Kobe\u0159ice &#8222;B&#8220;<\/strong><\/span><\/td>\n<\/tr>\n<tr>\n<td width=\"256\"><span style=\"font-size: 12pt; font-family: helvetica, arial, sans-serif;\">P\u00ed\u0161\u0165 &#8211; V\u0159esina<\/span><\/td>\n<td width=\"218\"><span style=\"font-size: 12pt; font-family: helvetica, arial, sans-serif;\">\u0160t\u00edtina &#8211; Litultovice<\/span><\/td>\n<\/tr>\n<tr>\n<td width=\"256\"><span style=\"font-size: 12pt; font-family: helvetica, arial, sans-serif;\">Hlavnice &#8211; \u0160t\u00edtina<\/span><\/td>\n<td width=\"218\"><span style=\"font-size: 12pt; font-family: helvetica, arial, sans-serif;\">Slu\u017eovice &#8211; Hlavnice<\/span><\/td>\n<\/tr>\n<tr>\n<td width=\"256\"><span style=\"font-size: 12pt; font-family: helvetica, arial, sans-serif;\">Litultovice &#8211; T\u011b\u0161kovice<\/span><\/td>\n<td width=\"218\"><span style=\"font-size: 12pt; font-family: helvetica, arial, sans-serif;\">V\u0159esina &#8211; Jakartovice<\/span><\/td>\n<\/tr>\n<\/tbody>\n<\/table>\n<p style=\"text-align: justify;\">&nbsp;<\/p>\n<p style=\"text-align: justify;\"><span style=\"font-size: 14pt; font-family: helvetica, arial, sans-serif;\"><strong>Dorostenci budou hr\u00e1t venku s&nbsp;V\u0159esinou<\/strong><\/span><\/p>\n<p style=\"text-align: justify;\"><span style=\"font-size: 12pt; font-family: helvetica, arial, sans-serif;\">Stejn\u011b jako na\u0161i mu\u017ei A budou hr\u00e1t na\u0161i dorostenci jako p\u0159edz\u00e1pas s&nbsp; V\u0159esinou, kter\u00e1 m\u00e1 jen t\u0159i body a je na posledn\u00edm m\u00edst\u011b krajsk\u00e9 sout\u011b\u017ee dorostu. V&nbsp;dosavadn\u00edm pr\u016fb\u011bhu dorostenci V\u0159esiny jen jednou vyhr\u00e1li, 8x prohr\u00e1li.<\/span><\/p>\n<p style=\"text-align: justify;\"><span style=\"font-size: 12pt; font-family: helvetica, arial, sans-serif;\">Na\u0161i dorostenci jsou s&nbsp;18 body na 7. m\u00edst\u011b a v\u00edt\u011bzstv\u00ed s&nbsp;Velkou Polomi bylo \u0161est\u00e9 v\u00edt\u011bzstv\u00ed v&nbsp;pr\u016fb\u011bhu t\u00e9to sout\u011b\u017ee. Doufejme, \u017ee v\u00edt\u011bzstv\u00ed s Velkou Polomi nebylo n\u00e1hodn\u00e9 a \u017ee v&nbsp;utk\u00e1n\u00ed s&nbsp;V\u0159esinou se jim bude da\u0159it. &nbsp;<\/span><\/p>\n<p style=\"text-align: justify;\"><span style=\"font-size: 12pt; font-family: helvetica, arial, sans-serif;\"><strong>Utk\u00e1n\u00ed krajsk\u00e9 sout\u011b\u017ee dorostu V\u0159esina &nbsp;\u2013 Kobe\u0159ice se&nbsp; hr\u00e1t v&nbsp;sobotu 20. \u0159\u00edjna 2018 od 11:30 hodin. Odjezd v&nbsp;10:00 hodin. Zveme v\u0161echny p\u0159\u00edznivce na\u0161eho dorostu. <\/strong><\/span><\/p>\n<p style=\"text-align: justify;\"><span style=\"font-size: 12pt; font-family: helvetica, arial, sans-serif;\"><strong><u>Toto &nbsp;a p\u0159\u00ed\u0161t\u00ed kolo hraj\u00ed <\/u><\/strong><\/span><\/p>\n<table width=\"0\">\n<tbody>\n<tr>\n<td width=\"260\"><span style=\"font-size: 12pt; font-family: helvetica, arial, sans-serif;\">Velk\u00e1 Polom &#8211; Hlu\u010d\u00edn B<\/span><\/td>\n<td width=\"260\"><span style=\"font-size: 12pt; font-family: helvetica, arial, sans-serif;\">Hradec nad Moravic\u00ed &#8211; Fulnek<\/span><\/td>\n<\/tr>\n<tr>\n<td width=\"260\"><span style=\"font-size: 12pt; font-family: helvetica, arial, sans-serif;\">Polanka &#8211; R\u00fdma\u0159ov<\/span><\/td>\n<td width=\"260\"><span style=\"font-size: 12pt; font-family: helvetica, arial, sans-serif;\">Sv\u011btl\u00e1 Hora &#8211; Velk\u00e1 Polom<\/span><\/td>\n<\/tr>\n<tr>\n<td width=\"260\"><span style=\"font-size: 12pt; font-family: helvetica, arial, sans-serif;\">Darkovi\u010dky &#8211; Sv\u011btl\u00e1 Hora<\/span><\/td>\n<td width=\"260\"><span style=\"font-size: 12pt; font-family: helvetica, arial, sans-serif;\">Svinov &#8211; Darkovi\u010dky<\/span><\/td>\n<\/tr>\n<tr>\n<td width=\"260\"><span style=\"font-size: 12pt; font-family: helvetica, arial, sans-serif;\">Fulnek &#8211; Svinov<\/span><\/td>\n<td width=\"260\"><span style=\"font-size: 12pt; font-family: helvetica, arial, sans-serif;\">R\u00fdma\u0159ov &#8211; H\u00e1j ve Slezsku<\/span><\/td>\n<\/tr>\n<tr>\n<td width=\"260\"><span style=\"font-size: 12pt; font-family: helvetica, arial, sans-serif;\"><strong>V\u0159esina<\/strong> &#8211; <strong>Kobe\u0159ice<\/strong><\/span><\/td>\n<td width=\"260\"><span style=\"font-size: 12pt; font-family: helvetica, arial, sans-serif;\"><strong>Kobe\u0159ice<\/strong> &#8211; <strong>Polanka<\/strong><\/span><\/td>\n<\/tr>\n<tr>\n<td width=\"260\"><span style=\"font-size: 12pt; font-family: helvetica, arial, sans-serif;\">H\u00e1j ve Slezsku &#8211; Doln\u00ed Lhota<\/span><\/td>\n<td width=\"260\"><span style=\"font-size: 12pt; font-family: helvetica, arial, sans-serif;\">Hlu\u010d\u00edn B &#8211; V\u0159esina<\/span><\/td>\n<\/tr>\n<tr>\n<td width=\"260\"><span style=\"font-size: 12pt; font-family: helvetica, arial, sans-serif;\">Doln\u00ed Bene\u0161ov &#8211; Hradec nad Moravic\u00ed<\/span><\/td>\n<td width=\"260\"><span style=\"font-size: 12pt; font-family: helvetica, arial, sans-serif;\">Doln\u00ed Lhota &#8211; Doln\u00ed Bene\u0161ov<\/span><\/td>\n<\/tr>\n<\/tbody>\n<\/table>\n<p style=\"text-align: justify;\"><span style=\"font-size: 12pt; font-family: helvetica, arial, sans-serif;\"><strong>&nbsp;<\/strong><\/span><\/p>\n<p style=\"text-align: justify;\"><span style=\"font-size: 14pt; font-family: helvetica, arial, sans-serif;\"><strong>V&nbsp;p\u0159\u00ed\u0161t\u00edm kole budou star\u0161\u00ed a mlad\u0161\u00ed \u017e\u00e1ci hr\u00e1t v dom\u00e1c\u00edm prost\u0159ed\u00ed s &nbsp;celkem Bru\u0161perku.&nbsp;&nbsp;&nbsp; Utk\u00e1n\u00ed krajsk\u00e9ho p\u0159eboru \u017e\u00e1k\u016f Kobe\u0159ice &#8211; Bru\u0161perk&nbsp; se bude hr\u00e1t v&nbsp;sobotu 20. \u0159\u00edjna&nbsp; 2018&nbsp;&nbsp; od 10:15 star\u0161\u00ed a 12:00 hodin mlad\u0161\u00ed.&nbsp; Zveme v\u0161echny p\u0159\u00edznivce na\u0161ich \u017e\u00e1kovsk\u00fdch mu\u017estev. <\/strong><\/span><\/p>\n","protected":false},"excerpt":{"rendered":"<p>K&nbsp;dal\u0161\u00edmu utk\u00e1n\u00ed zaj\u00ed\u017ed\u00edme do V\u0159esiny u Ostravy Po \u0161\u0165astn\u00e9m v\u00edt\u011bzstv\u00ed s&nbsp;Krava\u0159emi budou na\u0161i fotbalist\u00e9 hr\u00e1t mistrovsk\u00fd duel s&nbsp;V\u0159esinou, kter\u00e1 je pr\u016fb\u011b\u017en\u011b na 11. m\u00edst\u011b tabulky krajsk\u00e9<span class=\"excerpt-hellip\"> [\u2026]<\/span><\/p>\n","protected":false},"author":3,"featured_media":3787,"comment_status":"closed","ping_status":"open","sticky":false,"template":"","format":"standard","meta":{"ngg_post_thumbnail":0,"footnotes":""},"categories":[115,112,110,107,117,103,111,102],"tags":[],"class_list":["post-5556","post","type-post","status-publish","format-standard","has-post-thumbnail","hentry","category-a-tym","category-b-tym","category-dorost","category-fotbal","category-mladsi-zaci","category-pozvanky","category-starsi-zaci","category-zapasy"],"_links":{"self":[{"href":"https:\/\/tjsokolkoberice.cz\/index.php?rest_route=\/wp\/v2\/posts\/5556","targetHints":{"allow":["GET"]}}],"collection":[{"href":"https:\/\/tjsokolkoberice.cz\/index.php?rest_route=\/wp\/v2\/posts"}],"about":[{"href":"https:\/\/tjsokolkoberice.cz\/index.php?rest_route=\/wp\/v2\/types\/post"}],"author":[{"embeddable":true,"href":"https:\/\/tjsokolkoberice.cz\/index.php?rest_route=\/wp\/v2\/users\/3"}],"replies":[{"embeddable":true,"href":"https:\/\/tjsokolkoberice.cz\/index.php?rest_route=%2Fwp%2Fv2%2Fcomments&post=5556"}],"version-history":[{"count":1,"href":"https:\/\/tjsokolkoberice.cz\/index.php?rest_route=\/wp\/v2\/posts\/5556\/revisions"}],"predecessor-version":[{"id":5557,"href":"https:\/\/tjsokolkoberice.cz\/index.php?rest_route=\/wp\/v2\/posts\/5556\/revisions\/5557"}],"wp:featuredmedia":[{"embeddable":true,"href":"https:\/\/tjsokolkoberice.cz\/index.php?rest_route=\/wp\/v2\/media\/3787"}],"wp:attachment":[{"href":"https:\/\/tjsokolkoberice.cz\/index.php?rest_route=%2Fwp%2Fv2%2Fmedia&parent=5556"}],"wp:term":[{"taxonomy":"category","embeddable":true,"href":"https:\/\/tjsokolkoberice.cz\/index.php?rest_route=%2Fwp%2Fv2%2Fcategories&post=5556"},{"taxonomy":"post_tag","embeddable":true,"href":"https:\/\/tjsokolkoberice.cz\/index.php?rest_route=%2Fwp%2Fv2%2Ftags&post=5556"}],"curies":[{"name":"wp","href":"https:\/\/api.w.org\/{rel}","templated":true}]}}