{"id":5574,"date":"2018-10-25T08:38:36","date_gmt":"2018-10-25T07:38:36","guid":{"rendered":"https:\/\/tjsokolkoberice.cz\/?p=5574"},"modified":"2025-10-14T11:53:40","modified_gmt":"2025-10-14T10:53:40","slug":"vikendovy-program-nasich-muzstev-56","status":"publish","type":"post","link":"https:\/\/tjsokolkoberice.cz\/?p=5574","title":{"rendered":"V\u00edkendov\u00fd program na\u0161ich mu\u017estev"},"content":{"rendered":"<p style=\"text-align: justify;\"><span style=\"font-size: 14pt; font-family: helvetica, arial, sans-serif;\"><strong>Posledn\u00ed utk\u00e1n\u00ed v&nbsp;dom\u00e1c\u00edm prost\u0159ed\u00ed sehrajeme proti Slavkovu<\/strong><\/span><\/p>\n<p style=\"text-align: justify;\"><span style=\"font-size: 12pt; font-family: helvetica, arial, sans-serif;\">V posledn\u00edm&nbsp; utk\u00e1n\u00ed v&nbsp;dom\u00e1c\u00edm prost\u0159ed\u00ed host\u00ed fotbalist\u00e9 na\u0161eho A mu\u017estva fotbalisty Slavkova, kte\u0159\u00ed jsou po 11. kole I. A t\u0159\u00eddy na 10. m\u00edst\u011b tabulky krajsk\u00e9 sout\u011b\u017ee I.A t\u0159\u00eddy. Dosud vyhr\u00e1li 4 utk\u00e1n\u00ed, jednou remizovali a 6x byli pora\u017eeni.<\/span><\/p>\n<p style=\"text-align: justify;\"><span style=\"font-size: 12pt; font-family: helvetica, arial, sans-serif;\">Na\u0161i jdou do utk\u00e1n\u00ed po jednobrankov\u00e9m v\u00edt\u011bzstv\u00ed ve V\u0159esin\u011b, kter\u00e9 dos\u00e1hli brankou \u0160ime\u010dka z&nbsp;87. minuty. Soupe\u0159 hr\u00e1l v&nbsp;minul\u00e9m kole s&nbsp;Bolaticemi, kter\u00e9 porazil 3:2. Do utk\u00e1n\u00ed jdeme jako vedouc\u00ed celek sout\u011b\u017ee, ale vzhledem k&nbsp;tomu, \u017ee Slavkov v&nbsp;minul\u00e9m kole vyhr\u00e1l, nesm\u00edme jej podcenit a m\u011bli bychom nav\u00e1zat na v\u00fdsledky z&nbsp;minul\u00fdch kol. Mus\u00edme hr\u00e1t i v&nbsp;tomto utk\u00e1n\u00ed s&nbsp;pln\u00fdm nasazen\u00edm a oufejme, \u017ee to bude sta\u010dit na pln\u00fd bodov\u00fd zisk. M\u016f\u017eeme tak v\u00edt\u011bzstv\u00edm oslavit 100 let od vzniku \u010ceskoslovensk\u00e9 republiky.&nbsp;<\/span><\/p>\n<p style=\"text-align: justify;\"><span style=\"font-size: 12pt; font-family: helvetica, arial, sans-serif;\"><strong>Utk\u00e1n\u00ed TJ Sokol Kobe\u0159ice &#8211; Slavkov se bude hr\u00e1t ned\u011bli 28. \u0159\u00edjna 2018 od 14:00 hodin. Zveme na toto utk\u00e1n\u00ed v\u0161echny fotbalov\u00e9 fanou\u0161ky&nbsp; &nbsp;<\/strong><\/span><\/p>\n<p style=\"text-align: justify;\"><span style=\"font-size: 12pt; font-family: helvetica, arial, sans-serif;\"><strong><u>Program I. A t\u0159\u00eddy v&nbsp;tomto a p\u0159\u00ed\u0161t\u00edm kole<\/u><\/strong><\/span><\/p>\n<table width=\"0\">\n<tbody>\n<tr>\n<td width=\"317\"><span style=\"font-size: 12pt; font-family: helvetica, arial, sans-serif;\">Fulnek &#8211; Such\u00e9 Lazce<\/span><\/td>\n<td width=\"340\"><span style=\"font-size: 12pt; font-family: helvetica, arial, sans-serif;\"><strong>\u0160t\u011bp\u00e1nkovice<\/strong><strong> &#8211; Kobe\u0159ice (sobota 3.11.)<\/strong><\/span><\/td>\n<\/tr>\n<tr>\n<td width=\"317\"><span style=\"font-size: 12pt; font-family: helvetica, arial, sans-serif;\">Jakub\u010dovice &#8211; Velk\u00e9 Heraltice<\/span><\/td>\n<td width=\"340\"><span style=\"font-size: 12pt; font-family: helvetica, arial, sans-serif;\">Velk\u00e9 Heraltice &#8211; Bolatice<\/span><\/td>\n<\/tr>\n<tr>\n<td width=\"317\"><span style=\"font-size: 12pt; font-family: helvetica, arial, sans-serif;\">Chlebi\u010dov &#8211; Krava\u0159e<\/span><\/td>\n<td width=\"340\"><span style=\"font-size: 12pt; font-family: helvetica, arial, sans-serif;\">Fulnek &#8211; Jakub\u010dovice<\/span><\/td>\n<\/tr>\n<tr>\n<td width=\"317\"><span style=\"font-size: 12pt; font-family: helvetica, arial, sans-serif;\">Ludge\u0159ovice &#8211; Darkovi\u010dky<\/span><\/td>\n<td width=\"340\"><span style=\"font-size: 12pt; font-family: helvetica, arial, sans-serif;\">Darkovi\u010dky &#8211; Such\u00e9 Lazce<\/span><\/td>\n<\/tr>\n<tr>\n<td width=\"317\"><span style=\"font-size: 12pt; font-family: helvetica, arial, sans-serif;\">Mokr\u00e9 Lazce &#8211; V\u0159esina<\/span><\/td>\n<td width=\"340\"><span style=\"font-size: 12pt; font-family: helvetica, arial, sans-serif;\">Krava\u0159e &#8211; Ludge\u0159ovice<\/span><\/td>\n<\/tr>\n<tr>\n<td width=\"317\"><span style=\"font-size: 12pt; font-family: helvetica, arial, sans-serif;\">Bolatice &#8211; \u0160t\u011bp\u00e1nkovice<\/span><\/td>\n<td width=\"340\"><span style=\"font-size: 12pt; font-family: helvetica, arial, sans-serif;\">V\u0159esina &#8211; Chlebi\u010dov<\/span><\/td>\n<\/tr>\n<tr>\n<td width=\"317\"><span style=\"font-size: 12pt; font-family: helvetica, arial, sans-serif;\"><strong>Kobe\u0159ice<\/strong><strong> &#8211; Slavkov <\/strong><\/span><\/td>\n<td width=\"340\"><span style=\"font-size: 12pt; font-family: helvetica, arial, sans-serif;\">Slavkov &#8211; Mokr\u00e9 Lazce<\/span><\/td>\n<\/tr>\n<\/tbody>\n<\/table>\n<p style=\"text-align: justify;\">&nbsp;<\/p>\n<p style=\"text-align: justify;\"><span style=\"font-size: 14pt; font-family: helvetica, arial, sans-serif;\"><strong>Mu\u017ei B budou hr\u00e1t v&nbsp;T\u011b\u0161kovic\u00edch<\/strong><\/span><\/p>\n<p style=\"text-align: justify;\"><span style=\"font-size: 12pt; font-family: helvetica, arial, sans-serif;\">Po utk\u00e1n\u00ed s&nbsp;Dobroslavicemi, kter\u00e9 na\u0161e B mu\u017estvo prohr\u00e1lo v&nbsp;dom\u00e1c\u00edm prost\u0159ed\u00ed 1:4, budou hr\u00e1t venku v&nbsp;T\u011b\u0161kovic\u00edch, kter\u00e9 jsou v&nbsp;sou\u010dasn\u00e9 dob\u011b na p\u0159edposledn\u00edm m\u00edst\u011b okresn\u00edho p\u0159eboru. Do utk\u00e1n\u00ed s&nbsp;na\u0161\u00edm B mu\u017estvem jdou po rem\u00edze 1:1, kterou uhr\u00e1li v&nbsp;Litultovic\u00edch. T\u011b\u0161kovice v&nbsp;dosavadn\u00ed sezon\u011b 1x vyhr\u00e1li, 3x remizovali a 7x prohr\u00e1li. Maj\u00ed tedy o dva body v\u00edce ne\u017e na\u0161e mu\u017estvo. Na\u0161im hr\u00e1\u010d\u016fm p\u016fjde o to, \u017ee se v&nbsp;p\u0159\u00edpad\u011b v\u00edt\u011bzstv\u00ed odpoutaj\u00ed od posledn\u00edho m\u00edsta.<\/span><\/p>\n<p style=\"text-align: justify;\"><span style=\"font-size: 12pt; font-family: helvetica, arial, sans-serif;\">Na\u0161i hr\u00e1\u010di jsou posledn\u00ed a maj\u00ed 4 body za jedno v\u00edt\u011bzstv\u00ed a jednu rem\u00edzu. V&nbsp;osmi p\u0159\u00edpadech byli pora\u017eeni.<\/span><\/p>\n<p style=\"text-align: justify;\"><span style=\"font-size: 12pt; font-family: helvetica, arial, sans-serif;\"><strong>Utk\u00e1n\u00ed T\u011b\u0161kovice &#8211; Kobe\u0159ice B se bude hr\u00e1t v&nbsp;sobotu 27. \u0159\u00edjna 2018 od 14:00 hodin. <\/strong><\/span><\/p>\n<p style=\"text-align: justify;\"><span style=\"font-size: 12pt; font-family: helvetica, arial, sans-serif;\"><strong><u>Toto a p\u0159\u00ed\u0161t\u00ed kolo hraj\u00ed <\/u><\/strong><\/span><\/p>\n<table width=\"0\">\n<tbody>\n<tr>\n<td width=\"237\"><span style=\"font-size: 12pt; font-family: helvetica, arial, sans-serif;\">B\u0159ezov\u00e1 &#8211; St\u011bbo\u0159ice<\/span><\/td>\n<td width=\"237\"><span style=\"font-size: 12pt; font-family: helvetica, arial, sans-serif;\">Hlavnice &#8211; St\u011bbo\u0159ice<\/span><\/td>\n<\/tr>\n<tr>\n<td width=\"237\"><span style=\"font-size: 12pt; font-family: helvetica, arial, sans-serif;\">Slavia Opava &#8211; V\u00e1vrovice<\/span><\/td>\n<td width=\"237\"><span style=\"font-size: 12pt; font-family: helvetica, arial, sans-serif;\"><strong>Kobe\u0159ice &#8222;B&#8220;<\/strong> &#8211; <strong>\u0160t\u00edtina<\/strong><\/span><\/td>\n<\/tr>\n<tr>\n<td width=\"237\"><span style=\"font-size: 12pt; font-family: helvetica, arial, sans-serif;\">Dobroslavice &#8211; P\u00ed\u0161\u0165<\/span><\/td>\n<td width=\"237\"><span style=\"font-size: 12pt; font-family: helvetica, arial, sans-serif;\">P\u00ed\u0161\u0165 &#8211; T\u011b\u0161kovice<\/span><\/td>\n<\/tr>\n<tr>\n<td width=\"237\"><span style=\"font-size: 12pt; font-family: helvetica, arial, sans-serif;\"><strong>T\u011b\u0161kovice<\/strong> &#8211; <strong>Kobe\u0159ice &#8222;B&#8220;<\/strong><\/span><\/td>\n<td width=\"237\"><span style=\"font-size: 12pt; font-family: helvetica, arial, sans-serif;\">Jakartovice &#8211; Dobroslavice<\/span><\/td>\n<\/tr>\n<tr>\n<td width=\"237\"><span style=\"font-size: 12pt; font-family: helvetica, arial, sans-serif;\">\u0160t\u00edtina &#8211; Litultovice<\/span><\/td>\n<td width=\"237\"><span style=\"font-size: 12pt; font-family: helvetica, arial, sans-serif;\">V\u00e1vrovice &#8211; V\u0159esina<\/span><\/td>\n<\/tr>\n<tr>\n<td width=\"237\"><span style=\"font-size: 12pt; font-family: helvetica, arial, sans-serif;\">Slu\u017eovice &#8211; Hlavnice<\/span><\/td>\n<td width=\"237\"><span style=\"font-size: 12pt; font-family: helvetica, arial, sans-serif;\">B\u0159ezov\u00e1 &#8211; Slavia Opava<\/span><\/td>\n<\/tr>\n<tr>\n<td width=\"237\"><span style=\"font-size: 12pt; font-family: helvetica, arial, sans-serif;\">V\u0159esina &#8211; Jakartovice<\/span><\/td>\n<td width=\"237\"><span style=\"font-size: 12pt; font-family: helvetica, arial, sans-serif;\">Litultovice &#8211; Slu\u017eovice<\/span><\/td>\n<\/tr>\n<\/tbody>\n<\/table>\n<p style=\"text-align: justify;\">&nbsp;<\/p>\n<p style=\"text-align: justify;\"><span style=\"font-size: 14pt; font-family: helvetica, arial, sans-serif;\"><strong>Dorostenci budou hr\u00e1t doma s&nbsp;Polankou<\/strong><\/span><\/p>\n<p style=\"text-align: justify;\"><span style=\"font-size: 12pt; font-family: helvetica, arial, sans-serif;\">Na\u0161i dorostenci budou v&nbsp;posledn\u00edm dom\u00e1c\u00edm utk\u00e1n\u00ed hr\u00e1t s&nbsp;Polankou, kter\u00e1 je na 8. m\u00edst\u011b krajsk\u00e9 sout\u011b\u017ee. M\u00e1 na sv\u00e9m kont\u011b 12 bod\u016f, kdy\u017e 4x vyhr\u00e1la, 3x remizovala a 3x prohr\u00e1la. Do utk\u00e1n\u00ed s&nbsp;n\u00e1mi jdou po dom\u00e1c\u00ed rem\u00edze 2:2 s&nbsp;R\u00fdma\u0159ovem.<\/span><\/p>\n<p style=\"text-align: justify;\"><span style=\"font-size: 12pt; font-family: helvetica, arial, sans-serif;\">Na\u0161i dorostenci jsou na 5. m\u00edst\u011b s&nbsp;21 body. Do utk\u00e1n\u00ed s&nbsp;Polankou jdou po vysok\u00e9m v\u00edt\u011bzstv\u00ed 7:2, kter\u00e9 dos\u00e1hli ve V\u0159esin\u011b. V\u011b\u0159me, \u017ee i utk\u00e1n\u00ed a Polankou se na\u0161\u00edm dorostenc\u016fm vyda\u0159\u00ed a dovedou jej do v\u00edt\u011bzn\u00e9ho konce. &nbsp;<\/span><\/p>\n<p style=\"text-align: justify;\"><span style=\"font-size: 12pt; font-family: helvetica, arial, sans-serif;\"><strong>Utk\u00e1n\u00ed krajsk\u00e9 sout\u011b\u017ee dorostu Kobe\u0159ice &#8211; Polanka &nbsp;se&nbsp; hr\u00e1t v&nbsp;ned\u011bli 28. \u0159\u00edjna 2018 od 11:45 hodin. Zveme v\u0161echny p\u0159\u00edznivce na\u0161eho dorostu. <\/strong><\/span><\/p>\n<p style=\"text-align: justify;\"><span style=\"font-size: 12pt; font-family: helvetica, arial, sans-serif;\"><strong><u>Toto &nbsp;a p\u0159\u00ed\u0161t\u00ed kolo hraj\u00ed <\/u><\/strong><\/span><\/p>\n<table width=\"0\">\n<tbody>\n<tr>\n<td width=\"260\"><span style=\"font-size: 12pt; font-family: helvetica, arial, sans-serif;\">Hradec nad Moravic\u00ed &#8211; Fulnek<\/span><\/td>\n<td width=\"260\"><span style=\"font-size: 12pt; font-family: helvetica, arial, sans-serif;\">Velk\u00e1 Polom &#8211; Svinov<\/span><\/td>\n<\/tr>\n<tr>\n<td width=\"260\"><span style=\"font-size: 12pt; font-family: helvetica, arial, sans-serif;\">Sv\u011btl\u00e1 Hora &#8211; Velk\u00e1 Polom<\/span><\/td>\n<td width=\"260\"><span style=\"font-size: 12pt; font-family: helvetica, arial, sans-serif;\">Darkovi\u010dky &#8211; Fulnek<\/span><\/td>\n<\/tr>\n<tr>\n<td width=\"260\"><span style=\"font-size: 12pt; font-family: helvetica, arial, sans-serif;\">Svinov &#8211; Darkovi\u010dky<\/span><\/td>\n<td width=\"260\"><span style=\"font-size: 12pt; font-family: helvetica, arial, sans-serif;\">Polanka &#8211; Hlu\u010d\u00edn B<\/span><\/td>\n<\/tr>\n<tr>\n<td width=\"260\"><span style=\"font-size: 12pt; font-family: helvetica, arial, sans-serif;\">R\u00fdma\u0159ov &#8211; H\u00e1j ve Slezsku<\/span><\/td>\n<td width=\"260\"><span style=\"font-size: 12pt; font-family: helvetica, arial, sans-serif;\">Hradec nad Moravic\u00ed &#8211; Doln\u00ed Lhota&nbsp;<\/span><\/td>\n<\/tr>\n<tr>\n<td width=\"260\"><span style=\"font-size: 12pt; font-family: helvetica, arial, sans-serif;\"><strong>Kobe\u0159ice<\/strong><strong> &#8211; Polanka <\/strong><\/span><\/td>\n<td width=\"260\"><span style=\"font-size: 12pt; font-family: helvetica, arial, sans-serif;\">V\u0159esina &#8211; Sv\u011btl\u00e1 Hora<\/span><\/td>\n<\/tr>\n<tr>\n<td width=\"260\"><span style=\"font-size: 12pt; font-family: helvetica, arial, sans-serif;\">Hlu\u010d\u00edn B &#8211; V\u0159esina<\/span><\/td>\n<td width=\"260\"><span style=\"font-size: 12pt; font-family: helvetica, arial, sans-serif;\"><strong>H\u00e1j ve Slezsku<\/strong> &#8211; <strong>Kobe\u0159ice<\/strong><\/span><\/td>\n<\/tr>\n<tr>\n<td width=\"260\"><span style=\"font-size: 12pt; font-family: helvetica, arial, sans-serif;\">Doln\u00ed Lhota &#8211; Doln\u00ed Bene\u0161ov<\/span><\/td>\n<td width=\"260\"><span style=\"font-size: 12pt; font-family: helvetica, arial, sans-serif;\">Doln\u00ed Bene\u0161ov &#8211; R\u00fdma\u0159ov<\/span><\/td>\n<\/tr>\n<\/tbody>\n<\/table>\n<p style=\"text-align: justify;\">&nbsp;<\/p>\n<p style=\"text-align: justify;\"><span style=\"font-size: 12pt; font-family: helvetica, arial, sans-serif;\">V&nbsp;p\u0159\u00ed\u0161t\u00edm kole budou \u017e\u00e1ci hr\u00e1t v dom\u00e1c\u00edm prost\u0159ed\u00ed s &nbsp;celkem Ostrava-Jih.<\/span><\/p>\n<p style=\"text-align: justify;\"><span style=\"font-size: 12pt; font-family: helvetica, arial, sans-serif;\"><strong>Utk\u00e1n\u00ed krajsk\u00e9ho p\u0159eboru \u017e\u00e1k\u016f Ostrava-Jih &#8211; Kobe\u0159ice se bude hr\u00e1t v&nbsp;sobotu 27. \u0159\u00edjna&nbsp; 2018 od 9:00 pro star\u0161\u00ed a 10:45 hodin pro mlad\u0161\u00ed \u017e\u00e1ky. Spole\u010dn\u00fd odjezd je v&nbsp;7:15 hodin. Zveme v\u0161echny p\u0159\u00edznivce na\u0161ich \u017e\u00e1kovsk\u00fdch mu\u017estev. <\/strong><\/span><\/p>\n<p style=\"text-align: justify;\">[cs_divider divider_style=&#8220;crossy&#8220; divider_backtotop=&#8220;yes&#8220; divider_height=&#8220;1&#8243;]<\/p>\n","protected":false},"excerpt":{"rendered":"<p>Posledn\u00ed utk\u00e1n\u00ed v&nbsp;dom\u00e1c\u00edm prost\u0159ed\u00ed sehrajeme proti Slavkovu V posledn\u00edm&nbsp; utk\u00e1n\u00ed v&nbsp;dom\u00e1c\u00edm prost\u0159ed\u00ed host\u00ed fotbalist\u00e9 na\u0161eho A mu\u017estva fotbalisty Slavkova, kte\u0159\u00ed jsou po 11. kole I. A<span class=\"excerpt-hellip\"> [\u2026]<\/span><\/p>\n","protected":false},"author":3,"featured_media":3370,"comment_status":"closed","ping_status":"open","sticky":false,"template":"","format":"standard","meta":{"ngg_post_thumbnail":0,"footnotes":""},"categories":[115,112,110,107,117,103,111,102],"tags":[],"class_list":["post-5574","post","type-post","status-publish","format-standard","has-post-thumbnail","hentry","category-a-tym","category-b-tym","category-dorost","category-fotbal","category-mladsi-zaci","category-pozvanky","category-starsi-zaci","category-zapasy"],"_links":{"self":[{"href":"https:\/\/tjsokolkoberice.cz\/index.php?rest_route=\/wp\/v2\/posts\/5574","targetHints":{"allow":["GET"]}}],"collection":[{"href":"https:\/\/tjsokolkoberice.cz\/index.php?rest_route=\/wp\/v2\/posts"}],"about":[{"href":"https:\/\/tjsokolkoberice.cz\/index.php?rest_route=\/wp\/v2\/types\/post"}],"author":[{"embeddable":true,"href":"https:\/\/tjsokolkoberice.cz\/index.php?rest_route=\/wp\/v2\/users\/3"}],"replies":[{"embeddable":true,"href":"https:\/\/tjsokolkoberice.cz\/index.php?rest_route=%2Fwp%2Fv2%2Fcomments&post=5574"}],"version-history":[{"count":1,"href":"https:\/\/tjsokolkoberice.cz\/index.php?rest_route=\/wp\/v2\/posts\/5574\/revisions"}],"predecessor-version":[{"id":5575,"href":"https:\/\/tjsokolkoberice.cz\/index.php?rest_route=\/wp\/v2\/posts\/5574\/revisions\/5575"}],"wp:featuredmedia":[{"embeddable":true,"href":"https:\/\/tjsokolkoberice.cz\/index.php?rest_route=\/wp\/v2\/media\/3370"}],"wp:attachment":[{"href":"https:\/\/tjsokolkoberice.cz\/index.php?rest_route=%2Fwp%2Fv2%2Fmedia&parent=5574"}],"wp:term":[{"taxonomy":"category","embeddable":true,"href":"https:\/\/tjsokolkoberice.cz\/index.php?rest_route=%2Fwp%2Fv2%2Fcategories&post=5574"},{"taxonomy":"post_tag","embeddable":true,"href":"https:\/\/tjsokolkoberice.cz\/index.php?rest_route=%2Fwp%2Fv2%2Ftags&post=5574"}],"curies":[{"name":"wp","href":"https:\/\/api.w.org\/{rel}","templated":true}]}}