{"id":5604,"date":"2018-10-31T21:45:52","date_gmt":"2018-10-31T20:45:52","guid":{"rendered":"https:\/\/tjsokolkoberice.cz\/?p=5604"},"modified":"2025-10-14T11:53:40","modified_gmt":"2025-10-14T10:53:40","slug":"vikendovy-program-nasich-muzstev-57","status":"publish","type":"post","link":"https:\/\/tjsokolkoberice.cz\/?p=5604","title":{"rendered":"V\u00edkendov\u00fd program na\u0161ich mu\u017estev"},"content":{"rendered":"<p style=\"text-align: justify;\"><span style=\"font-size: 14pt; font-family: helvetica, arial, sans-serif;\"><strong>Na z\u00e1v\u011br presti\u017en\u00ed derby ve \u0160tep\u00e1nkovic\u00edch!<\/strong><\/span><\/p>\n<p style=\"text-align: justify;\"><span style=\"font-size: 12pt; font-family: helvetica, arial, sans-serif;\">V&nbsp;posledn\u00edm utk\u00e1n\u00ed podzimn\u00ed \u010d\u00e1sti fotbalov\u00e9 sez\u00f3ny se st\u0159etnou na\u0161i fotbalist\u00e9 A mu\u017estva s&nbsp;nov\u00e1\u010dkem sout\u011b\u017ee se \u0160t\u011bp\u00e1nkovicemi. <strong>Do\u0161lo k&nbsp;p\u0159esunut\u00ed term\u00ednu utk\u00e1n\u00ed, bude se hr\u00e1t v&nbsp;sobotu 3.11. ve 14 hod. <\/strong>Jist\u011b nen\u00ed t\u0159eba dod\u00e1vat, \u017ee se bude souboj odehr\u00e1vat ve velmi vypjat\u00e9 atmosf\u00e9\u0159e, kdy soupe\u0159 v&nbsp;dom\u00e1c\u00edm prost\u0159ed\u00ed bude velmi nep\u0159\u00edjemn\u00fd. Nav\u00edc mu\u017estvo dom\u00e1c\u00edho celku tr\u00e9nuje kobe\u0159ick\u00fd ob\u010dan Du\u0161an Christoph. \u0160t\u011bp\u00e1nkovice jsou po 12. kole na 4. m\u00edst\u011b s&nbsp;22 body. Dosud vyhr\u00e1li sedm utk\u00e1n\u00ed, jednou remizovali a 4x byli pora\u017eeni.<\/span><\/p>\n<p style=\"text-align: justify;\"><span style=\"font-size: 12pt; font-family: helvetica, arial, sans-serif;\">Na\u0161i hr\u00e1\u010di jsou na vedouc\u00edm m\u00edst\u011b tabulky krajsk\u00e9 sout\u011b\u017ee I. A t\u0159\u00eddy, kdy\u017e 10x vyhr\u00e1li a 2x remizovali. Z&nbsp;dom\u00e1c\u00edho t\u00fdmu je nejlep\u0161\u00edm st\u0159elcem se t\u0159emi brankami Adam Schwalbe a dv\u011b branky jsme znamenali u Michala Grigar\u010d\u00edka. Na\u0161\u00edm nejlep\u0161\u00edm st\u0159elcem je s&nbsp;dev\u00edti brankami Adam \u0160ime\u010dek a p\u011bt branek dal Anton\u00edn Kubn\u00fd.<\/span><\/p>\n<p style=\"text-align: justify;\"><span style=\"font-size: 12pt; font-family: helvetica, arial, sans-serif;\"><strong>Utk\u00e1n\u00ed krajsk\u00e9 sout\u011b\u017ee I. A t\u0159\u00eddy \u0160t\u011bp\u00e1nkovice \u2013 Kobe\u0159ice se bude hr\u00e1t v&nbsp;sobotu 3. listopadu 2018 od 14:00 hodin. K&nbsp;utk\u00e1n\u00ed se jede auty! Zveme v\u0161echny na\u0161e fotbalov\u00e9 fanou\u0161ky. <\/strong><\/span><\/p>\n<p style=\"text-align: justify;\"><span style=\"font-size: 12pt; font-family: helvetica, arial, sans-serif;\"><strong><u>Program IA.t\u0159\u00eddy v&nbsp;tomto kole<\/u><\/strong><\/span><\/p>\n<table width=\"0\">\n<tbody>\n<tr>\n<td width=\"340\"><span style=\"font-size: 12pt; font-family: helvetica, arial, sans-serif;\"><strong>\u0160t\u011bp\u00e1nkovice<\/strong><strong> &#8211; Kobe\u0159ice <\/strong><\/span><\/td>\n<\/tr>\n<tr>\n<td width=\"340\"><span style=\"font-size: 12pt; font-family: helvetica, arial, sans-serif;\">Velk\u00e9 Heraltice &#8211; Bolatice<\/span><\/td>\n<\/tr>\n<tr>\n<td width=\"340\"><span style=\"font-size: 12pt; font-family: helvetica, arial, sans-serif;\">Fulnek &#8211; Jakub\u010dovice<\/span><\/td>\n<\/tr>\n<tr>\n<td width=\"340\"><span style=\"font-size: 12pt; font-family: helvetica, arial, sans-serif;\">Darkovi\u010dky &#8211; Such\u00e9 Lazce<\/span><\/td>\n<\/tr>\n<tr>\n<td width=\"340\"><span style=\"font-size: 12pt; font-family: helvetica, arial, sans-serif;\">Krava\u0159e &#8211; Ludge\u0159ovice<\/span><\/td>\n<\/tr>\n<tr>\n<td width=\"340\"><span style=\"font-size: 12pt; font-family: helvetica, arial, sans-serif;\">V\u0159esina &#8211; Chlebi\u010dov<\/span><\/td>\n<\/tr>\n<tr>\n<td width=\"340\"><span style=\"font-size: 12pt; font-family: helvetica, arial, sans-serif;\">Slavkov &#8211; Mokr\u00e9 Lazce<\/span><\/td>\n<\/tr>\n<\/tbody>\n<\/table>\n<p style=\"text-align: justify;\">&nbsp;<\/p>\n<p style=\"text-align: justify;\"><span style=\"font-size: 14pt; font-family: helvetica, arial, sans-serif;\"><strong>Mu\u017ei B budou hr\u00e1t doma se \u0160t\u00edtinou<\/strong><\/span><\/p>\n<p style=\"text-align: justify;\"><span style=\"font-size: 12pt; font-family: helvetica, arial, sans-serif;\">Po utk\u00e1n\u00ed s&nbsp;T\u011b\u0161kovicemi, kter\u00e9 na\u0161e B mu\u017estvo prohr\u00e1lo venku 0:2, budou hr\u00e1t na\u0161i mu\u017ei doma se \u0160t\u00edtinou, kter\u00e1 je v&nbsp;sou\u010dasn\u00e9 dob\u011b na p\u0159edposledn\u00edm m\u00edst\u011b okresn\u00edho p\u0159eboru. Do utk\u00e1n\u00ed s&nbsp;na\u0161\u00edm mu\u017estvem jde po dom\u00e1c\u00ed proh\u0159e 0:3, kterou utr\u017eili od mu\u017estva Litultovic.<\/span><\/p>\n<p style=\"text-align: justify;\"><span style=\"font-size: 12pt; font-family: helvetica, arial, sans-serif;\">Na\u0161e B mu\u017estvo je posledn\u00ed a k&nbsp;utk\u00e1n\u00ed jde po por\u00e1\u017ece v&nbsp;T\u011b\u0161kovic\u00edch. \u0160t\u00edtina na p\u0159edposledn\u00edm m\u00edst\u011b m\u00e1 6 bod\u016f, kdy\u017e 1x vyhr\u00e1la, 3x remizovala a 8x byla pora\u017een\u00e1. Na\u0161e mu\u017estvo je na posledn\u00edm m\u00edst\u011b, kdy\u017e 1x vyhr\u00e1lo, jednou remizovalo a 9x prohr\u00e1lo.<\/span><\/p>\n<p style=\"text-align: justify;\"><span style=\"font-size: 12pt; font-family: helvetica, arial, sans-serif;\"><strong>Utk\u00e1n\u00ed okresn\u00edho p\u0159eboru Kobe\u0159ice B &#8211; \u0160t\u00edtina se bude hr\u00e1t v&nbsp;sobotu 3. listopadu od 14:00 hodin. Zveme na utk\u00e1n\u00ed v\u0161echny fotbalov\u00e9 p\u0159\u00edznivce na\u0161eho B mu\u017estva. <\/strong><\/span><\/p>\n<p style=\"text-align: justify;\"><span style=\"font-size: 12pt; font-family: helvetica, arial, sans-serif;\"><strong><u>Toto a p\u0159\u00ed\u0161t\u00ed kolo hraj\u00ed <\/u><\/strong><\/span><\/p>\n<table width=\"0\">\n<tbody>\n<tr>\n<td width=\"237\"><span style=\"font-size: 12pt; font-family: helvetica, arial, sans-serif;\">Hlavnice &#8211; St\u011bbo\u0159ice<\/span><\/td>\n<\/tr>\n<tr>\n<td width=\"237\"><span style=\"font-size: 12pt; font-family: helvetica, arial, sans-serif;\"><strong>Kobe\u0159ice &#8222;B&#8220;<\/strong> &#8211; <strong>\u0160t\u00edtina<\/strong><\/span><\/td>\n<\/tr>\n<tr>\n<td width=\"237\"><span style=\"font-size: 12pt; font-family: helvetica, arial, sans-serif;\">P\u00ed\u0161\u0165 &#8211; T\u011b\u0161kovice<\/span><\/td>\n<\/tr>\n<tr>\n<td width=\"237\"><span style=\"font-size: 12pt; font-family: helvetica, arial, sans-serif;\">Jakartovice &#8211; Dobroslavice<\/span><\/td>\n<\/tr>\n<tr>\n<td width=\"237\"><span style=\"font-size: 12pt; font-family: helvetica, arial, sans-serif;\">V\u00e1vrovice &#8211; V\u0159esina<\/span><\/td>\n<\/tr>\n<tr>\n<td width=\"237\"><span style=\"font-size: 12pt; font-family: helvetica, arial, sans-serif;\">B\u0159ezov\u00e1 &#8211; Slavia Opava<\/span><\/td>\n<\/tr>\n<tr>\n<td width=\"237\"><span style=\"font-size: 12pt; font-family: helvetica, arial, sans-serif;\">Litultovice &#8211; Slu\u017eovice<\/span><\/td>\n<\/tr>\n<\/tbody>\n<\/table>\n<p style=\"text-align: justify;\">&nbsp;<\/p>\n<p style=\"text-align: justify;\"><span style=\"font-size: 14pt; font-family: helvetica, arial, sans-serif;\"><strong>Dorostenci budou hr\u00e1t v&nbsp;H\u00e1ji ve Slezsku<\/strong><\/span><\/p>\n<p style=\"text-align: justify;\"><span style=\"font-size: 12pt; font-family: helvetica, arial, sans-serif;\">Na\u0161i dorostenci budou v&nbsp;posledn\u00edm utk\u00e1n\u00ed podzimn\u00ed \u010d\u00e1sti fotbalov\u00e9 sez\u00f3ny hr\u00e1t s&nbsp;dorostenci H\u00e1je ve Slezsku, kte\u0159\u00ed jsou v&nbsp;sou\u010dasn\u00e9 dob\u011b na 11. m\u00edst\u011b krajsk\u00e9 sout\u011b\u017ee a k&nbsp;utk\u00e1n\u00ed s&nbsp;na\u0161imi hr\u00e1\u010di nastupuj\u00ed po bezbrankov\u00e9 rem\u00edze, kterou uhr\u00e1li v&nbsp;R\u00fdma\u0159ov\u011b.<\/span><\/p>\n<p style=\"text-align: justify;\"><span style=\"font-size: 12pt; font-family: helvetica, arial, sans-serif;\">Na\u0161i budou v&nbsp;tomto utk\u00e1n\u00ed hr\u00e1t po v\u00fdh\u0159e s&nbsp;Polankou 3:0. Dorostenci H\u00e1je ve Slezsku &nbsp;2x vyhr\u00e1li, 2x remizovali a 6x prohr\u00e1li. Na\u0161i dorostenci jsou na 4. m\u00edst\u011b, kdy\u017e 8x vyhr\u00e1li a 4x byli pora\u017een\u00ed.<\/span><\/p>\n<p style=\"text-align: justify;\"><span style=\"font-size: 12pt; font-family: helvetica, arial, sans-serif;\"><strong>Utk\u00e1n\u00ed krajsk\u00e9 sout\u011b\u017ee dorostu se bude hr\u00e1t v&nbsp;ned\u011bli 4. listopadu 2018 od 11:45 hodin. Odjezd k&nbsp;utk\u00e1n\u00ed je v &nbsp;10:30 hodin. Zveme v\u0161echny p\u0159\u00edznivce na\u0161eho dorostu.&nbsp; <\/strong><\/span><\/p>\n<p style=\"text-align: justify;\"><span style=\"font-size: 12pt; font-family: helvetica, arial, sans-serif;\"><strong><u>Toto &nbsp;a p\u0159\u00ed\u0161t\u00ed kolo hraj\u00ed <\/u><\/strong><\/span><\/p>\n<table width=\"0\">\n<tbody>\n<tr>\n<td width=\"260\"><span style=\"font-size: 12pt; font-family: helvetica, arial, sans-serif;\">Velk\u00e1 Polom &#8211; Svinov<\/span><\/td>\n<\/tr>\n<tr>\n<td width=\"260\"><span style=\"font-size: 12pt; font-family: helvetica, arial, sans-serif;\">Darkovi\u010dky &#8211; Fulnek<\/span><\/td>\n<\/tr>\n<tr>\n<td width=\"260\"><span style=\"font-size: 12pt; font-family: helvetica, arial, sans-serif;\">Polanka &#8211; Hlu\u010d\u00edn B<\/span><\/td>\n<\/tr>\n<tr>\n<td width=\"260\"><span style=\"font-size: 12pt; font-family: helvetica, arial, sans-serif;\">Hradec nad Moravic\u00ed &#8211; Doln\u00ed Lhota&nbsp;<\/span><\/td>\n<\/tr>\n<tr>\n<td width=\"260\"><span style=\"font-size: 12pt; font-family: helvetica, arial, sans-serif;\">V\u0159esina &#8211; Sv\u011btl\u00e1 Hora<\/span><\/td>\n<\/tr>\n<tr>\n<td width=\"260\"><span style=\"font-size: 12pt; font-family: helvetica, arial, sans-serif;\"><strong>H\u00e1j ve Slezsku<\/strong> &#8211; <strong>Kobe\u0159ice<\/strong><\/span><\/td>\n<\/tr>\n<tr>\n<td width=\"260\"><span style=\"font-size: 12pt; font-family: helvetica, arial, sans-serif;\">Doln\u00ed Bene\u0161ov &#8211; R\u00fdma\u0159ov<\/span><\/td>\n<\/tr>\n<\/tbody>\n<\/table>\n<p style=\"text-align: justify;\">&nbsp;<\/p>\n<p style=\"text-align: justify;\"><span style=\"font-size: 12pt; font-family: helvetica, arial, sans-serif;\"><strong>V&nbsp;p\u0159\u00ed\u0161t\u00edm kole budou hr\u00e1t \u017e\u00e1ci v dom\u00e1c\u00edm prost\u0159ed\u00ed s &nbsp;celkem Jablunkova. Utk\u00e1n\u00ed krajsk\u00e9ho p\u0159eboru \u017e\u00e1k\u016f Kobe\u0159ice \u2013 Jablunkov&nbsp; se bude hr\u00e1t v&nbsp;sobotu 3. listopadu&nbsp; 2018&nbsp;&nbsp; od&nbsp; v&nbsp; 10:15 hodin&nbsp; a 12:00 hodin.&nbsp; Zveme v\u0161echny p\u0159\u00edznivce na\u0161ich \u017e\u00e1kovsk\u00fdch mu\u017estev. <\/strong><\/span><\/p>\n<p>&nbsp;<\/p>\n","protected":false},"excerpt":{"rendered":"<p>Na z\u00e1v\u011br presti\u017en\u00ed derby ve \u0160tep\u00e1nkovic\u00edch! V&nbsp;posledn\u00edm utk\u00e1n\u00ed podzimn\u00ed \u010d\u00e1sti fotbalov\u00e9 sez\u00f3ny se st\u0159etnou na\u0161i fotbalist\u00e9 A mu\u017estva s&nbsp;nov\u00e1\u010dkem sout\u011b\u017ee se \u0160t\u011bp\u00e1nkovicemi. Do\u0161lo k&nbsp;p\u0159esunut\u00ed term\u00ednu utk\u00e1n\u00ed,<span class=\"excerpt-hellip\"> [\u2026]<\/span><\/p>\n","protected":false},"author":3,"featured_media":3370,"comment_status":"closed","ping_status":"open","sticky":false,"template":"","format":"standard","meta":{"ngg_post_thumbnail":0,"footnotes":""},"categories":[115,112,110,107,117,103,111,150,102],"tags":[],"class_list":["post-5604","post","type-post","status-publish","format-standard","has-post-thumbnail","hentry","category-a-tym","category-b-tym","category-dorost","category-fotbal","category-mladsi-zaci","category-pozvanky","category-starsi-zaci","category-vse","category-zapasy"],"_links":{"self":[{"href":"https:\/\/tjsokolkoberice.cz\/index.php?rest_route=\/wp\/v2\/posts\/5604","targetHints":{"allow":["GET"]}}],"collection":[{"href":"https:\/\/tjsokolkoberice.cz\/index.php?rest_route=\/wp\/v2\/posts"}],"about":[{"href":"https:\/\/tjsokolkoberice.cz\/index.php?rest_route=\/wp\/v2\/types\/post"}],"author":[{"embeddable":true,"href":"https:\/\/tjsokolkoberice.cz\/index.php?rest_route=\/wp\/v2\/users\/3"}],"replies":[{"embeddable":true,"href":"https:\/\/tjsokolkoberice.cz\/index.php?rest_route=%2Fwp%2Fv2%2Fcomments&post=5604"}],"version-history":[{"count":1,"href":"https:\/\/tjsokolkoberice.cz\/index.php?rest_route=\/wp\/v2\/posts\/5604\/revisions"}],"predecessor-version":[{"id":5605,"href":"https:\/\/tjsokolkoberice.cz\/index.php?rest_route=\/wp\/v2\/posts\/5604\/revisions\/5605"}],"wp:featuredmedia":[{"embeddable":true,"href":"https:\/\/tjsokolkoberice.cz\/index.php?rest_route=\/wp\/v2\/media\/3370"}],"wp:attachment":[{"href":"https:\/\/tjsokolkoberice.cz\/index.php?rest_route=%2Fwp%2Fv2%2Fmedia&parent=5604"}],"wp:term":[{"taxonomy":"category","embeddable":true,"href":"https:\/\/tjsokolkoberice.cz\/index.php?rest_route=%2Fwp%2Fv2%2Fcategories&post=5604"},{"taxonomy":"post_tag","embeddable":true,"href":"https:\/\/tjsokolkoberice.cz\/index.php?rest_route=%2Fwp%2Fv2%2Ftags&post=5604"}],"curies":[{"name":"wp","href":"https:\/\/api.w.org\/{rel}","templated":true}]}}