{"id":5662,"date":"2018-11-08T21:27:09","date_gmt":"2018-11-08T20:27:09","guid":{"rendered":"https:\/\/tjsokolkoberice.cz\/?p=5662"},"modified":"2025-10-14T11:53:40","modified_gmt":"2025-10-14T10:53:40","slug":"sokolcata-odehrala-prvni-utkani-v-hlucine","status":"publish","type":"post","link":"https:\/\/tjsokolkoberice.cz\/?p=5662","title":{"rendered":"Sokol\u010data odehr\u00e1la prvn\u00ed utk\u00e1n\u00ed v Hlu\u010d\u00edn\u011b"},"content":{"rendered":"<p style=\"text-align: justify;\"><span style=\"font-size: 12pt; font-family: helvetica, arial, sans-serif;\">V pond\u011bl\u00ed 5.11.2018 se po sv\u00e9 teprve t\u0159\u00edm\u011bs\u00ed\u010dn\u00ed existenci vydala do Hlu\u010d\u00edna ke sv\u00e9mu prvn\u00edmu utk\u00e1n\u00ed na\u0161e fotbalov\u00e1 \u0161koli\u010dka ro\u010dn\u00edk\u016f 2012 a 2013. Tren\u00e9\u0159i Marek Ja\u0161ek, Luk\u00e1\u0161 HLuchn\u00edk, Marek Vidl\u00e1k a Jakub Bitomsk\u00fd postr\u00e1dali pouze nemocn\u00e9 Filipa Ruck\u00e9ho s Anton\u00ednem Bialasem. Po domluv\u011b s hlu\u010d\u00ednsk\u00fdmi tren\u00e9ry nastoupila Sokol\u010data v&nbsp;sestav\u011b Filip Ja\u0161ek, Maxmili\u00e1n Hluchn\u00edk, Anna Vidl\u00e1kov\u00e1, Teodor Kretek, Ond\u0159ej Balarin, Oliver Urbansk\u00fd, Kry\u0161tof Stuchl\u00edk, Filip Hol\u00edk, Max St\u0159\u00edbn\u00fd, Vojta \u010cujek, Janek Kamr\u00e1d, Jakub Jirgala a \u0160imon Kone\u010dn\u00fd na \u010dty\u0159ech h\u0159i\u0161t\u00edch najednou a pr\u016fb\u011b\u017en\u011b se st\u0159\u00eddala. Hr\u00e1li 2 proti 2 po deseti minut\u00e1ch na mal\u00e9 branky proto, aby si v\u0161ichni zahr\u00e1li.<\/span><\/p>\n<p style=\"text-align: justify;\"><span style=\"font-size: 12pt; font-family: helvetica, arial, sans-serif;\">Jeliko\u017e se u t\u00e9to v\u011bkov\u00e9 kategorie branky ani v\u00fdsledky nezapo\u010d\u00edt\u00e1vaj\u00ed, m\u016f\u017eeme pouze konstatovat, \u017ee n\u00e1s na\u0161e fotbalov\u00e9 nad\u011bje mile p\u0159ekvapily. Nehr\u00e1li \u017e\u00e1dn\u00e9 druh\u00e9 housle, ba pr\u00e1v\u011b naopak. Utk\u00e1n\u00ed p\u0159ihl\u00ed\u017eelo cca 60 div\u00e1k\u016f, p\u0159ev\u00e1\u017en\u011b rodinn\u00fdch p\u0159\u00edslu\u0161n\u00edk\u016f, kte\u0159\u00ed vytvo\u0159ili v hale s um\u011blou tr\u00e1vou fantastickou atmosf\u00e9ru.<\/span><\/p>\n<p style=\"text-align: justify;\"><span style=\"font-size: 12pt; font-family: helvetica, arial, sans-serif;\">Nov\u00ed \u010dlenov\u00e9 ro\u010dn\u00edk\u016f 2012 a 2013 do na\u0161\u00ed fotbalov\u00e9 \u0161koli\u010dky Sokol\u010data Kobe\u0159ice jsou st\u00e1le v\u00edt\u00e1n\u00ed. Tr\u00e9ninky v zimn\u00edm obdob\u00ed prob\u00edhaj\u00ed ka\u017ed\u00fd p\u00e1tek od 16:50 hod. v t\u011blocvi\u010dn\u00e9 Z\u0160 Kobe\u0159ice.<\/span><\/p>\n<p style=\"text-align: justify;\"><span style=\"font-size: 12pt;\"><strong><span style=\"font-family: helvetica, arial, sans-serif;\">Foto:<\/span><\/strong><\/span><\/p>\n<p style=\"text-align: justify;\"><a href=\"https:\/\/tjsokolkoberice.cz\/wp-content\/uploads\/2018\/11\/fotbalova-skolka1.jpg\"><img loading=\"lazy\" decoding=\"async\" class=\"alignleft size-medium wp-image-5664\" src=\"https:\/\/tjsokolkoberice.cz\/wp-content\/uploads\/2018\/11\/fotbalova-skolka1-300x225.jpg\" alt=\"\" width=\"300\" height=\"225\" srcset=\"https:\/\/tjsokolkoberice.cz\/wp-content\/uploads\/2018\/11\/fotbalova-skolka1-300x225.jpg 300w, https:\/\/tjsokolkoberice.cz\/wp-content\/uploads\/2018\/11\/fotbalova-skolka1-768x576.jpg 768w, https:\/\/tjsokolkoberice.cz\/wp-content\/uploads\/2018\/11\/fotbalova-skolka1-1024x768.jpg 1024w, https:\/\/tjsokolkoberice.cz\/wp-content\/uploads\/2018\/11\/fotbalova-skolka1-390x293.jpg 390w, https:\/\/tjsokolkoberice.cz\/wp-content\/uploads\/2018\/11\/fotbalova-skolka1-250x188.jpg 250w, https:\/\/tjsokolkoberice.cz\/wp-content\/uploads\/2018\/11\/fotbalova-skolka1-190x143.jpg 190w, https:\/\/tjsokolkoberice.cz\/wp-content\/uploads\/2018\/11\/fotbalova-skolka1.jpg 1200w\" sizes=\"auto, (max-width:767px) 300px, 300px\" \/><\/a><\/p>\n<p>&nbsp;<\/p>\n<p>&nbsp;<\/p>\n<p>&nbsp;<\/p>\n<p>&nbsp;<\/p>\n<p>&nbsp;<\/p>\n<p>&nbsp;<\/p>\n<p>&nbsp;<\/p>\n<p><strong>Video:&nbsp;<\/strong><\/p>\n<div style=\"width: 368px;\" class=\"wp-video\"><video class=\"wp-video-shortcode\" id=\"video-5662-1\" width=\"368\" height=\"656\" preload=\"metadata\" controls=\"controls\"><source type=\"video\/mp4\" src=\"https:\/\/tjsokolkoberice.cz\/wp-content\/uploads\/2018\/11\/video-sokolcata1.mp4?_=1\" \/><a href=\"https:\/\/tjsokolkoberice.cz\/wp-content\/uploads\/2018\/11\/video-sokolcata1.mp4\">https:\/\/tjsokolkoberice.cz\/wp-content\/uploads\/2018\/11\/video-sokolcata1.mp4<\/a><\/video><\/div>\n<p>&nbsp;<\/p>\n","protected":false},"excerpt":{"rendered":"<p>V pond\u011bl\u00ed 5.11.2018 se po sv\u00e9 teprve t\u0159\u00edm\u011bs\u00ed\u010dn\u00ed existenci vydala do Hlu\u010d\u00edna ke sv\u00e9mu prvn\u00edmu utk\u00e1n\u00ed na\u0161e fotbalov\u00e1 \u0161koli\u010dka ro\u010dn\u00edk\u016f 2012 a 2013. Tren\u00e9\u0159i Marek Ja\u0161ek,<span class=\"excerpt-hellip\"> [\u2026]<\/span><\/p>\n","protected":false},"author":3,"featured_media":5663,"comment_status":"closed","ping_status":"open","sticky":false,"template":"","format":"standard","meta":{"ngg_post_thumbnail":0,"footnotes":""},"categories":[107,120,119,204,102],"tags":[],"class_list":["post-5662","post","type-post","status-publish","format-standard","has-post-thumbnail","hentry","category-fotbal","category-mini-mladsi","category-mini-starsi","category-sokolcata","category-zapasy"],"_links":{"self":[{"href":"https:\/\/tjsokolkoberice.cz\/index.php?rest_route=\/wp\/v2\/posts\/5662","targetHints":{"allow":["GET"]}}],"collection":[{"href":"https:\/\/tjsokolkoberice.cz\/index.php?rest_route=\/wp\/v2\/posts"}],"about":[{"href":"https:\/\/tjsokolkoberice.cz\/index.php?rest_route=\/wp\/v2\/types\/post"}],"author":[{"embeddable":true,"href":"https:\/\/tjsokolkoberice.cz\/index.php?rest_route=\/wp\/v2\/users\/3"}],"replies":[{"embeddable":true,"href":"https:\/\/tjsokolkoberice.cz\/index.php?rest_route=%2Fwp%2Fv2%2Fcomments&post=5662"}],"version-history":[{"count":3,"href":"https:\/\/tjsokolkoberice.cz\/index.php?rest_route=\/wp\/v2\/posts\/5662\/revisions"}],"predecessor-version":[{"id":5670,"href":"https:\/\/tjsokolkoberice.cz\/index.php?rest_route=\/wp\/v2\/posts\/5662\/revisions\/5670"}],"wp:featuredmedia":[{"embeddable":true,"href":"https:\/\/tjsokolkoberice.cz\/index.php?rest_route=\/wp\/v2\/media\/5663"}],"wp:attachment":[{"href":"https:\/\/tjsokolkoberice.cz\/index.php?rest_route=%2Fwp%2Fv2%2Fmedia&parent=5662"}],"wp:term":[{"taxonomy":"category","embeddable":true,"href":"https:\/\/tjsokolkoberice.cz\/index.php?rest_route=%2Fwp%2Fv2%2Fcategories&post=5662"},{"taxonomy":"post_tag","embeddable":true,"href":"https:\/\/tjsokolkoberice.cz\/index.php?rest_route=%2Fwp%2Fv2%2Ftags&post=5662"}],"curies":[{"name":"wp","href":"https:\/\/api.w.org\/{rel}","templated":true}]}}