{"id":5674,"date":"2018-11-21T19:37:28","date_gmt":"2018-11-21T18:37:28","guid":{"rendered":"https:\/\/tjsokolkoberice.cz\/?p=5674"},"modified":"2025-10-14T11:53:39","modified_gmt":"2025-10-14T10:53:39","slug":"hodnoceni-podzimni-fotbalove-sezony","status":"publish","type":"post","link":"https:\/\/tjsokolkoberice.cz\/?p=5674","title":{"rendered":"Hodnocen\u00ed podzimn\u00ed fotbalov\u00e9 sez\u00f3ny"},"content":{"rendered":"<p style=\"text-align: justify;\"><span style=\"font-family: helvetica, arial, sans-serif;\"><strong>A mu\u017estvo<\/strong><\/span><\/p>\n<p style=\"text-align: justify;\"><span style=\"font-family: helvetica, arial, sans-serif;\">Fantastickou podzimn\u00ed \u010d\u00e1st, kter\u00e1 nem\u00e1 v historii kobe\u0159ick\u00e9ho mu\u017esk\u00e9ho fotbalu obdoby, maj\u00ed za sebou na\u0161i A mu\u017ei. Ve 13 podzimn\u00edch utk\u00e1n\u00edch nena\u0161li p\u0159emo\u017eitele a d\u00edky dv\u011bma venkovn\u00edm bezbrankov\u00fdm rem\u00edz\u00e1m ztratili pouh\u00e9 \u010dty\u0159i body. Se ziskem 35 bod\u016f jsou s p\u0159ehledem na vedouc\u00ed pozici o 7 bod\u016f p\u0159ed druh\u00fdm Fulnekem. B\u011bhem cel\u00e9ho podzimu prov\u00e1zela na\u0161e hr\u00e1\u010de konstantn\u00ed forma bez v\u011bt\u0161\u00edch v\u00fdkyv\u016f a i kdy\u017e se v n\u011bkter\u00fdch utk\u00e1n\u00edch p\u0159\u00edli\u0161 hern\u011b neda\u0159ilo, dok\u00e1zali utk\u00e1n\u00ed zvl\u00e1dnout p\u0159\u00edkladnou bojovnost\u00ed a fotbalovost\u00ed. Postaven\u00ed v tabulce nen\u00ed n\u00e1hodn\u00e9, nebo\u0165 jak v dom\u00e1c\u00edch, tak i ve venkovn\u00edch utk\u00e1n\u00edch jsme se um\u00edstili na vedouc\u00ed pozici. V dom\u00e1c\u00edm prost\u0159ed\u00ed jsme nav\u00edc neztratili ani bod a ve v\u0161ech sedmi utk\u00e1n\u00edch jsme zv\u00edt\u011bzili, kdy\u017e jsme obdr\u017eeli pouh\u00e9 4 branky. Z\u00e1kladem \u00fasp\u011bchu byla bezesporu pevn\u00e1 defenziva, nebo\u0165 pouh\u00fdch 6 obdr\u017een\u00fdch branek je v\u00fdborn\u00e1 vizitka cel\u00e9ho mu\u017estva. Nutno \u0159\u00edci, \u017ee se v kabin\u011b utvo\u0159ila skv\u011bl\u00e1 parta, kter\u00e1 t\u00e1hne za jeden provaz nejen na h\u0159i\u0161ti, ale i mimo n\u011bj. Odrazilo se to tak\u00e9 v tr\u00e9ninkov\u00e9 \u00fa\u010dasti, kter\u00e1 byla po cel\u00fd podzim nadstandardn\u00ed. To v\u0161e p\u0159isp\u011blo k \u00fasp\u011b\u0161n\u011b zvl\u00e1dnut\u00e9 podzimn\u00ed \u010d\u00e1sti. Hr\u00e1\u010di A mu\u017estva rovn\u011b\u017e velmi d\u011bkuj\u00ed v\u0161em fanou\u0161k\u016fm za podporu nejen v dom\u00e1c\u00edm prost\u0159ed\u00ed, ale tak\u00e9 na h\u0159i\u0161t\u00edch soupe\u0159\u016f!<\/span><\/p>\n<p style=\"text-align: justify;\"><span style=\"font-family: helvetica, arial, sans-serif;\">V\u011b\u0159me, \u017ee si skv\u011blou formu p\u0159enesou kluci i do jarn\u00edch boj\u016f, bude se jim vyh\u00fdbat zran\u011bn\u00ed a budou i na ja\u0159e bojovat o co nejlep\u0161\u00ed um\u00edst\u011bn\u00ed.<\/span><\/p>\n<p style=\"text-align: justify;\">&nbsp;<\/p>\n<p style=\"text-align: justify;\"><span style=\"font-family: helvetica, arial, sans-serif;\"><strong>B mu\u017estvo<\/strong><\/span><\/p>\n<p style=\"text-align: justify;\"><span style=\"font-family: helvetica, arial, sans-serif;\">Po letn\u00edm konci n\u011bkolika star\u0161\u00edch, zku\u0161en\u011bj\u0161\u00edch hr\u00e1\u010d\u016f, do\u0161lo k dopln\u011bn\u00ed mu\u017estva n\u011bkolika mlad\u00fdmi hr\u00e1\u010di. Bohu\u017eel tak\u00e9 tyto okolnosti se prom\u00edtly do v\u00fdsledk\u016f na\u0161\u00ed rezervy, kter\u00e1 se podzimn\u00ed \u010d\u00e1st\u00ed doslova protr\u00e1pila a obsadila posledn\u00ed m\u00edsto tabulky, kdy\u017e dok\u00e1zala vyhr\u00e1t pouh\u00e9 dv\u011b utk\u00e1n\u00ed a jednou remizovala. K t\u00e9to nelichotiv\u00e9 bilanci bezesporu p\u0159isp\u011bla tak\u00e9 chab\u00e1 tr\u00e9ninkov\u00e1 mor\u00e1lka mu\u017estva, kter\u00e9 se k pl\u00e1novan\u00e9mu tr\u00e9ninku n\u011bkdy ani nese\u0161lo. Proto v\u011b\u0159me, \u017ee se situace zlep\u0161\u00ed, \u017ee se zlep\u0161\u00ed hlavn\u011b p\u0159\u00edstup v\u0161ech \u010dlen\u016f B mu\u017estva a na ja\u0159e uvid\u00edme jin\u00fd t\u00fdm, kter\u00fd se porve o z\u00e1chranu v okresn\u00edm p\u0159eboru mu\u017e\u016f.&nbsp;<\/span><\/p>\n<p style=\"text-align: justify;\">\n<span style=\"font-family: helvetica, arial, sans-serif;\"> <strong>Dorost<\/strong><\/span>\n<\/p>\n<p style=\"text-align: justify;\"><span style=\"font-family: helvetica, arial, sans-serif;\">Podzimn\u00ed \u010d\u00e1st sez\u00f3ny 2018-19 neza\u010dali na\u0161i dorostenci dob\u0159e, kdy prvn\u00ed t\u0159i utk\u00e1n\u00ed&nbsp;prohr\u00e1li: Hradec n. M. 1:4, Doln\u00ed Lhota 2:4 a R\u00fdma\u0159ov 1:6. Pot\u00e9 p\u0159i\u0161la \u0161\u0148\u016fra p\u011bti v\u00edt\u011bzn\u00fdch z\u00e1pas\u016f: ve Fulneku 5:1, doma s Hlu\u010d\u00ednem B 2:1 a s Doln\u00edm Bene\u0161ovem 2:0,&nbsp;ve Sv\u011btl\u00e9 Ho\u0159e 7:1 a doma se Svinovem 4:1. V 9. kole p\u0159i\u0161la posledn\u00ed por\u00e1\u017eka a to&nbsp;v Darkovi\u010dk\u00e1ch 1:2. Ve zbyl\u00fdch \u010dty\u0159ech z\u00e1pasech jsme bodovali naplno a postupn\u011b&nbsp;porazili Velkou Polom 5:1, ve V\u0159esin\u011b jsme vyhr\u00e1li 7:2, doma porazili Polanku 3:0 a sez\u00f3nu&nbsp;ukon\u010dili v\u00edt\u011bzstv\u00edm v H\u00e1ji ve Slezsku 4:2. V podzimn\u00ed \u010d\u00e1sti jsme 9 utk\u00e1n\u00ed vyhr\u00e1li a&nbsp;4 prohr\u00e1li a ze ziskem 27 bod\u016f a sk\u00f3re 44:25 obsadili pr\u016fb\u011b\u017en\u00e9 3. m\u00edsto KS dorostu.&nbsp;<\/span><\/p>\n<p style=\"text-align: justify;\">&nbsp;<\/p>\n<p style=\"text-align: justify;\"><span style=\"font-family: helvetica, arial, sans-serif;\">Nejlep\u0161\u00edm st\u0159elcem podzimu se st\u00e1l Adam Hartmann, kter\u00fd dal 10 branek a byl i nejlep\u0161\u00edm nahr\u00e1va\u010dem s 9 asistencemi. V k\u00e1dru m\u00e1me 19 hr\u00e1\u010d\u016f a na tr\u00e9ninky chodilo<\/span><\/p>\n<p style=\"text-align: justify;\"><span style=\"font-family: helvetica, arial, sans-serif;\">v pr\u016fm\u011bru 14 hr\u00e1\u010d\u016f, za co\u017e jsme byli hodn\u011b r\u00e1di. S podzimn\u00ed sezonou jsme hodn\u011b&nbsp;spokojen\u00ed a touto cestou chceme hr\u00e1\u010d\u016fm pod\u011bkovat za p\u0159\u00edstup, odveden\u00e9 v\u00fdkony&nbsp;a za vzornou reprezentaci TJ Sokol Kobe\u0159ice.&nbsp;<\/span><\/p>\n<p style=\"text-align: justify;\"><span style=\"font-family: helvetica, arial, sans-serif;\"><a href=\"https:\/\/tjsokolkoberice.cz\/wp-content\/uploads\/2018\/11\/dorost_2018.jpg\"><img loading=\"lazy\" decoding=\"async\" class=\"aligncenter wp-image-5675 size-medium\" src=\"https:\/\/tjsokolkoberice.cz\/wp-content\/uploads\/2018\/11\/dorost_2018-300x225.jpg\" alt=\"\" width=\"300\" height=\"225\" srcset=\"https:\/\/tjsokolkoberice.cz\/wp-content\/uploads\/2018\/11\/dorost_2018-300x225.jpg 300w, https:\/\/tjsokolkoberice.cz\/wp-content\/uploads\/2018\/11\/dorost_2018-768x576.jpg 768w, https:\/\/tjsokolkoberice.cz\/wp-content\/uploads\/2018\/11\/dorost_2018-390x293.jpg 390w, https:\/\/tjsokolkoberice.cz\/wp-content\/uploads\/2018\/11\/dorost_2018-250x188.jpg 250w, https:\/\/tjsokolkoberice.cz\/wp-content\/uploads\/2018\/11\/dorost_2018-190x143.jpg 190w, https:\/\/tjsokolkoberice.cz\/wp-content\/uploads\/2018\/11\/dorost_2018.jpg 929w\" sizes=\"auto, (max-width:767px) 300px, 300px\" \/><\/a><\/span><\/p>\n<p style=\"text-align: justify;\">&nbsp;<\/p>\n<p style=\"text-align: justify;\"><span style=\"font-family: helvetica, arial, sans-serif;\"><strong>\u017d\u00e1ci<\/strong>&nbsp;<\/span><\/p>\n<p style=\"text-align: justify;\"><span style=\"font-family: helvetica, arial, sans-serif;\">Mu\u017estvo mlad\u0161\u00edch \u017e\u00e1k\u016f za\u010dalo novou sez\u00f3nu&nbsp; po postupu do krajsk\u00e9ho p\u0159eboru velice dob\u0159e a po polovin\u011b ro\u010dn\u00edku se nach\u00e1zej\u00ed na kr\u00e1sn\u00e9m 4. m\u00edst\u011b, kdy z\u00edskali 27 bod\u016f. K\u00e1dr opustilo 9 kluk\u016f a p\u0159i\u0161lo nov\u00fdch 8. Nejlep\u0161\u00edm st\u0159elcem je Adam V\u00e1clav\u00edk, kter\u00fd nast\u0159\u00edlel 24 branek.&nbsp;<\/span><\/p>\n<p style=\"text-align: justify;\">&nbsp;<\/p>\n<p style=\"text-align: justify;\"><span style=\"font-family: helvetica, arial, sans-serif;\">Mu\u017estvo star\u0161\u00edch \u017e\u00e1k\u016f se rozrostlo na 20 hr\u00e1\u010d\u016f, ji\u017e nepot\u0159ebuj\u00ed v\u00fdpomoc mlad\u0161\u00edch a na v\u00fdsledc\u00edch je to zn\u00e1t. Aktu\u00e1ln\u011b jsou na 2. m\u00edst\u011b tabulky se 32 body. Nejlep\u0161\u00edm st\u0159elcem je Tom\u00e1\u0161 Kole\u010dk\u00e1\u0159, kter\u00fd vst\u0159elil 13 branek. N\u00e1sleduje ho Daniel Pa\u0161ek s 12 brankami. Celou podzimn\u00ed \u010d\u00e1st n\u00e1s podporovali fanou\u0161ci a rodi\u010de, tak\u017ee jsme jezdili na z\u00e1pasy pln\u00fdm autobusem a n\u011bkdy i nav\u00edc auty. V\u0161ude jsme proto hr\u00e1li doma. Velk\u00fd d\u00edk za podporu!<\/span><\/p>\n<p style=\"text-align: justify;\">&nbsp;<\/p>\n<p style=\"text-align: justify;\"><span style=\"font-family: helvetica, arial, sans-serif;\">Veden\u00ed TJ Sokol Kobe\u0159ice velmi d\u011bkuje v\u0161em hr\u00e1\u010d\u016fm, tren\u00e9r\u016fm a dal\u0161\u00edm \u010dlen\u016fm realiza\u010dn\u00edch t\u00fdm\u016f za p\u0159\u00edkladnou reprezentaci TJ a v\u0161em p\u0159eje hodn\u011b zdrav\u00ed a sportovn\u00edch \u00fasp\u011bch\u016f tak\u00e9 v jarn\u00edch boj\u00edch!<\/span><\/p>\n<p>&nbsp;<\/p>\n","protected":false},"excerpt":{"rendered":"<p>A mu\u017estvo Fantastickou podzimn\u00ed \u010d\u00e1st, kter\u00e1 nem\u00e1 v historii kobe\u0159ick\u00e9ho mu\u017esk\u00e9ho fotbalu obdoby, maj\u00ed za sebou na\u0161i A mu\u017ei. Ve 13 podzimn\u00edch utk\u00e1n\u00edch nena\u0161li p\u0159emo\u017eitele a<span class=\"excerpt-hellip\"> [\u2026]<\/span><\/p>\n","protected":false},"author":3,"featured_media":1883,"comment_status":"closed","ping_status":"open","sticky":false,"template":"","format":"standard","meta":{"ngg_post_thumbnail":0,"footnotes":""},"categories":[115,112,110,107,117,111],"tags":[],"class_list":["post-5674","post","type-post","status-publish","format-standard","has-post-thumbnail","hentry","category-a-tym","category-b-tym","category-dorost","category-fotbal","category-mladsi-zaci","category-starsi-zaci"],"_links":{"self":[{"href":"https:\/\/tjsokolkoberice.cz\/index.php?rest_route=\/wp\/v2\/posts\/5674","targetHints":{"allow":["GET"]}}],"collection":[{"href":"https:\/\/tjsokolkoberice.cz\/index.php?rest_route=\/wp\/v2\/posts"}],"about":[{"href":"https:\/\/tjsokolkoberice.cz\/index.php?rest_route=\/wp\/v2\/types\/post"}],"author":[{"embeddable":true,"href":"https:\/\/tjsokolkoberice.cz\/index.php?rest_route=\/wp\/v2\/users\/3"}],"replies":[{"embeddable":true,"href":"https:\/\/tjsokolkoberice.cz\/index.php?rest_route=%2Fwp%2Fv2%2Fcomments&post=5674"}],"version-history":[{"count":1,"href":"https:\/\/tjsokolkoberice.cz\/index.php?rest_route=\/wp\/v2\/posts\/5674\/revisions"}],"predecessor-version":[{"id":5676,"href":"https:\/\/tjsokolkoberice.cz\/index.php?rest_route=\/wp\/v2\/posts\/5674\/revisions\/5676"}],"wp:featuredmedia":[{"embeddable":true,"href":"https:\/\/tjsokolkoberice.cz\/index.php?rest_route=\/wp\/v2\/media\/1883"}],"wp:attachment":[{"href":"https:\/\/tjsokolkoberice.cz\/index.php?rest_route=%2Fwp%2Fv2%2Fmedia&parent=5674"}],"wp:term":[{"taxonomy":"category","embeddable":true,"href":"https:\/\/tjsokolkoberice.cz\/index.php?rest_route=%2Fwp%2Fv2%2Fcategories&post=5674"},{"taxonomy":"post_tag","embeddable":true,"href":"https:\/\/tjsokolkoberice.cz\/index.php?rest_route=%2Fwp%2Fv2%2Ftags&post=5674"}],"curies":[{"name":"wp","href":"https:\/\/api.w.org\/{rel}","templated":true}]}}