{"id":5720,"date":"2019-01-03T14:32:32","date_gmt":"2019-01-03T13:32:32","guid":{"rendered":"https:\/\/tjsokolkoberice.cz\/?p=5720"},"modified":"2025-10-14T11:53:27","modified_gmt":"2025-10-14T10:53:27","slug":"sokolcata-v-krajske-zimni-lize","status":"publish","type":"post","link":"https:\/\/tjsokolkoberice.cz\/?p=5720","title":{"rendered":"Sokol\u010data v Krajsk\u00e9 zimn\u00ed lize"},"content":{"rendered":"<p style=\"text-align: justify;\"><span style=\"font-family: helvetica, arial, sans-serif; font-size: 12pt;\">Tren\u00e9\u0159i na\u0161i fotbalov\u00e9 \u0161koli\u010dky se rozhodli jejich sv\u011b\u0159ence dodate\u010dn\u011b p\u0159ihl\u00e1sit do Krajsk\u00e9 zimn\u00ed fotbalov\u00e9 ligy (<a href=\"www.kzl-msfks.cz\">www.kzl-msfks.cz<\/a>) pro p\u0159edp\u0159\u00edpravky ro\u010dn\u00edk 2012 a mlad\u0161\u00ed. Z\u00e1pasy t\u00e9to kategorie se hraj\u00ed v\u017edy v kr\u00e1sn\u00e9 hale v Bru\u0161perku. Jeliko\u017e voln\u00fdch m\u00edst v lize bylo v\u00edce a na\u0161i tren\u00e9\u0159i cht\u011bli, a\u0165 si v\u0161ichni dostate\u010dn\u011b zahraj\u00ed, p\u0159ihl\u00e1sili hned dv\u011b rovnocenn\u00e9 dru\u017estva. Ka\u017ed\u00e9 z nich by m\u011blo v hrac\u00ed den odehr\u00e1t 6 utk\u00e1n\u00ed na 2x 6 minut.<\/span><\/p>\n<p style=\"text-align: justify;\"><span style=\"font-family: helvetica, arial, sans-serif; font-size: 12pt;\">Prvn\u00ed turnaj se odehr\u00e1l t\u011bsn\u011b p\u0159ed V\u00e1noci v sobotu 22.12.2018. Mu\u017estvo Kobe\u0159ice &#8222;A&#8220; tvo\u0159ili tito hr\u00e1\u010di: Hol\u00edk Filip, Hluchn\u00edk Maxmili\u00e1n, \u010cujek Vojt\u011bch, Urbansk\u00fd Oliver a Balarin Ond\u0159ej veden\u00ed tren\u00e9rem Hluchn\u00edkem Luk\u00e1\u0161em, kter\u00e9mu pom\u00e1hal \u010cujek Jan mlad\u0161\u00ed. St\u0159etli jsme se postupn\u011b s t\u011bmito mu\u017estvy: Sedli\u0161t\u011b, V\u00edtkovice &#8222;B&#8220;, V\u00edtkovice &#8222;A&#8220;, Smilovice, Nebory a na\u0161im b\u00e9\u010dkem. Prvn\u00ed t\u0159i z\u00e1pasy byly docela vyrovnan\u00e9, ale soupe\u0159i n\u00e1m dali v\u017edy o n\u011bjakou tu branku v\u00edce. Se Smilovicemi a Nebory \u0161la vid\u011bt v\u00fd\u0161kov\u00e1 i silov\u00e1 p\u0159evaha soupe\u0159e, tak\u017ee n\u00e1s p\u0159est\u0159\u00edleli a v bratrovra\u017eedn\u00e9m souboji bylo o jednu branku \u0161\u0165astn\u011bj\u0161\u00ed na\u0161e &#8222;B&#8220; mu\u017estvo.<\/span><\/p>\n<p style=\"text-align: justify;\"><span style=\"font-family: helvetica, arial, sans-serif; font-size: 12pt;\">Mu\u017estvo \u201eB\u201c vedli tren\u00e9\u0159i Marek Ja\u0161ek s Markem Vidl\u00e1kem a m\u011bli k dispozici tyto hr\u00e1\u010de: Vidl\u00e1kovou Annu, Kone\u010dn\u00e9ho \u0160imona, Ja\u0161ka Filipa, St\u0159\u00edbn\u00e9ho Maxe a Bialase Anton\u00edna. Do ligov\u00e9 tabulky si p\u0159ipsali kr\u00e1sn\u00fdch 9 bod\u016f, kdy\u017e odehr\u00e1li vyrovnan\u00e9 utk\u00e1n\u00ed s Fr\u00fddkem-M\u00edstkem &#8222;A&#8220; se \u0161tastn\u011bj\u0161\u00edm koncem pro F-M, Fr\u00fddkem-M\u00edstkem &#8222;C&#8220; (ro\u010dn\u00edk 2013), kter\u00fd vysoko p\u0159est\u0159\u00edleli.<\/span><\/p>\n<p style=\"text-align: justify;\"><span style=\"font-family: helvetica, arial, sans-serif; font-size: 12pt;\">Dal\u0161\u00ed kola KZL jsou na programu 13.1., 3.2., 3.3. a z\u00e1v\u011bre\u010dn\u00e9 kolo 23.3.2019.<\/span><\/p>\n<p style=\"text-align: justify;\"><span style=\"font-family: helvetica, arial, sans-serif; font-size: 12pt;\">V&nbsp;p\u0159\u00edpad\u011b, \u017ee chcete sv\u00e9 d\u011bti p\u0159iv\u00e9st k&nbsp;fotbalu a sportu obecn\u011b, tak nev\u00e1hejte kontaktovat tren\u00e9ry Luk\u00e1\u0161e Hluchn\u00edka (tel. 723 018&nbsp;579) nebo Marka Ja\u0161ka (737 706&nbsp;361).<\/span><\/p>\n","protected":false},"excerpt":{"rendered":"<p>Tren\u00e9\u0159i na\u0161i fotbalov\u00e9 \u0161koli\u010dky se rozhodli jejich sv\u011b\u0159ence dodate\u010dn\u011b p\u0159ihl\u00e1sit do Krajsk\u00e9 zimn\u00ed fotbalov\u00e9 ligy (www.kzl-msfks.cz) pro p\u0159edp\u0159\u00edpravky ro\u010dn\u00edk 2012 a mlad\u0161\u00ed. Z\u00e1pasy t\u00e9to kategorie se<span class=\"excerpt-hellip\"> [\u2026]<\/span><\/p>\n","protected":false},"author":3,"featured_media":5663,"comment_status":"closed","ping_status":"open","sticky":false,"template":"","format":"standard","meta":{"ngg_post_thumbnail":0,"footnotes":""},"categories":[107,120,119,204,104,102],"tags":[],"class_list":["post-5720","post","type-post","status-publish","format-standard","has-post-thumbnail","hentry","category-fotbal","category-mini-mladsi","category-mini-starsi","category-sokolcata","category-vysledky","category-zapasy"],"_links":{"self":[{"href":"https:\/\/tjsokolkoberice.cz\/index.php?rest_route=\/wp\/v2\/posts\/5720","targetHints":{"allow":["GET"]}}],"collection":[{"href":"https:\/\/tjsokolkoberice.cz\/index.php?rest_route=\/wp\/v2\/posts"}],"about":[{"href":"https:\/\/tjsokolkoberice.cz\/index.php?rest_route=\/wp\/v2\/types\/post"}],"author":[{"embeddable":true,"href":"https:\/\/tjsokolkoberice.cz\/index.php?rest_route=\/wp\/v2\/users\/3"}],"replies":[{"embeddable":true,"href":"https:\/\/tjsokolkoberice.cz\/index.php?rest_route=%2Fwp%2Fv2%2Fcomments&post=5720"}],"version-history":[{"count":1,"href":"https:\/\/tjsokolkoberice.cz\/index.php?rest_route=\/wp\/v2\/posts\/5720\/revisions"}],"predecessor-version":[{"id":5721,"href":"https:\/\/tjsokolkoberice.cz\/index.php?rest_route=\/wp\/v2\/posts\/5720\/revisions\/5721"}],"wp:featuredmedia":[{"embeddable":true,"href":"https:\/\/tjsokolkoberice.cz\/index.php?rest_route=\/wp\/v2\/media\/5663"}],"wp:attachment":[{"href":"https:\/\/tjsokolkoberice.cz\/index.php?rest_route=%2Fwp%2Fv2%2Fmedia&parent=5720"}],"wp:term":[{"taxonomy":"category","embeddable":true,"href":"https:\/\/tjsokolkoberice.cz\/index.php?rest_route=%2Fwp%2Fv2%2Fcategories&post=5720"},{"taxonomy":"post_tag","embeddable":true,"href":"https:\/\/tjsokolkoberice.cz\/index.php?rest_route=%2Fwp%2Fv2%2Ftags&post=5720"}],"curies":[{"name":"wp","href":"https:\/\/api.w.org\/{rel}","templated":true}]}}