{"id":5731,"date":"2019-01-09T15:24:22","date_gmt":"2019-01-09T14:24:22","guid":{"rendered":"https:\/\/tjsokolkoberice.cz\/?p=5731"},"modified":"2025-10-14T11:53:27","modified_gmt":"2025-10-14T10:53:27","slug":"5731","status":"publish","type":"post","link":"https:\/\/tjsokolkoberice.cz\/?p=5731","title":{"rendered":"TJ Sokol Kobe\u0159ice po\u0159\u00e1d\u00e1 swingov\u00fd ples!"},"content":{"rendered":"<p style=\"text-align: justify;\"><span style=\"font-size: 12pt; font-family: helvetica, arial, sans-serif;\">V\u00e1\u017een\u00e9 d\u00e1my, v\u00e1\u017een\u00ed p\u00e1nov\u00e9,<\/span><span style=\"font-size: 12pt; font-family: helvetica, arial, sans-serif;\">&nbsp;<\/span><\/p>\n<p style=\"text-align: justify;\"><span style=\"font-size: 12pt; font-family: helvetica, arial, sans-serif;\">v\u00edtejte zp\u00e1tky v&nbsp;\u010dase! Zav\u0159ete o\u010di a poj\u010fte se spolu s&nbsp;n\u00e1mi p\u0159em\u00edstit zp\u011bt do 20. a 30. let minul\u00e9ho stolet\u00ed a za\u017e\u00edt tak nezapomenutelnou atmosf\u00e9ru t\u00e9to doby, kter\u00e1 se nese v&nbsp;duchu elegance a noblesy! Atmosf\u00e9ra prvn\u00ed republiky m\u00e1 v sob\u011b neskute\u010dnou d\u00e1vku \u0161armu!<\/span><span style=\"font-size: 12pt; font-family: helvetica, arial, sans-serif;\">&nbsp;<\/span><\/p>\n<p style=\"text-align: justify;\"><span style=\"font-size: 12pt; font-family: helvetica, arial, sans-serif;\">Zastavme se a poj\u010fme se vr\u00e1tit, pro\u017e\u00edt si to, co jsme nem\u011bli mo\u017enost za\u017e\u00edt&#8230; Vym\u011b\u0148te tuhle usp\u011bchanou, modern\u00ed dobu za kousek elegance, gentlemanstv\u00ed, slu\u0161n\u00e9ho vychov\u00e1n\u00ed a vyt\u0159\u00edben\u00e9ho vkusu.<\/span><\/p>\n<p style=\"text-align: justify;\"><span style=\"font-size: 12pt; font-family: helvetica, arial, sans-serif;\">P\u00e1nov\u00e9, nab\u00eddn\u011bte sv\u00e9 \u017een\u011b r\u00e1m\u011b, odsu\u0148te j\u00ed \u017eidli, kdy\u017e si bude cht\u00edt sednout. U\u017e jste j\u00ed dnes \u0159ekli, jak je p\u016fvabn\u00e1? Ud\u011blejte to, te\u010f je ta spr\u00e1vn\u00e1 chv\u00edle!<\/span><\/p>\n<p style=\"text-align: justify;\"><span style=\"font-size: 12pt; font-family: helvetica, arial, sans-serif;\">\u017dijte minulost\u00ed, jen na okam\u017eik, jen pro dne\u0161n\u00ed ve\u010der!<\/span><\/p>\n<p style=\"text-align: justify;\"><span style=\"font-size: 12pt; font-family: helvetica, arial, sans-serif;\">Prostory kulturn\u00edho domu budou stylisticky vyzdoben\u00e9, typick\u00fd je i dobov\u00fd dresscode jako frak, boa, kladen\u00e9 vlny, \u010delenky s pe\u0159\u00edm\u2026 To v\u0161e n\u00e1m bude p\u0159ipom\u00ednat atmosf\u00e9ru t\u00e9to doby. V\u011b\u0159\u00edme, \u017ee tu skv\u011ble podtrhne kapela&nbsp;<b>BigBand&nbsp;<\/b><b>z Krnova<\/b>, kter\u00e1 swingem \u017eije!<\/span><\/p>\n<p style=\"text-align: justify;\"><span style=\"font-size: 12pt; font-family: helvetica, arial, sans-serif;\">D\u00e1my a p\u00e1nov\u00e9, u\u017eijte si ve\u010der pln\u00fd tance, skv\u011bl\u00e9 hudby a obrovsk\u00e9 d\u00e1vky p\u016fvabu \ud83d\ude42<\/span><\/p>\n<p style=\"text-align: justify;\"><a href=\"https:\/\/tjsokolkoberice.cz\/wp-content\/uploads\/2019\/01\/web_DolniBenesov_swingovy_ples.jpg\"><img loading=\"lazy\" decoding=\"async\" class=\"aligncenter wp-image-5730 size-large\" src=\"https:\/\/tjsokolkoberice.cz\/wp-content\/uploads\/2019\/01\/web_DolniBenesov_swingovy_ples-724x1024.jpg\" alt=\"\" width=\"724\" height=\"1024\" srcset=\"https:\/\/tjsokolkoberice.cz\/wp-content\/uploads\/2019\/01\/web_DolniBenesov_swingovy_ples-724x1024.jpg 724w, https:\/\/tjsokolkoberice.cz\/wp-content\/uploads\/2019\/01\/web_DolniBenesov_swingovy_ples-212x300.jpg 212w, https:\/\/tjsokolkoberice.cz\/wp-content\/uploads\/2019\/01\/web_DolniBenesov_swingovy_ples-768x1086.jpg 768w, https:\/\/tjsokolkoberice.cz\/wp-content\/uploads\/2019\/01\/web_DolniBenesov_swingovy_ples.jpg 1370w\" sizes=\"auto, (max-width:767px) 480px, 724px\" \/><\/a><\/p>\n","protected":false},"excerpt":{"rendered":"<p>V\u00e1\u017een\u00e9 d\u00e1my, v\u00e1\u017een\u00ed p\u00e1nov\u00e9,&nbsp; v\u00edtejte zp\u00e1tky v&nbsp;\u010dase! Zav\u0159ete o\u010di a poj\u010fte se spolu s&nbsp;n\u00e1mi p\u0159em\u00edstit zp\u011bt do 20. a 30. let minul\u00e9ho stolet\u00ed a za\u017e\u00edt tak<span class=\"excerpt-hellip\"> [\u2026]<\/span><\/p>\n","protected":false},"author":3,"featured_media":1509,"comment_status":"closed","ping_status":"open","sticky":false,"template":"","format":"standard","meta":{"ngg_post_thumbnail":0,"footnotes":""},"categories":[127],"tags":[],"class_list":["post-5731","post","type-post","status-publish","format-standard","has-post-thumbnail","hentry","category-kulturni-akce"],"_links":{"self":[{"href":"https:\/\/tjsokolkoberice.cz\/index.php?rest_route=\/wp\/v2\/posts\/5731","targetHints":{"allow":["GET"]}}],"collection":[{"href":"https:\/\/tjsokolkoberice.cz\/index.php?rest_route=\/wp\/v2\/posts"}],"about":[{"href":"https:\/\/tjsokolkoberice.cz\/index.php?rest_route=\/wp\/v2\/types\/post"}],"author":[{"embeddable":true,"href":"https:\/\/tjsokolkoberice.cz\/index.php?rest_route=\/wp\/v2\/users\/3"}],"replies":[{"embeddable":true,"href":"https:\/\/tjsokolkoberice.cz\/index.php?rest_route=%2Fwp%2Fv2%2Fcomments&post=5731"}],"version-history":[{"count":7,"href":"https:\/\/tjsokolkoberice.cz\/index.php?rest_route=\/wp\/v2\/posts\/5731\/revisions"}],"predecessor-version":[{"id":5744,"href":"https:\/\/tjsokolkoberice.cz\/index.php?rest_route=\/wp\/v2\/posts\/5731\/revisions\/5744"}],"wp:featuredmedia":[{"embeddable":true,"href":"https:\/\/tjsokolkoberice.cz\/index.php?rest_route=\/wp\/v2\/media\/1509"}],"wp:attachment":[{"href":"https:\/\/tjsokolkoberice.cz\/index.php?rest_route=%2Fwp%2Fv2%2Fmedia&parent=5731"}],"wp:term":[{"taxonomy":"category","embeddable":true,"href":"https:\/\/tjsokolkoberice.cz\/index.php?rest_route=%2Fwp%2Fv2%2Fcategories&post=5731"},{"taxonomy":"post_tag","embeddable":true,"href":"https:\/\/tjsokolkoberice.cz\/index.php?rest_route=%2Fwp%2Fv2%2Ftags&post=5731"}],"curies":[{"name":"wp","href":"https:\/\/api.w.org\/{rel}","templated":true}]}}