{"id":5783,"date":"2019-01-18T20:31:08","date_gmt":"2019-01-18T19:31:08","guid":{"rendered":"https:\/\/tjsokolkoberice.cz\/?p=5783"},"modified":"2025-10-14T11:53:27","modified_gmt":"2025-10-14T10:53:27","slug":"a-muzstvo-zahajilo-pripravu","status":"publish","type":"post","link":"https:\/\/tjsokolkoberice.cz\/?p=5783","title":{"rendered":"A mu\u017estvo zah\u00e1jilo p\u0159\u00edpravu!"},"content":{"rendered":"<p style=\"text-align: justify;\"><span style=\"font-family: helvetica, arial, sans-serif; font-size: 12pt;\">V \u00fater\u00fd 15.1.2019 se k prvn\u00edmu tr\u00e9ninku po dlouh\u00e9 zimn\u00ed p\u0159est\u00e1vce se\u0161lo na\u0161e A mu\u017estvo. V kabin\u011b se hl\u00e1silo 16 hr\u00e1\u010d\u016f, z toho 3 dorostenci, kte\u0159\u00ed absolvuj\u00ed s mu\u017estvem p\u0159\u00edpravu. Dal\u0161\u00edch 5 hr\u00e1\u010di z r\u016fzn\u00fdch d\u016fvod\u016f chyb\u011blo. Novicem byl stoper Tom\u00e1\u0161 Dietrich, u kter\u00e9ho se jedn\u00e1 o p\u0159estupu ze Slavkova.\u00a0<\/span><\/p>\n<div style=\"text-align: justify;\"><span style=\"font-size: 12pt;\">\u00a0<\/span><\/div>\n<div style=\"text-align: justify;\"><span style=\"font-family: helvetica, arial, sans-serif; font-size: 12pt;\"><b>Hr\u00e1\u010di na prvn\u00edm tr\u00e9ninku:\u00a0<\/b><\/span><\/div>\n<div style=\"text-align: justify;\"><span style=\"font-family: helvetica, arial, sans-serif; font-size: 12pt;\"><b>\u00a0<\/b><\/span><\/div>\n<div style=\"text-align: justify;\"><span style=\"font-family: helvetica, arial, sans-serif; font-size: 12pt;\">Andreas Kolar\u010d\u00edk, Filip Rother, Sebastian \u0160van\u010dar (dorostenci), Tom\u00e1\u0161 Dietrich, Patrik Mezera, Anton\u00edn Kubn\u00fd, Pavel \u0160evior, Jan Buchta, Jan \u010cujek, Ren\u00e9 Wirth, Robin Wirth, Petr Stuchl\u00edk, Petr \u0160tencel, Jan Oberherr, Patrik Hartmann, Martin St\u0159\u00edbn\u00fd<\/span><\/div>\n<div style=\"text-align: justify;\"><span style=\"font-size: 12pt;\">\u00a0<\/span><\/div>\n<div style=\"text-align: justify;\"><span style=\"font-family: helvetica, arial, sans-serif; font-size: 12pt;\"><b>Chyb\u011bli:<\/b>\u00a0Zden\u011bk Kry\u0161tof, Adam \u0160ime\u010dek, Radim Stuchl\u00edk, Petr Schlischka, Filip Kollek<\/span><\/div>\n<div style=\"text-align: justify;\"><span style=\"font-size: 12pt;\">\u00a0<\/span><\/div>\n<div style=\"text-align: justify;\"><span style=\"font-family: helvetica, arial, sans-serif; font-size: 12pt;\"><b>\u00a0<\/b><\/span><\/div>\n<div style=\"text-align: justify;\"><span style=\"font-family: helvetica, arial, sans-serif; font-size: 12pt;\"><b>Seznam p\u0159\u00edpravn\u00fdch utk\u00e1n\u00ed A mu\u017estva:<\/b><\/span><\/div>\n<div style=\"text-align: justify;\"><span style=\"font-family: helvetica, arial, sans-serif; font-size: 12pt;\"><b>\u00a0<\/b><\/span><\/div>\n<div style=\"text-align: justify;\"><span style=\"font-family: helvetica, arial, sans-serif; font-size: 12pt;\"><b>2. \u00fanora 2019\u00a0 \u00a0 \u00a0 \u00a0 \u00a0 \u00a0 Kobe\u0159ice &#8211; Pust\u00e1 Polom\u00a0 \u00a0 \u00a0 \u00a0 \u00a0 \u00a0 10 hod.\u00a0 \u00a0UT Chlebi\u010dov<\/b><\/span><\/div>\n<div style=\"text-align: justify;\"><span style=\"font-family: helvetica, arial, sans-serif; font-size: 12pt;\"><b>9. \u00fanora 2019\u00a0 \u00a0 \u00a0 \u00a0 \u00a0 \u00a0 Kobe\u0159ice &#8211; Mal\u00e9 Ho\u0161tice\u00a0 \u00a0 \u00a0 \u00a0 \u00a0 \u00a0 10 hod.\u00a0 \u00a0UT Chlebi\u010dov<\/b><b><br \/>\n<\/b><\/span><\/div>\n<div style=\"text-align: justify;\"><span style=\"font-family: helvetica, arial, sans-serif; font-size: 12pt;\"><b>16. \u00fanora 2019\u00a0 \u00a0 \u00a0 \u00a0 \u00a0Kobe\u0159ice &#8211; H\u00e1j ve slezsku\u00a0 \u00a0 \u00a0 \u00a0 \u00a0 10 hod.\u00a0 \u00a0UT Chlebi\u010dov<\/b><\/span><\/div>\n<div style=\"text-align: justify;\"><span style=\"font-family: helvetica, arial, sans-serif; font-size: 12pt;\"><b>21.2. &#8211; 24.2. 2019\u00a0 \u00a0 Soust\u0159ed\u011bn\u00ed \u017dimrovice<\/b><\/span><\/div>\n<div style=\"text-align: justify;\"><span style=\"font-family: helvetica, arial, sans-serif; font-size: 12pt;\"><b>2. b\u0159ezna 2019\u00a0 \u00a0 \u00a0 \u00a0 \u00a0 Kobe\u0159ice &#8211; Hradec n\/M\u00a0 \u00a0 \u00a0 \u00a0 \u00a0 \u00a0 \u00a0 \u00a010 hod.\u00a0 \u00a0UT Chlebi\u010dov\u00a0<\/b><b><br \/>\n<\/b><\/span><\/div>\n<div style=\"text-align: justify;\"><span style=\"font-family: helvetica, arial, sans-serif; font-size: 12pt;\"><b>9. b\u0159ezna 2019\u00a0 \u00a0 \u00a0 \u00a0 \u00a0 Kobe\u0159ice &#8211; Kozmice\u00a0 \u00a0 \u00a0 \u00a0 \u00a0 \u00a0 \u00a0 \u00a0 \u00a0 \u00a010 hod.\u00a0 \u00a0UT Chlebi\u010dov\u00a0<\/b><b><br \/>\n<\/b><\/span><\/div>\n<div style=\"text-align: justify;\"><span style=\"font-family: helvetica, arial, sans-serif; font-size: 12pt;\"><b>16. b\u0159ezna 2019\u00a0 \u00a0 \u00a0 \u00a0 Kobe\u0159ice &#8211; Litultovice\u00a0 \u00a0 \u00a0 \u00a0 \u00a0 \u00a0 \u00a0 \u00a0 10 hod.\u00a0 \u00a0UT Chlebi\u010dov\u00a0\u00a0<\/b><b><br \/>\n<\/b><\/span><\/div>\n<div style=\"text-align: justify;\"><span style=\"font-family: helvetica, arial, sans-serif; font-size: 12pt;\"><b>\u00a0<\/b><\/span><\/div>\n<div style=\"text-align: justify;\"><span style=\"font-family: helvetica, arial, sans-serif; font-size: 12pt;\"><b>V p\u0159\u00edpad\u011b dobr\u00fdch klimatick\u00fdch podm\u00ednek mohou b\u00fdt utk\u00e1n\u00ed odehr\u00e1na v jin\u00fdch term\u00ednech na p\u0159\u00edrodn\u00ed tr\u00e1v\u011b. O zm\u011bn\u00e1ch budeme informovat na webu i na v\u00fdv\u011bsk\u00e1ch.<\/b><\/span><\/div>\n","protected":false},"excerpt":{"rendered":"<p>V \u00fater\u00fd 15.1.2019 se k prvn\u00edmu tr\u00e9ninku po dlouh\u00e9 zimn\u00ed p\u0159est\u00e1vce se\u0161lo na\u0161e A mu\u017estvo. V kabin\u011b se hl\u00e1silo 16 hr\u00e1\u010d\u016f, z toho 3 dorostenci, kte\u0159\u00ed<span class=\"excerpt-hellip\"> [\u2026]<\/span><\/p>\n","protected":false},"author":3,"featured_media":3371,"comment_status":"closed","ping_status":"open","sticky":false,"template":"","format":"standard","meta":{"ngg_post_thumbnail":0,"footnotes":""},"categories":[115,107],"tags":[],"class_list":["post-5783","post","type-post","status-publish","format-standard","has-post-thumbnail","hentry","category-a-tym","category-fotbal"],"_links":{"self":[{"href":"https:\/\/tjsokolkoberice.cz\/index.php?rest_route=\/wp\/v2\/posts\/5783","targetHints":{"allow":["GET"]}}],"collection":[{"href":"https:\/\/tjsokolkoberice.cz\/index.php?rest_route=\/wp\/v2\/posts"}],"about":[{"href":"https:\/\/tjsokolkoberice.cz\/index.php?rest_route=\/wp\/v2\/types\/post"}],"author":[{"embeddable":true,"href":"https:\/\/tjsokolkoberice.cz\/index.php?rest_route=\/wp\/v2\/users\/3"}],"replies":[{"embeddable":true,"href":"https:\/\/tjsokolkoberice.cz\/index.php?rest_route=%2Fwp%2Fv2%2Fcomments&post=5783"}],"version-history":[{"count":4,"href":"https:\/\/tjsokolkoberice.cz\/index.php?rest_route=\/wp\/v2\/posts\/5783\/revisions"}],"predecessor-version":[{"id":5830,"href":"https:\/\/tjsokolkoberice.cz\/index.php?rest_route=\/wp\/v2\/posts\/5783\/revisions\/5830"}],"wp:featuredmedia":[{"embeddable":true,"href":"https:\/\/tjsokolkoberice.cz\/index.php?rest_route=\/wp\/v2\/media\/3371"}],"wp:attachment":[{"href":"https:\/\/tjsokolkoberice.cz\/index.php?rest_route=%2Fwp%2Fv2%2Fmedia&parent=5783"}],"wp:term":[{"taxonomy":"category","embeddable":true,"href":"https:\/\/tjsokolkoberice.cz\/index.php?rest_route=%2Fwp%2Fv2%2Fcategories&post=5783"},{"taxonomy":"post_tag","embeddable":true,"href":"https:\/\/tjsokolkoberice.cz\/index.php?rest_route=%2Fwp%2Fv2%2Ftags&post=5783"}],"curies":[{"name":"wp","href":"https:\/\/api.w.org\/{rel}","templated":true}]}}