{"id":5797,"date":"2019-02-07T19:07:13","date_gmt":"2019-02-07T18:07:13","guid":{"rendered":"https:\/\/tjsokolkoberice.cz\/?p=5797"},"modified":"2025-10-14T11:53:26","modified_gmt":"2025-10-14T10:53:26","slug":"v-prvnim-pripravnem-utkani-vitezne","status":"publish","type":"post","link":"https:\/\/tjsokolkoberice.cz\/?p=5797","title":{"rendered":"V prvn\u00edm p\u0159\u00edpravn\u00e9m utk\u00e1n\u00ed v\u00edt\u011bzn\u011b!"},"content":{"rendered":"<div style=\"text-align: justify;\"><span style=\"font-family: helvetica, arial, sans-serif; font-size: 12pt;\">Prvn\u00ed p\u0159\u00edpravn\u00e9 utk\u00e1n\u00ed maj\u00ed za sebou na\u0161i hr\u00e1\u010di A mu\u017estva. Na um\u011blce v Chlebi\u010dov\u011b porazili v divok\u00e9 p\u0159est\u0159elce \u00fa\u010dastn\u00edka krajsk\u00e9ho p\u0159eboru z Pust\u00e9 Polomi v pom\u011bru 6:4.<\/span><\/div>\n<div style=\"text-align: justify;\"><span style=\"font-family: helvetica, arial, sans-serif; font-size: 12pt;\">P\u0159\u00ed\u0161t\u00ed utk\u00e1n\u00ed sehraj\u00ed v sobotu 9.2. od 10 hod. v Chlebi\u010dov\u011b proti l\u00eddru B. t\u0159\u00eddy z Mal\u00fdch Ho\u0161tic.<\/span><\/div>\n<div style=\"text-align: justify;\">&nbsp;<\/div>\n<div style=\"text-align: justify;\"><span style=\"font-family: helvetica, arial, sans-serif; font-size: 12pt;\"><b>Kobe\u0159ice &#8211; SC Pust\u00e1 Polom&nbsp; 6:4&nbsp; (1:3)<\/b><\/span><\/div>\n<div style=\"text-align: justify;\">&nbsp;<\/div>\n<div style=\"text-align: justify;\"><span style=\"font-family: helvetica, arial, sans-serif; font-size: 12pt;\"><b>Branky<\/b>: Kubn\u00fd 2x, \u0160ime\u010dek 2x, Mezera, Kry\u0161tof<\/span><\/div>\n<div style=\"text-align: justify;\"><span style=\"font-family: helvetica, arial, sans-serif; font-size: 12pt;\"><b>Sestava<\/b>: Schlischka, Kollek, Kolar\u010d\u00edk, Wirth Robin, Wirth Ren\u00e9, Kry\u0161tof, Rother, \u0160evior, Mezera (Kubn\u00fd), \u010cujek, St\u0159\u00edbn\u00fd (\u0160ime\u010dek)<\/span><\/div>\n","protected":false},"excerpt":{"rendered":"<p>Prvn\u00ed p\u0159\u00edpravn\u00e9 utk\u00e1n\u00ed maj\u00ed za sebou na\u0161i hr\u00e1\u010di A mu\u017estva. Na um\u011blce v Chlebi\u010dov\u011b porazili v divok\u00e9 p\u0159est\u0159elce \u00fa\u010dastn\u00edka krajsk\u00e9ho p\u0159eboru z Pust\u00e9 Polomi v pom\u011bru<span class=\"excerpt-hellip\"> [\u2026]<\/span><\/p>\n","protected":false},"author":3,"featured_media":2444,"comment_status":"closed","ping_status":"open","sticky":false,"template":"","format":"standard","meta":{"ngg_post_thumbnail":0,"footnotes":""},"categories":[115,107,104,102],"tags":[],"class_list":["post-5797","post","type-post","status-publish","format-standard","has-post-thumbnail","hentry","category-a-tym","category-fotbal","category-vysledky","category-zapasy"],"_links":{"self":[{"href":"https:\/\/tjsokolkoberice.cz\/index.php?rest_route=\/wp\/v2\/posts\/5797","targetHints":{"allow":["GET"]}}],"collection":[{"href":"https:\/\/tjsokolkoberice.cz\/index.php?rest_route=\/wp\/v2\/posts"}],"about":[{"href":"https:\/\/tjsokolkoberice.cz\/index.php?rest_route=\/wp\/v2\/types\/post"}],"author":[{"embeddable":true,"href":"https:\/\/tjsokolkoberice.cz\/index.php?rest_route=\/wp\/v2\/users\/3"}],"replies":[{"embeddable":true,"href":"https:\/\/tjsokolkoberice.cz\/index.php?rest_route=%2Fwp%2Fv2%2Fcomments&post=5797"}],"version-history":[{"count":1,"href":"https:\/\/tjsokolkoberice.cz\/index.php?rest_route=\/wp\/v2\/posts\/5797\/revisions"}],"predecessor-version":[{"id":5798,"href":"https:\/\/tjsokolkoberice.cz\/index.php?rest_route=\/wp\/v2\/posts\/5797\/revisions\/5798"}],"wp:featuredmedia":[{"embeddable":true,"href":"https:\/\/tjsokolkoberice.cz\/index.php?rest_route=\/wp\/v2\/media\/2444"}],"wp:attachment":[{"href":"https:\/\/tjsokolkoberice.cz\/index.php?rest_route=%2Fwp%2Fv2%2Fmedia&parent=5797"}],"wp:term":[{"taxonomy":"category","embeddable":true,"href":"https:\/\/tjsokolkoberice.cz\/index.php?rest_route=%2Fwp%2Fv2%2Fcategories&post=5797"},{"taxonomy":"post_tag","embeddable":true,"href":"https:\/\/tjsokolkoberice.cz\/index.php?rest_route=%2Fwp%2Fv2%2Ftags&post=5797"}],"curies":[{"name":"wp","href":"https:\/\/api.w.org\/{rel}","templated":true}]}}