{"id":5843,"date":"2019-02-19T12:20:21","date_gmt":"2019-02-19T11:20:21","guid":{"rendered":"https:\/\/tjsokolkoberice.cz\/?p=5843"},"modified":"2025-10-14T11:53:26","modified_gmt":"2025-10-14T10:53:26","slug":"soustredeni-dorostencu","status":"publish","type":"post","link":"https:\/\/tjsokolkoberice.cz\/?p=5843","title":{"rendered":"Soust\u0159ed\u011bn\u00ed dorostenc\u016f"},"content":{"rendered":"<p style=\"text-align: justify;\"><span style=\"font-family: helvetica, arial, sans-serif; font-size: 12pt;\">Ve dnech 1.-3. \u00fanora se na\u0161\u00ed dorostenci z\u00fa\u010dastnili soust\u0159ed\u011bn\u00ed, kter\u00e9 prob\u011bhlo v are\u00e1lu&nbsp;TJ H\u00e1j ve Slezsku. K dispozici n\u00e1m byla hala, sauna, kr\u00e1sn\u00e9 ubytov\u00e1n\u00ed a v neposledn\u00ed<\/span><\/p>\n<div style=\"text-align: justify;\"><span style=\"font-family: helvetica, arial, sans-serif; font-size: 12pt;\">\u0159ad\u011b i kope\u010dky nad H\u00e1jem. Soust\u0159ed\u011bn\u00ed se z\u00fa\u010dastnilo 20 lid\u00ed v\u010detn\u011b tren\u00e9r\u016f. Bohu\u017eel&nbsp;n\u00e1m nevy\u0161lo sehr\u00e1t p\u0159\u00edpravn\u00e9 utk\u00e1n\u00ed proti Chlebi\u010dovu, kter\u00e9 bylo ke spokojenosti v\u0161ech<\/span><\/div>\n<div style=\"text-align: justify;\"><span style=\"font-family: helvetica, arial, sans-serif; font-size: 12pt;\">nahrazeno pobytem v baz\u00e9nu v Krava\u0159\u00edch. T\u00edmto d\u011bkujeme v\u00fdboru TJ SOKOL za to,&nbsp;\u017ee jsme mohli soust\u0159ed\u011bn\u00ed absolvovat.<\/span><\/div>\n<div style=\"text-align: justify;\">&nbsp;<\/div>\n<div style=\"text-align: justify;\"><span style=\"font-family: helvetica, arial, sans-serif; font-size: 12pt;\">P\u0159\u00edpravn\u00e9 utk\u00e1n\u00ed dorostenc\u016f<\/span><\/div>\n<p style=\"text-align: justify;\"><span style=\"font-family: helvetica, arial, sans-serif; font-size: 12pt;\"><b>Kobe\u0159ice&nbsp; &#8211;&nbsp; Radu\u0148&nbsp; &nbsp; &nbsp;2 : 3&nbsp; &nbsp; &nbsp; &nbsp; &nbsp;( 1 : 1 )<\/b><\/span><\/p>\n<p style=\"text-align: justify;\"><span style=\"font-family: helvetica, arial, sans-serif; font-size: 12pt;\">Prvn\u00ed p\u0159\u00edpravn\u00e9 utk\u00e1n\u00ed na\u0161im dorostenc\u016fm nevy\u0161lo, ale pozitivn\u00ed bylo to, \u017ee se v utk\u00e1n\u00ed<\/span><\/p>\n<div style=\"text-align: justify;\"><span style=\"font-family: helvetica, arial, sans-serif; font-size: 12pt;\">vyst\u0159\u00eddali dv\u011b kompletn\u00ed jeden\u00e1ctky.<\/span><\/div>\n<div style=\"text-align: justify;\"><span style=\"font-family: helvetica, arial, sans-serif; font-size: 12pt;\">BRANKY : Seidler Matou\u0161, Kaspar Roman<\/span><\/div>\n<div style=\"text-align: justify;\">&nbsp;<\/div>\n<div style=\"text-align: justify;\"><span style=\"font-family: helvetica, arial, sans-serif; font-size: 12pt;\">Sestava 1 polo\u010das :<\/span><\/div>\n<div style=\"text-align: justify;\"><span style=\"font-family: helvetica, arial, sans-serif; font-size: 12pt;\">Strzibn\u00fd &#8211; Kubn\u00fd, Mrovec Tom\u00e1\u0161, Lehk\u00fdch, Nov\u00e1k &#8211; V\u00e1clav\u00edk, Schiedek, St\u0159\u00edbn\u00fd \u0160t\u011bp\u00e1n,<\/span><\/div>\n<div style=\"text-align: justify;\"><span style=\"font-family: helvetica, arial, sans-serif; font-size: 12pt;\">&nbsp; &nbsp; &nbsp; &nbsp; &nbsp; &nbsp; &nbsp; &nbsp; &nbsp; &nbsp; Kaspar Nikolas&nbsp; &#8211;&nbsp; Stromsk\u00fd, Seidler<\/span><\/div>\n<div style=\"text-align: justify;\">&nbsp;<\/div>\n<div style=\"text-align: justify;\"><span style=\"font-family: helvetica, arial, sans-serif; font-size: 12pt;\">Sestava 2 polo\u010das :<\/span><\/div>\n<div style=\"text-align: justify;\"><span style=\"font-family: helvetica, arial, sans-serif; font-size: 12pt;\">Strzibn\u00fd &#8211; Kole\u010dk\u00e1\u0159, \u0160van\u010dar, Mrovec Jakub, Halfar &#8211; Hartmann, Rozm\u011br, Kolar\u010d\u00edk,<\/span><\/div>\n<div style=\"text-align: justify;\"><span style=\"font-family: helvetica, arial, sans-serif; font-size: 12pt;\">&nbsp; &nbsp; &nbsp; &nbsp; &nbsp; &nbsp; &nbsp; &nbsp; &nbsp; &nbsp;Kaspar Roman &#8211; Harazim , Mr\u00e1zek<\/span><\/div>\n","protected":false},"excerpt":{"rendered":"<p>Ve dnech 1.-3. \u00fanora se na\u0161\u00ed dorostenci z\u00fa\u010dastnili soust\u0159ed\u011bn\u00ed, kter\u00e9 prob\u011bhlo v are\u00e1lu&nbsp;TJ H\u00e1j ve Slezsku. K dispozici n\u00e1m byla hala, sauna, kr\u00e1sn\u00e9 ubytov\u00e1n\u00ed a v<span class=\"excerpt-hellip\"> [\u2026]<\/span><\/p>\n","protected":false},"author":3,"featured_media":5844,"comment_status":"closed","ping_status":"open","sticky":false,"template":"","format":"standard","meta":{"ngg_post_thumbnail":0,"footnotes":""},"categories":[110,107],"tags":[],"class_list":["post-5843","post","type-post","status-publish","format-standard","has-post-thumbnail","hentry","category-dorost","category-fotbal"],"_links":{"self":[{"href":"https:\/\/tjsokolkoberice.cz\/index.php?rest_route=\/wp\/v2\/posts\/5843","targetHints":{"allow":["GET"]}}],"collection":[{"href":"https:\/\/tjsokolkoberice.cz\/index.php?rest_route=\/wp\/v2\/posts"}],"about":[{"href":"https:\/\/tjsokolkoberice.cz\/index.php?rest_route=\/wp\/v2\/types\/post"}],"author":[{"embeddable":true,"href":"https:\/\/tjsokolkoberice.cz\/index.php?rest_route=\/wp\/v2\/users\/3"}],"replies":[{"embeddable":true,"href":"https:\/\/tjsokolkoberice.cz\/index.php?rest_route=%2Fwp%2Fv2%2Fcomments&post=5843"}],"version-history":[{"count":1,"href":"https:\/\/tjsokolkoberice.cz\/index.php?rest_route=\/wp\/v2\/posts\/5843\/revisions"}],"predecessor-version":[{"id":5845,"href":"https:\/\/tjsokolkoberice.cz\/index.php?rest_route=\/wp\/v2\/posts\/5843\/revisions\/5845"}],"wp:featuredmedia":[{"embeddable":true,"href":"https:\/\/tjsokolkoberice.cz\/index.php?rest_route=\/wp\/v2\/media\/5844"}],"wp:attachment":[{"href":"https:\/\/tjsokolkoberice.cz\/index.php?rest_route=%2Fwp%2Fv2%2Fmedia&parent=5843"}],"wp:term":[{"taxonomy":"category","embeddable":true,"href":"https:\/\/tjsokolkoberice.cz\/index.php?rest_route=%2Fwp%2Fv2%2Fcategories&post=5843"},{"taxonomy":"post_tag","embeddable":true,"href":"https:\/\/tjsokolkoberice.cz\/index.php?rest_route=%2Fwp%2Fv2%2Ftags&post=5843"}],"curies":[{"name":"wp","href":"https:\/\/api.w.org\/{rel}","templated":true}]}}