{"id":5877,"date":"2019-03-04T09:38:30","date_gmt":"2019-03-04T08:38:30","guid":{"rendered":"https:\/\/tjsokolkoberice.cz\/?p=5877"},"modified":"2025-10-14T11:53:26","modified_gmt":"2025-10-14T10:53:26","slug":"swingovy-ples-clanek","status":"publish","type":"post","link":"https:\/\/tjsokolkoberice.cz\/?p=5877","title":{"rendered":"TJ Sokol Kobe\u0159ice z.s. zah\u00e1jil oslavy 95. v\u00fdro\u010d\u00ed od sv\u00e9ho zalo\u017een\u00ed swingov\u00fdm plesem"},"content":{"rendered":"<p style=\"text-align: justify;\"><span style=\"font-size: 12pt;\">Psal se rok 1924, doba v&nbsp;mnoha ohledech slo\u017eit\u00e1, ale v&nbsp;z\u00e1rove\u0148 kr\u00e1sn\u00e1. V&nbsp;dob\u011b, kter\u00e1 byla symbolem noblesy a elegance. P\u0159esn\u011b v&nbsp;t\u00e9to dob\u011b vznikla T\u011blov\u00fdchovn\u00e1 jednota Sokol Kobe\u0159ice.<\/span><\/p>\n<p style=\"text-align: justify;\"><span style=\"font-size: 12pt;\">Po skoro 10 letech se TJ Sokol Kobe\u0159ice rozhodl uspo\u0159\u00e1dat ples a to d\u00edky p\u016flkulat\u00e9mu v\u00fdro\u010d\u00ed, kter\u00e9 slav\u00ed.<\/span><\/p>\n<p style=\"text-align: justify;\"><span style=\"font-size: 12pt;\">95 let od zalo\u017een\u00ed slo\u017eky byla ide\u00e1ln\u00ed p\u0159\u00edle\u017eitost na oslavu a jak jinak, ne\u017e ve stylu prvn\u00ed republiky J.<\/span><\/p>\n<p style=\"text-align: justify;\">&nbsp;<\/p>\n<p style=\"text-align: justify;\"><span style=\"font-size: 12pt;\">Prvn\u00ed my\u0161lenky na tuto akci od\u011bnou ve stylu 20. a 30. let minul\u00e9ho stolet\u00ed, vznikly za\u010d\u00e1tkem roku 2018, kdy jsme za\u010dali uva\u017eovat nad t\u00edm, \u017ee bychom r\u00e1di ples uspo\u0159\u00e1dali a zva\u017eovali jsme, jak by mohl vypadat. Psaly se prvn\u00ed pozn\u00e1mky, zarezervoval se term\u00edn plesu a za\u010dala se hledat ta spr\u00e1vn\u00e1 kapela, kter\u00e1 by plesu vdechla ten prav\u00fd \u201edobov\u00fd \u017eivot\u201c a dodala nezapomenutelnou atmosf\u00e9ru. Na\u0161e cesta vedla jako prvn\u00ed do Krnova, kde m\u00edstn\u00ed kapela BigBand swingem \u017eije a vzhledem k&nbsp;tomu, \u017ee pro n\u00e1s nebyla kapelou nezn\u00e1mou, prakticky ihned jsme se domluvili na spolupr\u00e1ci, i kdy\u017e jsme m\u011bli v&nbsp;hled\u00e1\u010dku i jin\u00e9 kapely tohoto druhu. Kapela BigBand je 20 \u010dlenn\u00e9 seskupen\u00ed slo\u017een\u00e9 z&nbsp;nad\u0161enc\u016f, kte\u0159\u00ed hraj\u00ed zejm\u00e9na hudbu 20. a 30. let. Saxofony, trubky, bic\u00ed, basa a mnoho dal\u0161\u00edch n\u00e1stroj\u016f na jednom podiu je \u201epastvou pro u\u0161i\u201c.<\/span><\/p>\n<p style=\"text-align: justify;\"><span style=\"font-size: 12pt;\">Ruku v&nbsp;ruce s&nbsp;kapelou jsme oslovili i zvuka\u0159e, proto\u017ee kapela takov\u00e9ho form\u00e1tu by bez kvalitn\u00edho zvuku nem\u011bla mo\u017enost vyniknout a vzhledem k&nbsp;tomu, \u017ee m\u00e1 kapela s&nbsp;ozvu\u010den\u00edm skrze ZZ Music Krnov letit\u00e9 zku\u0161enosti, oslovili jsme pr\u00e1v\u011b je.<\/span><\/p>\n<p style=\"text-align: justify;\">&nbsp;<\/p>\n<p style=\"text-align: justify;\"><span style=\"font-size: 12pt;\">Ostatn\u00ed p\u0159\u00edpravy prob\u00edhaly v\u00edcem\u00e9n\u011b pozvolna, to nejd\u016fle\u017eit\u011bj\u0161\u00ed bylo za\u0159\u00edzeno hned \u201eze startu\u201c, pot\u00e9 se ji\u017e ladily ostatn\u00ed v\u011bci, jako doprovodn\u00fd program, tombola, sortiment, kter\u00fd jsme cht\u011bli prod\u00e1vat, v\u00fdzdoba atd.<\/span><\/p>\n<p style=\"text-align: justify;\"><span style=\"font-size: 12pt;\">P\u0159\u00edpravy \u0161ly v\u00edcem\u00e9n\u011b \u201ehladce\u201c, a\u017e jsme si \u0159\u00edkali, \u017ee to nen\u00ed mo\u017en\u00e9. Po celou dobu jsme pevn\u011b v\u011b\u0159ili, \u017ee se ples bude konat v&nbsp;ji\u017e nov\u00e9m s\u00e1le Obecn\u00edho domu, kter\u00fd m\u011bl b\u00fdt na podzim 2018 p\u0159ipraven tak, jak jsme m\u011bli p\u0159isl\u00edbeno. Bohu\u017eel jsme se koncem roku 2018 dozv\u011bd\u011bli, \u017ee ples po\u0159\u00e1dat v&nbsp;nov\u00fdch prostor\u00e1ch nem\u016f\u017eeme, proto\u017ee s\u00e1l je\u0161t\u011b nen\u00ed p\u0159ipraven\u00fd.<\/span><\/p>\n<p style=\"text-align: justify;\"><span style=\"font-size: 12pt;\">V&nbsp;tento moment za\u010dalo vyjedn\u00e1v\u00e1n\u00ed ohledn\u011b jin\u00fdch, n\u00e1hradn\u00edch prostor, kde by se ples mohl konat. Okoln\u00ed vesnice, kter\u00e9 maj\u00ed sv\u016fj vlastn\u00ed spole\u010densk\u00fd s\u00e1l, m\u011bly v&nbsp;na\u0161em term\u00ednu prostor obsazen\u00fd, \u010demu\u017e se nebylo mo\u017en\u00e9 divit, vzhledem k&nbsp;plesov\u00e9 sez\u00f3n\u011b, kter\u00e1 je v&nbsp;pln\u00e9m proudu.<\/span><\/p>\n<p style=\"text-align: justify;\"><span style=\"font-size: 12pt;\">\u201eAzyl\u201c jsme nakonec na\u0161li v&nbsp;KD Doln\u00ed Bene\u0161ov, kde n\u00e1m \u0159editel KD p. \u0160tefek vy\u0161el maxim\u00e1ln\u011b vst\u0159\u00edc. P\u0159ehodili jsme si term\u00edny plesu s&nbsp;jin\u00fdm po\u0159adatelem tak, abychom my 9.2.2019 m\u011bli voln\u00fd s\u00e1l. Do\u0161lo tedy k&nbsp;pron\u00e1jmu prostoru i domluv\u011b v\u0161ech pot\u0159ebn\u00fdch z\u00e1le\u017eitosti, aby ples mohl prob\u011bhnout hladce.<\/span><\/p>\n<p style=\"text-align: justify;\">&nbsp;<\/p>\n<p style=\"text-align: justify;\"><span style=\"font-size: 12pt;\">Asi nejhekti\u010dt\u011bj\u0161\u00ed obdob\u00ed bylo 14 dn\u00ed p\u0159ed za\u010d\u00e1tkem plesu, kdy se ladila tombola, nakupovalo se zbo\u017e\u00ed ur\u010den\u00e9 k prodeji, chystali se v\u011bci k&nbsp;dekoraci, p\u0159ipravoval se fotokoutek, domlouvala se kv\u011btinov\u00e1 v\u00fdzdoba a za\u0159izoval se odvoz pro \u201ena\u0161e lidi\u201c.<\/span><\/p>\n<p style=\"text-align: justify;\"><span style=\"font-size: 12pt;\">Den p\u0159ed za\u010d\u00e1tkem plesu jsme v&nbsp;s\u00e1le ji\u017e str\u00e1vili cel\u00fd den a to p\u0159\u00edpravami, v\u011b\u0161en\u00edm v\u00fdzdoby, chyst\u00e1n\u00edm z\u00e1zem\u00ed pro prodej ob\u010derstven\u00ed atd.<\/span><\/p>\n<p style=\"text-align: justify;\">&nbsp;<\/p>\n<p style=\"text-align: justify;\"><span style=\"font-size: 12pt;\">Ofici\u00e1ln\u00ed za\u010d\u00e1tek samotn\u00e9ho plesu byl napl\u00e1nov\u00e1n ve 20.00 hodin. Zah\u00e1jen\u00ed plesu jsme trochu posunuli, proto\u017ee ne v\u0161ichni byli ve 20 hodin v&nbsp;s\u00e1le. Ples byl zah\u00e1jen asi ve 20.30 hodin a to tane\u010dn\u00edm vystoupen\u00edm tane\u010dn\u00edk\u016f ze skupiny Swingville z&nbsp;Ostravy, kte\u0159\u00ed sv\u00fdm swingov\u00fdm \u010d\u00edslem uk\u00e1zali ostatn\u00edm \u201ejak na to\u201c. Pot\u00e9 ji\u017e p\u0159edseda TJ \u00favodn\u00edm slovem p\u0159iv\u00edtal v\u0161echny p\u0159\u00edtomn\u00e9 a n\u00e1sledn\u011b pozval na tane\u010dn\u00ed parket op\u011bt tane\u010dn\u00edky ze Swingville, aby sv\u00fdm kr\u00e1tk\u00fdm workshopem nau\u010dili z\u00e1klad\u016fm swingu i ostatn\u00ed p\u0159\u00edtomn\u00e9. Ihned na za\u010d\u00e1tku workshopu se lid\u00e9 zvedli a \u0161li swingu naproti, co\u017e bylo skv\u011bl\u00e9.<\/span><\/p>\n<p style=\"text-align: justify;\"><span style=\"font-size: 12pt;\">Pot\u00e9 se ji\u017e \u201eslova\u201c ujala kapela BigBand a rozjela to ve velk\u00e9m. Po\u0159adatel\u00e9 ihned po zah\u00e1jen\u00ed plesu za\u010dali prod\u00e1vat losy do bohat\u00e9 tomboly a za z\u00e1jem o koupi los\u016f jsme m\u011bli opravdu radost. K&nbsp;dispozici bylo asi 5000 los\u016f a za chv\u00edli nebylo co prod\u00e1vat J. Tombola byla bohat\u00e1, krom\u011b hlavn\u00ed ceny se losovalo nap\u0159. o outdoorovou kameru, poukaz na profesion\u00e1ln\u00ed focen\u00ed, zahradn\u00ed elektrick\u00fd gril a mnoho dal\u0161\u00edho.<\/span><\/p>\n<p style=\"text-align: justify;\">&nbsp;<\/p>\n<p style=\"text-align: justify;\"><span style=\"font-size: 12pt;\">Zat\u00edmco n\u011bkte\u0159\u00ed swingovali na parketu jin\u00ed se fotili v dobov\u00e9m fotokoutku a odnesli si suven\u00fdr ve form\u011b vyti\u0161t\u011bn\u00e9 fotografie, jin\u00ed zakotvili v&nbsp;na\u0161em prvorepublikov\u00e9m baru a \u201eladili formu\u201c, zkr\u00e1tka, ka\u017ed\u00fd si na\u0161el to sv\u00e9 J.<\/span><\/p>\n<p style=\"text-align: justify;\"><span style=\"font-size: 12pt;\">N\u011bco m\u00e1lo po 22 hodin\u011b n\u00e1v\u0161t\u011bvn\u00edky \u010dekalo vystoupen\u00ed latinskoamerick\u00fdch tanc\u016f, tzv. PRO-AM (profesion\u00e1l-amat\u00e9r). Pozv\u00e1n\u00ed na parket p\u0159ijala opravdov\u00e1 osobnost \u010desk\u00e9ho tane\u010dn\u00edho sportu, p\u011btin\u00e1sobn\u00fd mistr \u010cR pan Filip Kar\u00e1sek, kter\u00fd p\u0159edvedl uk\u00e1zku t\u0159\u00ed latinskoamerick\u00fdch tanc\u016f s&nbsp;partnerku, kter\u00e1 je amat\u00e9rskou tane\u010dnic\u00ed. Toto vystoupen\u00ed bylo uk\u00e1zkou toho, \u017ee StarDance nemus\u00edte sledovat jen v&nbsp;televizi, ale m\u016f\u017ee ho zkusit ka\u017ed\u00fd bez rozd\u00edlu v\u011bku a tane\u010dn\u00edch dovednost\u00ed.<\/span><\/p>\n<p style=\"text-align: justify;\"><span style=\"font-size: 12pt;\">Ve\u010der pokra\u010doval i nad\u00e1le a to a\u017e do p\u016flnoci, kdy do\u0161lo ke slosov\u00e1n\u00ed hlavn\u00ed ceny, kterou byl 3 denn\u00ed wellness pobyt ve 4 hv\u011bzdi\u010dkov\u00e9m hotelu v&nbsp;\u010celadn\u00e9.<\/span><\/p>\n<p style=\"text-align: justify;\"><span style=\"font-size: 12pt;\">Po slosov\u00e1n\u00ed hlavn\u00ed ceny z\u00e1bava pokra\u010dovala nad\u00e1le a to a\u017e do brzk\u00fdch rann\u00edch hodin.<\/span><\/p>\n<p style=\"text-align: justify;\">&nbsp;<\/p>\n<p style=\"text-align: justify;\"><span style=\"font-size: 12pt;\">Ples nav\u0161t\u00edvilo tak\u0159ka 300 n\u00e1v\u0161t\u011bvn\u00edk\u016f, o obsluhu v&nbsp;\u0161atn\u011b za barem \u010di na p\u0159\u00edprav\u011b programu se pod\u00edlelo bezm\u00e1la 15 po\u0159adatel\u016f. A my chceme pod\u011bkovat. D\u011bkujeme sponzor\u016fm za kr\u00e1sn\u00e9 ceny do tomboly, dobrovoln\u00edk\u016fm za jejich ob\u011btavou pr\u00e1ci. Obrovsk\u00fd d\u00edk pat\u0159\u00ed panu \u0160tefkovi za jeho vst\u0159\u00edcnost p\u0159i pron\u00e1jmu prostor KD a v&nbsp;neposledn\u00ed \u0159ad\u011b chceme pod\u011bkovat v\u0161em \u010dlen\u016fm V\u00fdkonn\u00e9ho v\u00fdboru TJ.<\/span><\/p>\n<p style=\"text-align: justify;\">&nbsp;<\/p>\n<p style=\"text-align: justify;\"><span style=\"font-size: 12pt;\">Bylo to n\u00e1ro\u010dn\u00e9, ale kr\u00e1sn\u00e9\u2026 Byla to zku\u0161enost. Jsme r\u00e1di, \u017ee se ples uskute\u010dnil, \u017ee jsme to nevzdali. Jsme vd\u011b\u010dn\u00ed za to, \u017ee se v\u0161e povedlo a v\u011b\u0159\u00edme, \u017ee zase n\u011bkdy v&nbsp;budoucnu budeme m\u00edt mo\u017enost ples v&nbsp;podobn\u00e9m duchu uspo\u0159\u00e1dat J.<\/span><\/p>\n<p style=\"text-align: justify;\">&nbsp;<\/p>\n<p style=\"text-align: justify;\"><span style=\"font-size: 12pt;\"><strong>Mgr. Marie Buchtov\u00e1<\/strong><\/span><\/p>\n<p style=\"text-align: justify;\"><span style=\"font-size: 12pt;\"><em>Kulturn\u00ed referent TJ Sokol Kobe\u0159ice<\/em><\/span><\/p>\n<p style=\"text-align: justify;\">&nbsp;<\/p>\n<p style=\"text-align: justify;\"><span style=\"font-family: georgia, palatino, serif; font-size: 12pt;\"><strong>Fotky:<\/strong><\/span><\/p>\nngg_shortcode_0_placeholder\n","protected":false},"excerpt":{"rendered":"<p>Psal se rok 1924, doba v&nbsp;mnoha ohledech slo\u017eit\u00e1, ale v&nbsp;z\u00e1rove\u0148 kr\u00e1sn\u00e1. V&nbsp;dob\u011b, kter\u00e1 byla symbolem noblesy a elegance. P\u0159esn\u011b v&nbsp;t\u00e9to dob\u011b vznikla T\u011blov\u00fdchovn\u00e1 jednota Sokol Kobe\u0159ice.<span class=\"excerpt-hellip\"> [\u2026]<\/span><\/p>\n","protected":false},"author":3,"featured_media":5880,"comment_status":"closed","ping_status":"open","sticky":false,"template":"","format":"standard","meta":{"ngg_post_thumbnail":0,"footnotes":""},"categories":[127],"tags":[],"class_list":["post-5877","post","type-post","status-publish","format-standard","has-post-thumbnail","hentry","category-kulturni-akce"],"_links":{"self":[{"href":"https:\/\/tjsokolkoberice.cz\/index.php?rest_route=\/wp\/v2\/posts\/5877","targetHints":{"allow":["GET"]}}],"collection":[{"href":"https:\/\/tjsokolkoberice.cz\/index.php?rest_route=\/wp\/v2\/posts"}],"about":[{"href":"https:\/\/tjsokolkoberice.cz\/index.php?rest_route=\/wp\/v2\/types\/post"}],"author":[{"embeddable":true,"href":"https:\/\/tjsokolkoberice.cz\/index.php?rest_route=\/wp\/v2\/users\/3"}],"replies":[{"embeddable":true,"href":"https:\/\/tjsokolkoberice.cz\/index.php?rest_route=%2Fwp%2Fv2%2Fcomments&post=5877"}],"version-history":[{"count":5,"href":"https:\/\/tjsokolkoberice.cz\/index.php?rest_route=\/wp\/v2\/posts\/5877\/revisions"}],"predecessor-version":[{"id":5905,"href":"https:\/\/tjsokolkoberice.cz\/index.php?rest_route=\/wp\/v2\/posts\/5877\/revisions\/5905"}],"wp:featuredmedia":[{"embeddable":true,"href":"https:\/\/tjsokolkoberice.cz\/index.php?rest_route=\/wp\/v2\/media\/5880"}],"wp:attachment":[{"href":"https:\/\/tjsokolkoberice.cz\/index.php?rest_route=%2Fwp%2Fv2%2Fmedia&parent=5877"}],"wp:term":[{"taxonomy":"category","embeddable":true,"href":"https:\/\/tjsokolkoberice.cz\/index.php?rest_route=%2Fwp%2Fv2%2Fcategories&post=5877"},{"taxonomy":"post_tag","embeddable":true,"href":"https:\/\/tjsokolkoberice.cz\/index.php?rest_route=%2Fwp%2Fv2%2Ftags&post=5877"}],"curies":[{"name":"wp","href":"https:\/\/api.w.org\/{rel}","templated":true}]}}