{"id":5926,"date":"2019-03-05T18:18:59","date_gmt":"2019-03-05T17:18:59","guid":{"rendered":"https:\/\/tjsokolkoberice.cz\/?p=5926"},"modified":"2025-10-14T11:53:26","modified_gmt":"2025-10-14T10:53:26","slug":"kobericka-dvacitka-2019","status":"publish","type":"post","link":"https:\/\/tjsokolkoberice.cz\/?p=5926","title":{"rendered":"Kobe\u0159ick\u00e1 dvac\u00edtka 2019"},"content":{"rendered":"<div style=\"text-align: justify;\"><span style=\"font-size: 12pt; font-family: helvetica, arial, sans-serif;\">Atletick\u00fd odd\u00edl TJ Sokol Kobe\u0159ice zve v\u0161echny p\u0159\u00edznivce b\u011bhu na tradi\u010dn\u00ed ji\u017e 38. ro\u010dn\u00edk&nbsp;<b>Kobe\u0159ick\u00e9 dvac\u00edtky<\/b>, kter\u00e1 se bude konat&nbsp;<b>v ned\u011bli 10.3.2019&nbsp;<\/b>v are\u00e1lu TJ Sokol Kobe\u0159ice. Start z\u00e1vodu<b>&nbsp;<\/b>je napl\u00e1nov\u00e1n na<b>&nbsp;9,00 hod.&nbsp;<\/b><\/span><\/div>\n<div style=\"text-align: justify;\">&nbsp;<\/div>\n<div style=\"text-align: justify;\"><span style=\"font-size: 12pt; font-family: helvetica, arial, sans-serif;\"><b><u>Propozice k z\u00e1vodu:<\/u><\/b><\/span><\/div>\n<div style=\"text-align: justify;\"><span style=\"font-size: 12pt; font-family: helvetica, arial, sans-serif;\"><b>Prezence \u00fa\u010dastn\u00edk\u016f:<\/b>&nbsp;&nbsp;od 7,30 do 8,50 v klubovn\u011b TJ Sokol<\/span><\/div>\n<div style=\"text-align: justify;\"><span style=\"font-size: 12pt; font-family: helvetica, arial, sans-serif;\"><b>Startovn\u00e9:<\/b>&nbsp;ml\u00e1de\u017e do 15 let zdarma, ostatn\u00ed 30 K\u010d<\/span><\/div>\n<div style=\"text-align: justify;\"><span style=\"font-size: 12pt; font-family: helvetica, arial, sans-serif;\"><b>Podm\u00ednky:<\/b>&nbsp;tra\u0165 asfaltov\u00e1 silnice, 1 okruh 10 km, 2 okruhy 20 km, \u0161atny se sprchami v are\u00e1lu TJ Sokol<\/span><\/div>\n<div style=\"text-align: justify;\"><span style=\"font-size: 12pt; font-family: helvetica, arial, sans-serif;\"><b>\u0158editel z\u00e1vodu:&nbsp;<\/b>Hubert Ja\u0161ek<\/span><\/div>\n<div style=\"text-align: justify;\">&nbsp;<\/div>\n<div style=\"text-align: justify;\"><span style=\"font-size: 12pt; font-family: helvetica, arial, sans-serif;\"><b><u>D\u00e9lky trat\u011b:<\/u><\/b><\/span><\/div>\n<div style=\"text-align: justify;\"><span style=\"font-size: 12pt; font-family: helvetica, arial, sans-serif;\">&#8211; do 8 let &#8211; 50 m<\/span><\/div>\n<div style=\"text-align: justify;\"><span style=\"font-size: 12pt; font-family: helvetica, arial, sans-serif;\">&#8211; do 10 let &#8211; 650 m&nbsp;<\/span><\/div>\n<div style=\"text-align: justify;\"><span style=\"font-size: 12pt; font-family: helvetica, arial, sans-serif;\">&#8211; do 15 let 1,3 km&nbsp;<\/span><\/div>\n<div style=\"text-align: justify;\"><span style=\"font-size: 12pt; font-family: helvetica, arial, sans-serif;\">&#8211; kondi\u010dn\u00ed b\u011bh (mu\u017ei, \u017eeny) &#8211; 6 km<\/span><\/div>\n<div style=\"text-align: justify;\"><span style=\"font-size: 12pt; font-family: helvetica, arial, sans-serif;\">&#8211;&nbsp; kondi\u010dn\u00ed b\u011bh (mu\u017ei, \u017eeny) &#8211; 10 km<\/span><\/div>\n<div style=\"text-align: justify;\"><span style=\"font-size: 12pt; font-family: helvetica, arial, sans-serif;\">&#8211; vytrvalci (mu\u017ei, \u017eeny) &#8211; 20 km<\/span><\/div>\n<div style=\"text-align: justify;\">&nbsp;<\/div>\n<div style=\"text-align: justify;\"><span style=\"font-size: 12pt; font-family: helvetica, arial, sans-serif;\"><b><u>Kategorie:<\/u><\/b><\/span><\/div>\n<div style=\"text-align: justify;\"><span style=\"font-size: 12pt; font-family: helvetica, arial, sans-serif;\">&#8211; kategorie A &#8211; mu\u017ei do 39 let<\/span><\/div>\n<div style=\"text-align: justify;\"><span style=\"font-size: 12pt; font-family: helvetica, arial, sans-serif;\">&#8211; kategorie B &#8211; mu\u017ei do 49 let<\/span><\/div>\n<div style=\"text-align: justify;\"><span style=\"font-size: 12pt; font-family: helvetica, arial, sans-serif;\">&#8211; kategorie C &#8211; mu\u017ei do 59 let<\/span><\/div>\n<div style=\"text-align: justify;\"><span style=\"font-size: 12pt; font-family: helvetica, arial, sans-serif;\">&#8211; kategorie D &#8211; mu\u017ei do 69 let<\/span><\/div>\n<div style=\"text-align: justify;\"><span style=\"font-size: 12pt; font-family: helvetica, arial, sans-serif;\">&#8211; kategorie E &#8211; mu\u017ei nad 70 let<\/span><\/div>\n<div style=\"text-align: justify;\"><span style=\"font-size: 12pt; font-family: helvetica, arial, sans-serif;\">&#8211; kategorie F&nbsp; &#8211; \u017eeny do 35 let<\/span><\/div>\n<div style=\"text-align: justify;\"><span style=\"font-size: 12pt; font-family: helvetica, arial, sans-serif;\">&#8211;&nbsp; kategorie G &#8211; \u017eeny nad 35 let&nbsp;<\/span><\/div>\n<p style=\"text-align: justify;\">&nbsp;<\/p>\n<p style=\"text-align: justify;\">&nbsp;<\/p>\n<p style=\"text-align: justify;\">[cs_button button_size=&#8220;btn-lg&#8220; button_title=&#8220;V\u00fdsledky kobe\u0159ick\u00e9 dvac\u00edtky&#8220; button_link=&#8220;https:\/\/tjsokolkoberice.cz\/wp-content\/uploads\/2019\/03\/V\u00fdsledky-Kobe\u0159ick\u00e1-20-10.3.pdf&#8220; button_border=&#8220;yes&#8220; =&#8220;null&#8220; button_icon=&#8220;icon-star2&#8243; button_icon_position=&#8220;left&#8220; button_type=&#8220;rectangle&#8220; button_target=&#8220;_self&#8220;]<\/p>\n<p style=\"text-align: justify;\">&nbsp;<\/p>\n<p style=\"text-align: justify;\"><span style=\"font-size: 12pt; font-family: helvetica, arial, sans-serif;\">Ob\u010derstven\u00ed (tepl\u00fd \u010daj a oplatek) zaji\u0161t\u011bno, odm\u011bny dle po\u0159adatel\u016f z\u00e1vodu (finan\u010dn\u00ed ohodnocen\u00ed v hodnot\u011b 5000 K\u010d, v\u011bcn\u00e9 dary, diplomy). Vyhl\u00e1\u0161en\u00ed z\u00e1vodu prob\u011bhne v 11:00 hod. v klubovn\u011b TJ Sokol.&nbsp; Bli\u017e\u0161\u00ed informace u \u0159editele z\u00e1vodu pana&nbsp;<b>Huberta Ja\u0161ka<\/b>, tel.: 602 563 298.<\/span><\/p>\n<p style=\"text-align: justify;\"><span style=\"font-size: 12pt; font-family: helvetica, arial, sans-serif;\"><b>Srde\u010dn\u011b zvou po\u0159adatel\u00e9!<\/b><\/span><\/p>\n","protected":false},"excerpt":{"rendered":"<p>Atletick\u00fd odd\u00edl TJ Sokol Kobe\u0159ice zve v\u0161echny p\u0159\u00edznivce b\u011bhu na tradi\u010dn\u00ed ji\u017e 38. ro\u010dn\u00edk&nbsp;Kobe\u0159ick\u00e9 dvac\u00edtky, kter\u00e1 se bude konat&nbsp;v ned\u011bli 10.3.2019&nbsp;v are\u00e1lu TJ Sokol Kobe\u0159ice. Start<span class=\"excerpt-hellip\"> [\u2026]<\/span><\/p>\n","protected":false},"author":3,"featured_media":2059,"comment_status":"closed","ping_status":"open","sticky":false,"template":"","format":"standard","meta":{"ngg_post_thumbnail":0,"footnotes":""},"categories":[126,150],"tags":[],"class_list":["post-5926","post","type-post","status-publish","format-standard","has-post-thumbnail","hentry","category-atletika","category-vse"],"_links":{"self":[{"href":"https:\/\/tjsokolkoberice.cz\/index.php?rest_route=\/wp\/v2\/posts\/5926","targetHints":{"allow":["GET"]}}],"collection":[{"href":"https:\/\/tjsokolkoberice.cz\/index.php?rest_route=\/wp\/v2\/posts"}],"about":[{"href":"https:\/\/tjsokolkoberice.cz\/index.php?rest_route=\/wp\/v2\/types\/post"}],"author":[{"embeddable":true,"href":"https:\/\/tjsokolkoberice.cz\/index.php?rest_route=\/wp\/v2\/users\/3"}],"replies":[{"embeddable":true,"href":"https:\/\/tjsokolkoberice.cz\/index.php?rest_route=%2Fwp%2Fv2%2Fcomments&post=5926"}],"version-history":[{"count":7,"href":"https:\/\/tjsokolkoberice.cz\/index.php?rest_route=\/wp\/v2\/posts\/5926\/revisions"}],"predecessor-version":[{"id":5986,"href":"https:\/\/tjsokolkoberice.cz\/index.php?rest_route=\/wp\/v2\/posts\/5926\/revisions\/5986"}],"wp:featuredmedia":[{"embeddable":true,"href":"https:\/\/tjsokolkoberice.cz\/index.php?rest_route=\/wp\/v2\/media\/2059"}],"wp:attachment":[{"href":"https:\/\/tjsokolkoberice.cz\/index.php?rest_route=%2Fwp%2Fv2%2Fmedia&parent=5926"}],"wp:term":[{"taxonomy":"category","embeddable":true,"href":"https:\/\/tjsokolkoberice.cz\/index.php?rest_route=%2Fwp%2Fv2%2Fcategories&post=5926"},{"taxonomy":"post_tag","embeddable":true,"href":"https:\/\/tjsokolkoberice.cz\/index.php?rest_route=%2Fwp%2Fv2%2Ftags&post=5926"}],"curies":[{"name":"wp","href":"https:\/\/api.w.org\/{rel}","templated":true}]}}