{"id":5932,"date":"2019-03-05T18:41:17","date_gmt":"2019-03-05T17:41:17","guid":{"rendered":"https:\/\/tjsokolkoberice.cz\/?p=5932"},"modified":"2025-10-14T11:53:26","modified_gmt":"2025-10-14T10:53:26","slug":"resume-valne-hromady-2019","status":"publish","type":"post","link":"https:\/\/tjsokolkoberice.cz\/?p=5932","title":{"rendered":"Resum\u00e9 Valn\u00e9 hromady 2019"},"content":{"rendered":"<div style=\"text-align: justify;\"><span style=\"font-size: 12pt; font-family: helvetica, arial, sans-serif;\">V sobotu 2.3.2019 prob\u011bhla v Pohostinstv\u00ed Na H\u0159i\u0161ti tradi\u010dn\u00ed v\u00fdro\u010dn\u00ed Valn\u00e1 hromada, v tomto roce p\u0159i 95 let\u00e9mu v\u00fdro\u010d\u00ed od zalo\u017een\u00ed TJ. Na za\u010d\u00e1tku byli p\u0159edsedaj\u00edc\u00edm VH Ing. Ji\u0159\u00edm Oberherrem p\u0159iv\u00edt\u00e1ni v\u0161ichni p\u0159\u00edtomni \u010dlenov\u00e9 a host\u00e9, starosta obce Ing. Luk\u00e1\u0161 Kubn\u00fd a z\u00e1stupce krajsk\u00e9ho fotbalov\u00e9ho svazu Ing. Petr Ka\u0161n\u00fd. Po \u00favodn\u00edch nezbytn\u00fdch formalit\u00e1ch, jako zvolen\u00ed jednotliv\u00fdch komis\u00ed a bod\u016f VH si vzal slovo p\u0159edseda TJ pan Martin Halfar, kter\u00fd ve sv\u00e9m proslovu shrnul uplynul\u00fd rok 2018, ve kter\u00e9m se sna\u017eil zrekapitulovat, co se b\u011bhem tohoto obdob\u00ed poda\u0159ilo zrealizovat (nap\u0159. rekonstrukce zasedac\u00ed m\u00edstnosti a kuchy\u0148ky, oprava n\u00e1dr\u017ee a st\u0159\u00edda\u010dek na horn\u00edm h\u0159i\u0161ti, v\u00fdstavba nov\u00e9ho d\u011btsk\u00e9ho h\u0159i\u0161t\u011b v are\u00e1lu TJ, v\u00fdroba nov\u00fdch reklamn\u00edch a propaga\u010dn\u00edch p\u0159edm\u011btu se symboly TJ Sokol a dal\u0161\u00ed). Neopomn\u011bl tak\u00e9 zm\u00ednit tradi\u010dn\u00ed Sportovn\u00ed slavnost, jej\u00edm\u017e hlavn\u00edm vrcholem bylo vystoupen\u00ed popul\u00e1rn\u00ed kapely No Name. Na z\u00e1v\u011br pod\u011bkoval v\u0161em \u010dlen\u016fm v\u00fdboru a dal\u0161\u00edm lidem, kte\u0159\u00ed se pod\u00edlej\u00ed na chodu TJ. Velk\u00e9 pod\u011bkov\u00e1n\u00ed pat\u0159ilo v\u0161em sponzor\u016fm a hlavn\u011b Obci Kobe\u0159ice, bez jej\u00ed\u017e podpory by TJ nemohla fungovat.&nbsp;<\/span><\/div>\n<div style=\"text-align: justify;\"><span style=\"font-size: 12pt; font-family: helvetica, arial, sans-serif;\">Dal\u0161\u00edm bodem bylo p\u0159ednesen\u00ed refer\u00e1t\u016f o \u010dinnosti jednotliv\u00fdmi z\u00e1stupci t\u00fdm\u016f a odd\u00edl\u016f TJ. Pot\u00e9 si vzali slovo Ing. Petr Ka\u0161n\u00fd a starosta Ing. Luk\u00e1\u0161 Kubn\u00fd, kte\u0159\u00ed vyj\u00e1d\u0159ili podporu TJ, pod\u011bkovali za reprezentaci a pop\u0159\u00e1li hodn\u011b \u00fasp\u011bch\u016f do dal\u0161\u00edho obdob\u00ed.&nbsp;<\/span><\/div>\n<div style=\"text-align: justify;\"><span style=\"font-size: 12pt; font-family: helvetica, arial, sans-serif;\">Z\u00e1v\u011brem prob\u011bhla diskuze k dan\u00fdm t\u00e9mat\u016fm a ukon\u010den\u00ed VH spole\u010dnou ve\u010de\u0159\u00ed.<\/span><\/div>\n<div style=\"text-align: justify;\">&nbsp;<\/div>\n<div style=\"text-align: justify;\"><span style=\"font-size: 14pt;\"><strong><span style=\"font-family: helvetica, arial, sans-serif;\">Fotky:<\/span><\/strong><\/span><\/div>\n<div style=\"text-align: justify;\">&nbsp;<\/div>\n<div style=\"text-align: justify;\">ngg_shortcode_0_placeholder<\/div>\n","protected":false},"excerpt":{"rendered":"<p>V sobotu 2.3.2019 prob\u011bhla v Pohostinstv\u00ed Na H\u0159i\u0161ti tradi\u010dn\u00ed v\u00fdro\u010dn\u00ed Valn\u00e1 hromada, v tomto roce p\u0159i 95 let\u00e9mu v\u00fdro\u010d\u00ed od zalo\u017een\u00ed TJ. Na za\u010d\u00e1tku byli p\u0159edsedaj\u00edc\u00edm<span class=\"excerpt-hellip\"> [\u2026]<\/span><\/p>\n","protected":false},"author":3,"featured_media":5934,"comment_status":"closed","ping_status":"open","sticky":false,"template":"","format":"standard","meta":{"ngg_post_thumbnail":0,"footnotes":""},"categories":[126,107,127,122,131],"tags":[],"class_list":["post-5932","post","type-post","status-publish","format-standard","has-post-thumbnail","hentry","category-atletika","category-fotbal","category-kulturni-akce","category-tenis","category-volejbal"],"_links":{"self":[{"href":"https:\/\/tjsokolkoberice.cz\/index.php?rest_route=\/wp\/v2\/posts\/5932","targetHints":{"allow":["GET"]}}],"collection":[{"href":"https:\/\/tjsokolkoberice.cz\/index.php?rest_route=\/wp\/v2\/posts"}],"about":[{"href":"https:\/\/tjsokolkoberice.cz\/index.php?rest_route=\/wp\/v2\/types\/post"}],"author":[{"embeddable":true,"href":"https:\/\/tjsokolkoberice.cz\/index.php?rest_route=\/wp\/v2\/users\/3"}],"replies":[{"embeddable":true,"href":"https:\/\/tjsokolkoberice.cz\/index.php?rest_route=%2Fwp%2Fv2%2Fcomments&post=5932"}],"version-history":[{"count":3,"href":"https:\/\/tjsokolkoberice.cz\/index.php?rest_route=\/wp\/v2\/posts\/5932\/revisions"}],"predecessor-version":[{"id":5949,"href":"https:\/\/tjsokolkoberice.cz\/index.php?rest_route=\/wp\/v2\/posts\/5932\/revisions\/5949"}],"wp:featuredmedia":[{"embeddable":true,"href":"https:\/\/tjsokolkoberice.cz\/index.php?rest_route=\/wp\/v2\/media\/5934"}],"wp:attachment":[{"href":"https:\/\/tjsokolkoberice.cz\/index.php?rest_route=%2Fwp%2Fv2%2Fmedia&parent=5932"}],"wp:term":[{"taxonomy":"category","embeddable":true,"href":"https:\/\/tjsokolkoberice.cz\/index.php?rest_route=%2Fwp%2Fv2%2Fcategories&post=5932"},{"taxonomy":"post_tag","embeddable":true,"href":"https:\/\/tjsokolkoberice.cz\/index.php?rest_route=%2Fwp%2Fv2%2Ftags&post=5932"}],"curies":[{"name":"wp","href":"https:\/\/api.w.org\/{rel}","templated":true}]}}