{"id":5951,"date":"2019-03-05T18:57:41","date_gmt":"2019-03-05T17:57:41","guid":{"rendered":"https:\/\/tjsokolkoberice.cz\/?p=5951"},"modified":"2025-10-14T11:53:12","modified_gmt":"2025-10-14T10:53:12","slug":"5951","status":"publish","type":"post","link":"https:\/\/tjsokolkoberice.cz\/?p=5951","title":{"rendered":"A mu\u017ei p\u0159ehr\u00e1li Hradec nad Moravic\u00ed"},"content":{"rendered":"<p style=\"text-align: justify;\"><span style=\"font-family: helvetica, arial, sans-serif; font-size: 12pt;\">V dal\u0161\u00edm p\u0159\u00edpravn\u00e9m utk\u00e1n\u00ed narazili na\u0161i hr\u00e1\u010di na l\u00eddra 1. B t\u0159\u00eddy z Hradce nad Moravic\u00ed. Po vyrovnan\u00e9 prvn\u00ed p\u016fli, kter\u00e1 skon\u010dila 1:1, se nejprve host\u00e9 ujali veden\u00ed, ale nakonec dv\u011bma g\u00f3ly oto\u010dili na\u0161i fotbalist\u00e9 v\u00fdsledek a zv\u00edt\u011bzili 3:2. Nutno dodat, \u017ee v\u00fdkon nebyl optim\u00e1ln\u00ed a do za\u010d\u00e1tku sout\u011b\u017ee maj\u00ed kluci na \u010dem pracovat.\u00a0<\/span><\/p>\n<p style=\"text-align: justify;\"><span style=\"font-size: 12pt; font-family: helvetica, arial, sans-serif;\">K dal\u0161\u00edmu utk\u00e1n\u00ed nastoup\u00ed v sobotu 9.3. v 10 hod. na h\u0159i\u0161ti v Old\u0159i\u0161ov\u011b proti Kozmic\u00edm.\u00a0<\/span><\/p>\n<div style=\"text-align: justify;\"><span style=\"font-size: 12pt; font-family: helvetica, arial, sans-serif;\">\u00a0<\/span><\/div>\n<p style=\"text-align: justify;\"><span style=\"font-size: 12pt; font-family: helvetica, arial, sans-serif;\"><b>Kobe\u0159ice &#8211; Hradec nad Moravic\u00ed\u00a0 3:2\u00a0 (1:1)<\/b><\/span><\/p>\n<div style=\"text-align: justify;\"><span style=\"font-family: helvetica, arial, sans-serif; font-size: 12pt;\">\u00a0<\/span><\/div>\n<div style=\"text-align: justify;\"><span style=\"font-size: 12pt; font-family: helvetica, arial, sans-serif;\"><b>Branky<\/b>: Oberherr, Kubn\u00fd, Kry\u0161tof<\/span><\/div>\n<div style=\"text-align: justify;\"><span style=\"font-size: 12pt; font-family: helvetica, arial, sans-serif;\"><b>Sestava<\/b>: \u0160tencel (Schlischka), \u0160van\u010dar (Wirth Robin), Buchta (Kolar\u010d\u00edk), Hartmann, Kollek, \u0160evior (Wirth Ren\u00e9), Rother, Stuchl\u00edk P. (Kry\u0161tof), Mezera (Kubn\u00fd), St\u0159\u00edbn\u00fd, Oberherr Jan<\/span><\/div>\n","protected":false},"excerpt":{"rendered":"<p>V dal\u0161\u00edm p\u0159\u00edpravn\u00e9m utk\u00e1n\u00ed narazili na\u0161i hr\u00e1\u010di na l\u00eddra 1. B t\u0159\u00eddy z Hradce nad Moravic\u00ed. Po vyrovnan\u00e9 prvn\u00ed p\u016fli, kter\u00e1 skon\u010dila 1:1, se nejprve host\u00e9<span class=\"excerpt-hellip\"> [\u2026]<\/span><\/p>\n","protected":false},"author":3,"featured_media":1731,"comment_status":"closed","ping_status":"open","sticky":false,"template":"","format":"standard","meta":{"ngg_post_thumbnail":0,"footnotes":""},"categories":[115,107,104,102],"tags":[],"class_list":["post-5951","post","type-post","status-publish","format-standard","has-post-thumbnail","hentry","category-a-tym","category-fotbal","category-vysledky","category-zapasy"],"_links":{"self":[{"href":"https:\/\/tjsokolkoberice.cz\/index.php?rest_route=\/wp\/v2\/posts\/5951","targetHints":{"allow":["GET"]}}],"collection":[{"href":"https:\/\/tjsokolkoberice.cz\/index.php?rest_route=\/wp\/v2\/posts"}],"about":[{"href":"https:\/\/tjsokolkoberice.cz\/index.php?rest_route=\/wp\/v2\/types\/post"}],"author":[{"embeddable":true,"href":"https:\/\/tjsokolkoberice.cz\/index.php?rest_route=\/wp\/v2\/users\/3"}],"replies":[{"embeddable":true,"href":"https:\/\/tjsokolkoberice.cz\/index.php?rest_route=%2Fwp%2Fv2%2Fcomments&post=5951"}],"version-history":[{"count":4,"href":"https:\/\/tjsokolkoberice.cz\/index.php?rest_route=\/wp\/v2\/posts\/5951\/revisions"}],"predecessor-version":[{"id":5962,"href":"https:\/\/tjsokolkoberice.cz\/index.php?rest_route=\/wp\/v2\/posts\/5951\/revisions\/5962"}],"wp:featuredmedia":[{"embeddable":true,"href":"https:\/\/tjsokolkoberice.cz\/index.php?rest_route=\/wp\/v2\/media\/1731"}],"wp:attachment":[{"href":"https:\/\/tjsokolkoberice.cz\/index.php?rest_route=%2Fwp%2Fv2%2Fmedia&parent=5951"}],"wp:term":[{"taxonomy":"category","embeddable":true,"href":"https:\/\/tjsokolkoberice.cz\/index.php?rest_route=%2Fwp%2Fv2%2Fcategories&post=5951"},{"taxonomy":"post_tag","embeddable":true,"href":"https:\/\/tjsokolkoberice.cz\/index.php?rest_route=%2Fwp%2Fv2%2Ftags&post=5951"}],"curies":[{"name":"wp","href":"https:\/\/api.w.org\/{rel}","templated":true}]}}