{"id":5991,"date":"2019-03-20T20:10:04","date_gmt":"2019-03-20T19:10:04","guid":{"rendered":"https:\/\/tjsokolkoberice.cz\/?p=5991"},"modified":"2025-10-14T11:53:11","modified_gmt":"2025-10-14T10:53:11","slug":"5991","status":"publish","type":"post","link":"https:\/\/tjsokolkoberice.cz\/?p=5991","title":{"rendered":"A mu\u017ei prohr\u00e1li v gener\u00e1lce se Slavkovem"},"content":{"rendered":"<p style=\"text-align: justify;\"><span style=\"font-size: 14pt; font-family: helvetica, arial, sans-serif;\">V posledn\u00edm p\u0159\u00edpravn\u00e9m utk\u00e1n\u00ed narazili na\u0161i hr\u00e1\u010di na celek ze Slavkova. Utk\u00e1n\u00ed se nakonec odehr\u00e1lo na rezervn\u00edm h\u0159i\u0161ti v Old\u0159i\u0161ov\u011b. Po bezbrankov\u00e9m prvn\u00edm polo\u010dase na\u0161i borci po zm\u011bn\u011b stran dvakr\u00e1t inkasovali a v posledn\u00ed prov\u011brce p\u0159ed startem jarn\u00edch boj\u016f v 1. A t\u0159\u00edd\u011b podlehli Slavkovu 0:2.<\/span><\/p>\n<div style=\"text-align: justify;\"><span style=\"font-size: 14pt; font-family: helvetica, arial, sans-serif;\">&nbsp;<\/span><\/div>\n<div style=\"text-align: justify;\"><span style=\"font-size: 14pt; font-family: helvetica, arial, sans-serif;\">K prvn\u00edmu jarn\u00edmu sout\u011b\u017en\u00edmu utk\u00e1n\u00ed nastoup\u00ed na\u0161i hr\u00e1\u010di<b>&nbsp;v sobotu 23.3. od 15 hod ve Velk\u00fdch Heraltic\u00edch<\/b>..&nbsp;<\/span><\/div>\n<p style=\"text-align: justify;\">&nbsp;<\/p>\n<p style=\"text-align: justify;\"><span style=\"font-size: 14pt; font-family: helvetica, arial, sans-serif;\"><b>Kobe\u0159ice &#8211; Slavkov&nbsp; &nbsp;0:2 (0:0)<\/b><\/span><\/p>\n<div style=\"text-align: justify;\">&nbsp;<\/div>\n<div style=\"text-align: justify;\"><span style=\"font-size: 14pt; font-family: helvetica, arial, sans-serif;\"><b>Sestava<\/b>: \u0160tencel (Schlischka P.), \u010cujek, Hartmann, Wirth Ren\u00e9 (\u0160van\u010dar), \u0160evior (Rother), Wirth Robin, Stuchl\u00edk P. (Schlischka M.), Kubn\u00fd, Mezera, St\u0159\u00edbn\u00fd (Kry\u0161tof), \u0160ime\u010dek (Oberherr Jan)<\/span><\/div>\n","protected":false},"excerpt":{"rendered":"<p>V posledn\u00edm p\u0159\u00edpravn\u00e9m utk\u00e1n\u00ed narazili na\u0161i hr\u00e1\u010di na celek ze Slavkova. Utk\u00e1n\u00ed se nakonec odehr\u00e1lo na rezervn\u00edm h\u0159i\u0161ti v Old\u0159i\u0161ov\u011b. Po bezbrankov\u00e9m prvn\u00edm polo\u010dase na\u0161i borci<span class=\"excerpt-hellip\"> [\u2026]<\/span><\/p>\n","protected":false},"author":3,"featured_media":1883,"comment_status":"closed","ping_status":"open","sticky":false,"template":"","format":"standard","meta":{"ngg_post_thumbnail":0,"footnotes":""},"categories":[115,107,104,102],"tags":[],"class_list":["post-5991","post","type-post","status-publish","format-standard","has-post-thumbnail","hentry","category-a-tym","category-fotbal","category-vysledky","category-zapasy"],"_links":{"self":[{"href":"https:\/\/tjsokolkoberice.cz\/index.php?rest_route=\/wp\/v2\/posts\/5991","targetHints":{"allow":["GET"]}}],"collection":[{"href":"https:\/\/tjsokolkoberice.cz\/index.php?rest_route=\/wp\/v2\/posts"}],"about":[{"href":"https:\/\/tjsokolkoberice.cz\/index.php?rest_route=\/wp\/v2\/types\/post"}],"author":[{"embeddable":true,"href":"https:\/\/tjsokolkoberice.cz\/index.php?rest_route=\/wp\/v2\/users\/3"}],"replies":[{"embeddable":true,"href":"https:\/\/tjsokolkoberice.cz\/index.php?rest_route=%2Fwp%2Fv2%2Fcomments&post=5991"}],"version-history":[{"count":3,"href":"https:\/\/tjsokolkoberice.cz\/index.php?rest_route=\/wp\/v2\/posts\/5991\/revisions"}],"predecessor-version":[{"id":5994,"href":"https:\/\/tjsokolkoberice.cz\/index.php?rest_route=\/wp\/v2\/posts\/5991\/revisions\/5994"}],"wp:featuredmedia":[{"embeddable":true,"href":"https:\/\/tjsokolkoberice.cz\/index.php?rest_route=\/wp\/v2\/media\/1883"}],"wp:attachment":[{"href":"https:\/\/tjsokolkoberice.cz\/index.php?rest_route=%2Fwp%2Fv2%2Fmedia&parent=5991"}],"wp:term":[{"taxonomy":"category","embeddable":true,"href":"https:\/\/tjsokolkoberice.cz\/index.php?rest_route=%2Fwp%2Fv2%2Fcategories&post=5991"},{"taxonomy":"post_tag","embeddable":true,"href":"https:\/\/tjsokolkoberice.cz\/index.php?rest_route=%2Fwp%2Fv2%2Ftags&post=5991"}],"curies":[{"name":"wp","href":"https:\/\/api.w.org\/{rel}","templated":true}]}}