{"id":6028,"date":"2019-04-03T08:27:49","date_gmt":"2019-04-03T07:27:49","guid":{"rendered":"https:\/\/tjsokolkoberice.cz\/?p=6028"},"modified":"2025-10-14T11:53:11","modified_gmt":"2025-10-14T10:53:11","slug":"nase-fotbalove-nadeje-jako-doprovod-na-ligovem-utkani","status":"publish","type":"post","link":"https:\/\/tjsokolkoberice.cz\/?p=6028","title":{"rendered":"Na\u0161e fotbalov\u00e9 nad\u011bje jako doprovod na ligov\u00e9m utk\u00e1n\u00ed!"},"content":{"rendered":"<aside><span style=\"font-size: 12pt; font-family: helvetica, arial, sans-serif;\">V sobotu 30.3.2019 se v Opav\u011b utkaly v r\u00e1mci FORTUNA ligy dom\u00e1c\u00ed Slezsk\u00fd FC Opava a Dukla Praha. Jako doprovod p\u0159i n\u00e1stupu obou mu\u017estev na hrac\u00ed plochu se objevili tak\u00e9 kluci na\u0161\u00ed mlad\u0161\u00ed p\u0159\u00edpravky, jmenovit\u011b:&nbsp;Adam Schweidler, Robin V\u00e1clav\u00edk, Ji\u0159\u00ed \u010cern\u00fd, Maty\u00e1\u0161 Jan\u00edk, Kristi\u00e1n Pla\u010dek, Jan Herudek, Vojt\u011bch St\u0159\u00edbn\u00fd, Filip Herich, \u0160imon Kone\u010dn\u00fd, Tobi\u00e1\u0161 Kone\u010dn\u00fd a Nikolas Kolod\u011bj. Kluci m\u011bli na sob\u011b dresy Dukly Praha a p\u0159i n\u00e1stupu doprov\u00e1zeli hr\u00e1\u010de tohoto pra\u017esk\u00e9ho klubu.&nbsp;<\/span><\/aside>\n<aside><\/aside>\n<aside><span style=\"font-size: 12pt; font-family: helvetica, arial, sans-serif;\">V p\u0159\u00ed\u0161t\u00edm dom\u00e1c\u00edm utk\u00e1n\u00ed Opavy se Sigmou Olomouc (sobota 13.4., 15:30) bude doprov\u00e1zet jeden z t\u00fdm\u016f jin\u00e1 skupinka na\u0161\u00ed mlad\u0161\u00ed p\u0159\u00edpravky. P\u0159ij\u010fte se pod\u00edvat, bude to z\u00e1\u017eitek nejen pro kluky samotn\u00e9!<\/span><\/aside>\n<aside><\/aside>\n<aside>ngg_shortcode_0_placeholder<\/aside>\n","protected":false},"excerpt":{"rendered":"<p>V sobotu 30.3.2019 se v Opav\u011b utkaly v r\u00e1mci FORTUNA ligy dom\u00e1c\u00ed Slezsk\u00fd FC Opava a Dukla Praha. Jako doprovod p\u0159i n\u00e1stupu obou mu\u017estev na hrac\u00ed<span class=\"excerpt-hellip\"> [\u2026]<\/span><\/p>\n","protected":false},"author":3,"featured_media":6040,"comment_status":"closed","ping_status":"open","sticky":false,"template":"","format":"standard","meta":{"ngg_post_thumbnail":0,"footnotes":""},"categories":[107,120,119,204],"tags":[],"class_list":["post-6028","post","type-post","status-publish","format-standard","has-post-thumbnail","hentry","category-fotbal","category-mini-mladsi","category-mini-starsi","category-sokolcata"],"_links":{"self":[{"href":"https:\/\/tjsokolkoberice.cz\/index.php?rest_route=\/wp\/v2\/posts\/6028","targetHints":{"allow":["GET"]}}],"collection":[{"href":"https:\/\/tjsokolkoberice.cz\/index.php?rest_route=\/wp\/v2\/posts"}],"about":[{"href":"https:\/\/tjsokolkoberice.cz\/index.php?rest_route=\/wp\/v2\/types\/post"}],"author":[{"embeddable":true,"href":"https:\/\/tjsokolkoberice.cz\/index.php?rest_route=\/wp\/v2\/users\/3"}],"replies":[{"embeddable":true,"href":"https:\/\/tjsokolkoberice.cz\/index.php?rest_route=%2Fwp%2Fv2%2Fcomments&post=6028"}],"version-history":[{"count":3,"href":"https:\/\/tjsokolkoberice.cz\/index.php?rest_route=\/wp\/v2\/posts\/6028\/revisions"}],"predecessor-version":[{"id":6039,"href":"https:\/\/tjsokolkoberice.cz\/index.php?rest_route=\/wp\/v2\/posts\/6028\/revisions\/6039"}],"wp:featuredmedia":[{"embeddable":true,"href":"https:\/\/tjsokolkoberice.cz\/index.php?rest_route=\/wp\/v2\/media\/6040"}],"wp:attachment":[{"href":"https:\/\/tjsokolkoberice.cz\/index.php?rest_route=%2Fwp%2Fv2%2Fmedia&parent=6028"}],"wp:term":[{"taxonomy":"category","embeddable":true,"href":"https:\/\/tjsokolkoberice.cz\/index.php?rest_route=%2Fwp%2Fv2%2Fcategories&post=6028"},{"taxonomy":"post_tag","embeddable":true,"href":"https:\/\/tjsokolkoberice.cz\/index.php?rest_route=%2Fwp%2Fv2%2Ftags&post=6028"}],"curies":[{"name":"wp","href":"https:\/\/api.w.org\/{rel}","templated":true}]}}