{"id":6044,"date":"2019-04-03T09:01:22","date_gmt":"2019-04-03T08:01:22","guid":{"rendered":"https:\/\/tjsokolkoberice.cz\/?p=6044"},"modified":"2025-10-14T11:53:11","modified_gmt":"2025-10-14T10:53:11","slug":"sokolcata-v-krajske-zimni-lize-2","status":"publish","type":"post","link":"https:\/\/tjsokolkoberice.cz\/?p=6044","title":{"rendered":"Sokol\u010data v Krajsk\u00e9 zimn\u00ed lize"},"content":{"rendered":"<p style=\"text-align: justify;\"><span style=\"font-size: 12pt; font-family: helvetica, arial, sans-serif;\">V sobotu 23.3.2019 odehr\u00e1la na\u0161e Fotbalov\u00e1 \u0161koli\u010dka posledn\u00ed turnaj v KZL, kde se z\u00fa\u010dastnila fin\u00e1le B.<\/span><\/p>\n<p style=\"text-align: justify;\"><span style=\"font-size: 12pt; font-family: helvetica, arial, sans-serif;\">Na\u0161e &#8222;B&#8220; dru\u017estvo tvo\u0159en\u00e9 t\u011bmito hr\u00e1\u010di: \u0160imon Kone\u010dn\u00fd, Max St\u0159\u00edbn\u00fd, Filip Hol\u00edk, Filip Ja\u0161ek a Tonda Bialas obsadilo kone\u010dn\u00e9 pat\u00e9 m\u00edsto. Postupn\u011b se ve skupin\u011b st\u0159etli s Ostravic\u00ed 2:2, pak porazili Fr\u00fddek M\u00edstek C 7:0, Fr\u00fddek M\u00edstek B 7:2, Hlubinu 5:1 a prohr\u00e1li 1:0 s L\u00edskovcem, kter\u00fd n\u00e1m vs\u00edtil branku p\u00e1r minut p\u0159ed koncem a rozhodl o tom, \u017ee Sokol\u010data skon\u010dila ve skupin\u011b t\u0159et\u00ed a utkala se se t\u0159et\u00edm z druh\u00e9 skupiny, co\u017e bylo na\u0161e &#8222;A&#8220; mu\u017estvo. Z\u00e1pas skon\u010dil po boji 1:0 pro na\u0161e &#8222;B&#8220; dru\u017estvo.<\/span><\/p>\n<p style=\"text-align: justify;\"><span style=\"font-size: 12pt; font-family: helvetica, arial, sans-serif;\">Na\u0161e &#8222;A&#8220; mu\u017estvo tvo\u0159ili tito hr\u00e1\u010di: Teodor Krettek, Maxmili\u00e1n Hluchn\u00edk, Vojt\u011bch \u010cujek, Oliver Urbansk\u00fd a Ond\u0159ej Balarin. Ve skupin\u011b jsme vyhr\u00e1li s Fr\u00fddekm M\u00edstkem A 4:2, remizovali s pozd\u011bj\u0161\u00edm v\u00edt\u011bzem turnaje Ra\u0161kovicemi 3:3, prohr\u00e1li s Porubou 3:0 a je\u0161t\u011b jsme porazili Libho\u0161\u0165 4:2 a Bru\u0161perk 8:1.<\/span><\/p>\n<p style=\"text-align: justify;\"><span style=\"font-size: 12pt; font-family: helvetica, arial, sans-serif;\">Fin\u00e1lov\u00fd turnaj byl tak\u00e9 doprov\u00e1zen dovednostn\u00edmi sout\u011b\u017eemi, kde v jedn\u00e9 z nich &#8222;Nejp\u0159esn\u011bj\u0161\u00ed st\u0159ela&#8220;, m\u011bl ze v\u0161ech \u00fa\u010dastn\u00edk\u016f nejp\u0159esn\u011bj\u0161\u00ed mu\u0161ku n\u00e1\u0161 Teodor Krettek.<\/span><\/p>\n<p style=\"text-align: justify;\"><span style=\"font-size: 12pt; font-family: helvetica, arial, sans-serif;\">Na konec turnaje bylo vyhodnocen\u00ed, kde v\u0161ichni dostali medaile a pro ty na\u0161e bojovn\u00edky to byla v\u016fbec prvn\u00ed ve sportu.<\/span><\/p>\n<p style=\"text-align: justify;\">&nbsp;<\/p>\nngg_shortcode_0_placeholder\n","protected":false},"excerpt":{"rendered":"<p>V sobotu 23.3.2019 odehr\u00e1la na\u0161e Fotbalov\u00e1 \u0161koli\u010dka posledn\u00ed turnaj v KZL, kde se z\u00fa\u010dastnila fin\u00e1le B. Na\u0161e &#8222;B&#8220; dru\u017estvo tvo\u0159en\u00e9 t\u011bmito hr\u00e1\u010di: \u0160imon Kone\u010dn\u00fd, Max St\u0159\u00edbn\u00fd,<span class=\"excerpt-hellip\"> [\u2026]<\/span><\/p>\n","protected":false},"author":3,"featured_media":6062,"comment_status":"closed","ping_status":"open","sticky":false,"template":"","format":"standard","meta":{"ngg_post_thumbnail":0,"footnotes":""},"categories":[107,120,119,204,104,102],"tags":[],"class_list":["post-6044","post","type-post","status-publish","format-standard","has-post-thumbnail","hentry","category-fotbal","category-mini-mladsi","category-mini-starsi","category-sokolcata","category-vysledky","category-zapasy"],"_links":{"self":[{"href":"https:\/\/tjsokolkoberice.cz\/index.php?rest_route=\/wp\/v2\/posts\/6044","targetHints":{"allow":["GET"]}}],"collection":[{"href":"https:\/\/tjsokolkoberice.cz\/index.php?rest_route=\/wp\/v2\/posts"}],"about":[{"href":"https:\/\/tjsokolkoberice.cz\/index.php?rest_route=\/wp\/v2\/types\/post"}],"author":[{"embeddable":true,"href":"https:\/\/tjsokolkoberice.cz\/index.php?rest_route=\/wp\/v2\/users\/3"}],"replies":[{"embeddable":true,"href":"https:\/\/tjsokolkoberice.cz\/index.php?rest_route=%2Fwp%2Fv2%2Fcomments&post=6044"}],"version-history":[{"count":3,"href":"https:\/\/tjsokolkoberice.cz\/index.php?rest_route=\/wp\/v2\/posts\/6044\/revisions"}],"predecessor-version":[{"id":6072,"href":"https:\/\/tjsokolkoberice.cz\/index.php?rest_route=\/wp\/v2\/posts\/6044\/revisions\/6072"}],"wp:featuredmedia":[{"embeddable":true,"href":"https:\/\/tjsokolkoberice.cz\/index.php?rest_route=\/wp\/v2\/media\/6062"}],"wp:attachment":[{"href":"https:\/\/tjsokolkoberice.cz\/index.php?rest_route=%2Fwp%2Fv2%2Fmedia&parent=6044"}],"wp:term":[{"taxonomy":"category","embeddable":true,"href":"https:\/\/tjsokolkoberice.cz\/index.php?rest_route=%2Fwp%2Fv2%2Fcategories&post=6044"},{"taxonomy":"post_tag","embeddable":true,"href":"https:\/\/tjsokolkoberice.cz\/index.php?rest_route=%2Fwp%2Fv2%2Ftags&post=6044"}],"curies":[{"name":"wp","href":"https:\/\/api.w.org\/{rel}","templated":true}]}}