{"id":6103,"date":"2019-04-19T17:01:11","date_gmt":"2019-04-19T16:01:11","guid":{"rendered":"https:\/\/tjsokolkoberice.cz\/?p=6103"},"modified":"2025-10-14T11:52:59","modified_gmt":"2025-10-14T10:52:59","slug":"vikendovy-program-nasich-muzstev-61","status":"publish","type":"post","link":"https:\/\/tjsokolkoberice.cz\/?p=6103","title":{"rendered":"V\u00edkendov\u00fd program na\u0161ich mu\u017estev"},"content":{"rendered":"<p style=\"text-align: justify;\"><span style=\"font-family: helvetica, arial, sans-serif; font-size: 12pt;\"><strong>A mu\u017ei maj\u00ed o nadch\u00e1zej\u00edc\u00edm v\u00edkendu volno.<\/strong><\/span><\/p>\n<p style=\"text-align: justify;\"><span style=\"font-family: helvetica, arial, sans-serif; font-size: 12pt;\"><strong>Mu\u017ei \u201eB\u201c jedou na h\u0159i\u0161t\u011b Slavie P\u00ed\u0161\u0165<\/strong><\/span><\/p>\n<p style=\"text-align: justify;\"><span style=\"font-family: helvetica, arial, sans-serif; font-size: 12pt;\">Po dal\u0161\u00ed vysok\u00e9 por\u00e1\u017ece budou hr\u00e1t na\u0161i mu\u017ei B na h\u0159i\u0161ti Slavie P\u00ed\u0161\u0165, kter\u00e1 je na 11. M\u00edst\u011b se ziskem 16 bod\u016f, kdy\u017e 4x vyhr\u00e1la, 4x remizovala a 9 x prohr\u00e1la.<\/span><\/p>\n<p style=\"text-align: justify;\"><span style=\"font-family: helvetica, arial, sans-serif; font-size: 12pt;\">Na\u0161i hr\u00e1\u010di jsou v&nbsp;okresn\u00edm p\u0159eboru posledn\u00ed se sedmi body, kdy\u017e 2x vyhr\u00e1li, 1x rem\u00edzovali a 14x prohr\u00e1li. V tomto utk\u00e1n\u00ed nejsme dle v\u00fdsledk\u016f favority, ale m\u016f\u017eeme sv\u00e9ho soupe\u0159e zasko\u010dit a protrhnout tak ne\u00fasp\u011bchy z&nbsp;minul\u00fdch utk\u00e1n\u00ed.<\/span><\/p>\n<p style=\"text-align: justify;\"><span style=\"font-family: helvetica, arial, sans-serif; font-size: 12pt;\"><strong>Utk\u00e1n\u00ed okresn\u00edho p\u0159eboru Slavia P\u00ed\u0161\u0165 &#8211; Kobe\u0159ice B se bude hr\u00e1t v&nbsp;ned\u011bli 21. dubna 2019 od 16:00 hodin. Zveme v\u0161echny p\u0159\u00edznivce na\u0161eho B mu\u017estva.&nbsp; <\/strong><\/span><\/p>\n<p style=\"text-align: justify;\"><span style=\"font-family: helvetica, arial, sans-serif; font-size: 12pt;\"><strong>Dorostenci budou hr\u00e1t s&nbsp;Fulnekem &nbsp;&nbsp;&nbsp;<\/strong><\/span><\/p>\n<p style=\"text-align: justify;\"><span style=\"font-family: helvetica, arial, sans-serif; font-size: 12pt;\">Po utk\u00e1n\u00ed s R\u00fdma\u0159ovem budou na\u0161i dorostenci hr\u00e1t s&nbsp;dorostenci Fulneku, kte\u0159\u00ed jsou na 11. m\u00edst\u011b tabulky krajsk\u00e9 sout\u011b\u017ee dorostu, kdy\u017e ve t\u0159ech &nbsp;utk\u00e1n\u00edch vyhr\u00e1li, ve t\u0159ech remizovali a v&nbsp;jeden\u00e1cti prohr\u00e1li.<\/span><\/p>\n<p style=\"text-align: justify;\"><span style=\"font-family: helvetica, arial, sans-serif; font-size: 12pt;\">Na\u0161i jsou na 4. m\u00edst\u011b, kdy\u017e 11x vyhr\u00e1li a v&nbsp;p\u011bti utk\u00e1n\u00edch prohr\u00e1li. Podzimn\u00ed vz\u00e1jemn\u00fd duel skon\u010dil na\u0161im v\u00edt\u011bzstv\u00edm 5:1. A tak doufejme, \u017ee na\u0161i dorostenci ve vz\u00e1jemn\u00e9m utk\u00e1n\u00ed potvrd\u00ed v\u00edt\u011bzstv\u00ed z&nbsp;podzimu.<\/span><\/p>\n<p style=\"text-align: justify;\"><span style=\"font-family: helvetica, arial, sans-serif; font-size: 12pt;\"><strong>V\u00e1\u017een\u00ed fotbalov\u00ed p\u0159\u00e1tel\u00e9, zveme V\u00e1s na utk\u00e1n\u00ed krajsk\u00e9 sout\u011b\u017ee dorostu Kobe\u0159ice &#8211; Fulnek, kter\u00e9 se hraje v&nbsp;ned\u011bli 21. dubna 2019 od 13.45 hodin na na\u0161em h\u0159i\u0161ti.<\/strong><\/span><\/p>\n<p style=\"text-align: justify;\"><span style=\"font-size: 12pt;\"><strong><span style=\"font-family: helvetica, arial, sans-serif;\">P\u0159\u00ed\u0161t\u00ed utk\u00e1n\u00ed sehraj\u00ed star\u0161\u00ed a mlad\u0161\u00ed \u017e\u00e1ci s&nbsp;mu\u017estvem Horn\u00ed Such\u00e9. Utk\u00e1n\u00ed se bude hr\u00e1t v&nbsp;ned\u011bli 21. dubna 2019 od 10:00 hodin pro star\u0161\u00ed \u017e\u00e1ky a od 12:00 &nbsp;pro mlad\u0161\u00ed \u017e\u00e1ky. Zveme v\u0161echny p\u0159\u00edznivce na\u0161\u00edch mu\u017estev!<\/span> <\/strong><\/span><\/p>\n","protected":false},"excerpt":{"rendered":"<p>A mu\u017ei maj\u00ed o nadch\u00e1zej\u00edc\u00edm v\u00edkendu volno. Mu\u017ei \u201eB\u201c jedou na h\u0159i\u0161t\u011b Slavie P\u00ed\u0161\u0165 Po dal\u0161\u00ed vysok\u00e9 por\u00e1\u017ece budou hr\u00e1t na\u0161i mu\u017ei B na h\u0159i\u0161ti Slavie<span class=\"excerpt-hellip\"> [\u2026]<\/span><\/p>\n","protected":false},"author":3,"featured_media":3370,"comment_status":"closed","ping_status":"open","sticky":false,"template":"","format":"standard","meta":{"ngg_post_thumbnail":0,"footnotes":""},"categories":[115,112,110,107,117,103,111,102],"tags":[],"class_list":["post-6103","post","type-post","status-publish","format-standard","has-post-thumbnail","hentry","category-a-tym","category-b-tym","category-dorost","category-fotbal","category-mladsi-zaci","category-pozvanky","category-starsi-zaci","category-zapasy"],"_links":{"self":[{"href":"https:\/\/tjsokolkoberice.cz\/index.php?rest_route=\/wp\/v2\/posts\/6103","targetHints":{"allow":["GET"]}}],"collection":[{"href":"https:\/\/tjsokolkoberice.cz\/index.php?rest_route=\/wp\/v2\/posts"}],"about":[{"href":"https:\/\/tjsokolkoberice.cz\/index.php?rest_route=\/wp\/v2\/types\/post"}],"author":[{"embeddable":true,"href":"https:\/\/tjsokolkoberice.cz\/index.php?rest_route=\/wp\/v2\/users\/3"}],"replies":[{"embeddable":true,"href":"https:\/\/tjsokolkoberice.cz\/index.php?rest_route=%2Fwp%2Fv2%2Fcomments&post=6103"}],"version-history":[{"count":1,"href":"https:\/\/tjsokolkoberice.cz\/index.php?rest_route=\/wp\/v2\/posts\/6103\/revisions"}],"predecessor-version":[{"id":6104,"href":"https:\/\/tjsokolkoberice.cz\/index.php?rest_route=\/wp\/v2\/posts\/6103\/revisions\/6104"}],"wp:featuredmedia":[{"embeddable":true,"href":"https:\/\/tjsokolkoberice.cz\/index.php?rest_route=\/wp\/v2\/media\/3370"}],"wp:attachment":[{"href":"https:\/\/tjsokolkoberice.cz\/index.php?rest_route=%2Fwp%2Fv2%2Fmedia&parent=6103"}],"wp:term":[{"taxonomy":"category","embeddable":true,"href":"https:\/\/tjsokolkoberice.cz\/index.php?rest_route=%2Fwp%2Fv2%2Fcategories&post=6103"},{"taxonomy":"post_tag","embeddable":true,"href":"https:\/\/tjsokolkoberice.cz\/index.php?rest_route=%2Fwp%2Fv2%2Ftags&post=6103"}],"curies":[{"name":"wp","href":"https:\/\/api.w.org\/{rel}","templated":true}]}}