{"id":6153,"date":"2019-05-03T08:16:06","date_gmt":"2019-05-03T07:16:06","guid":{"rendered":"https:\/\/tjsokolkoberice.cz\/?p=6153"},"modified":"2025-10-14T11:52:59","modified_gmt":"2025-10-14T10:52:59","slug":"vikendovy-program-nasich-muzstev-62","status":"publish","type":"post","link":"https:\/\/tjsokolkoberice.cz\/?p=6153","title":{"rendered":"V\u00edkendov\u00fd program na\u0161ich mu\u017estev"},"content":{"rendered":"<p style=\"text-align: justify;\"><span style=\"font-size: 14pt; font-family: helvetica, arial, sans-serif;\"><strong>V\u00edt\u00e1me na na\u0161em h\u0159i\u0161ti mu\u017estvo Viktorie Chlebi\u010dov<\/strong><\/span><\/p>\n<p style=\"text-align: justify;\"><span style=\"font-size: 12pt; font-family: helvetica, arial, sans-serif;\">V&nbsp;dal\u0161\u00edm utk\u00e1n\u00ed I. A t\u0159\u00eddy n\u00e1s \u010dek\u00e1 velmi zaj\u00edmav\u00fd a nevyzpytateln\u00fd soupe\u0159 a to Viktoria Chlebi\u010dov. V&nbsp;sou\u010dasn\u00e9 dob\u011b je n\u00e1\u0161 dne\u0161n\u00ed soupe\u0159 na 6. m\u00edst\u011b, kdy\u017e z\u00edskal 23 bod\u016f. Hr\u00e1\u010di Chlebi\u010dova vyhr\u00e1li 7 utk\u00e1n\u00ed, 2x remizovali a 9x prohr\u00e1li p\u0159i sk\u00f3re 32:30. Jejich nejlep\u0161\u00edm st\u0159elcem je s&nbsp;8 brankami Adam Korbel.<\/span><\/p>\n<p style=\"text-align: justify;\"><span style=\"font-size: 12pt; font-family: helvetica, arial, sans-serif;\">Na\u0161i hr\u00e1\u010di jsou s&nbsp;dvoubodov\u00fdm n\u00e1skokem a ziskem 41 bod\u016f na prvn\u00edm m\u00edst\u011b. Vs\u00edtili jsme 31 a obdr\u017eeli pouze 10 branek. Na\u0161\u00edm nejlep\u0161\u00edm st\u0159elcem je s&nbsp;deseti brankami Adam \u0160ime\u010dek. V&nbsp;tomto utk\u00e1n\u00ed jsme sice favority, ale utk\u00e1n\u00ed, ve kter\u00e9m nep\u016fjde jen o body, ale i o zdravou rivalitu dvou obc\u00ed ze stejn\u00e9ho regionu. Nav\u00edc se soupe\u0159 bude cht\u00edt na n\u00e1\u0161 celek vyt\u00e1hnout. Proto i v&nbsp;tomto utk\u00e1n\u00ed mus\u00ed hr\u00e1t na\u0161i fotbalist\u00e9 s&nbsp;pln\u00fdm nasazen\u00edm a hn\u00e1t se za ka\u017ed\u00fdm m\u00ed\u010dem. V&nbsp;minul\u00e9m kole hr\u00e1li hr\u00e1\u010di Chlebi\u010dova s&nbsp;Bolaticemi 0:0 a budou z\u0159ejm\u011b t\u00edmto bezbrankov\u00fdm v\u00fdsledkem povzbuzen\u00ed tak\u00e9 v&nbsp;utk\u00e1n\u00ed s&nbsp;na\u0161\u00edm celkem, kter\u00fd nastupuje do tohoto presti\u017en\u00edho utk\u00e1n\u00ed po v\u00edt\u011bzstv\u00ed v&nbsp;Mokr\u00fdch Lazc\u00edch. Ve vz\u00e1jemn\u00e9m duelu jsme na podzim vyhr\u00e1li 2:1. \u0160\u0165astn\u00fdmi st\u0159elci&nbsp; byli Hartmann Patrik a Stuchl\u00edk Petr.<\/span><\/p>\n<p style=\"text-align: justify;\"><span style=\"font-size: 12pt; font-family: helvetica, arial, sans-serif;\"><strong>V\u00e1\u017een\u00ed sportovn\u00ed p\u0159\u00e1tel\u00e9, zveme V\u00e1s na mistrovsk\u00e9 utk\u00e1n\u00ed krajsk\u00e9 sout\u011b\u017ee I. A t\u0159\u00eddy mezi Kobe\u0159icemi a Chlebi\u010dovem, kter\u00e9 se bude hr\u00e1t v&nbsp;ned\u011bli 5. kv\u011btna 2019 od 16:30 na na\u0161em h\u0159i\u0161ti. P\u0159ij\u010fte povzbuzovat na\u0161e fotbalisty v&nbsp;tomto utk\u00e1n\u00ed!!<\/strong><\/span><\/p>\n<p style=\"text-align: justify;\"><span style=\"font-size: 12pt; font-family: helvetica, arial, sans-serif;\"><strong><u>Program IA.t\u0159\u00eddy v&nbsp;tomto a p\u0159\u00ed\u0161t\u00edm &nbsp;kole<\/u><\/strong><\/span><\/p>\n<table width=\"0\">\n<tbody>\n<tr>\n<td width=\"322\"><span style=\"font-size: 12pt; font-family: helvetica, arial, sans-serif;\">Jakub\u010dovice &#8211; Darkovi\u010dky<\/span><\/td>\n<td width=\"246\"><span style=\"font-size: 12pt; font-family: helvetica, arial, sans-serif;\">Darkovi\u010dky &#8211; Bolatice<\/span><\/td>\n<\/tr>\n<tr>\n<td width=\"322\"><span style=\"font-size: 12pt; font-family: helvetica, arial, sans-serif;\">Fulnek &#8211; Krava\u0159e<\/span><\/td>\n<td width=\"246\"><span style=\"font-size: 12pt; font-family: helvetica, arial, sans-serif;\"><strong>Ludge\u0159ovice<\/strong> &#8211; <strong>Kobe\u0159ice<\/strong><\/span><\/td>\n<\/tr>\n<tr>\n<td width=\"322\"><span style=\"font-size: 12pt; font-family: helvetica, arial, sans-serif;\">Velk\u00e9 Heraltice &#8211; V\u0159esina<\/span><\/td>\n<td width=\"246\"><span style=\"font-size: 12pt; font-family: helvetica, arial, sans-serif;\">Chlebi\u010dov &#8211; Mokr\u00e9 Lazce<\/span><\/td>\n<\/tr>\n<tr>\n<td width=\"322\"><span style=\"font-size: 12pt; font-family: helvetica, arial, sans-serif;\"><strong>Kobe\u0159ice<\/strong> &#8211; <strong>Chlebi\u010dov<\/strong><\/span><\/td>\n<td width=\"246\"><span style=\"font-size: 12pt; font-family: helvetica, arial, sans-serif;\">Slavkov &#8211; Velk\u00e9 Heraltice<\/span><\/td>\n<\/tr>\n<tr>\n<td width=\"322\"><span style=\"font-size: 12pt; font-family: helvetica, arial, sans-serif;\">Bolatice &#8211; Ludge\u0159ovice<\/span><\/td>\n<td width=\"246\"><span style=\"font-size: 12pt; font-family: helvetica, arial, sans-serif;\">V\u0159esina &#8211; Fulnek<\/span><\/td>\n<\/tr>\n<tr>\n<td width=\"322\"><span style=\"font-size: 12pt; font-family: helvetica, arial, sans-serif;\">\u0160t\u011bp\u00e1nkovice &#8211; Slavkov<\/span><\/td>\n<td width=\"246\"><span style=\"font-size: 12pt; font-family: helvetica, arial, sans-serif;\">Krava\u0159e &#8211; Jakub\u010dovice<\/span><\/td>\n<\/tr>\n<\/tbody>\n<\/table>\n<p style=\"text-align: justify;\">&nbsp;<\/p>\n<p style=\"text-align: justify;\"><span style=\"font-size: 14pt; font-family: helvetica, arial, sans-serif;\"><strong>Mu\u017ei \u201eB\u201c jedou hr\u00e1t&nbsp; na h\u0159i\u0161t\u011b V\u00e1vrovic<\/strong><\/span><\/p>\n<p style=\"text-align: justify;\"><span style=\"font-size: 12pt; font-family: helvetica, arial, sans-serif;\">Po dal\u0161\u00ed vysok\u00e9 por\u00e1\u017ece budou hr\u00e1t na\u0161i mu\u017ei B ve V\u00e1vrovic\u00edch.&nbsp; Mu\u017estvo V\u00e1vrovic je&nbsp; na velmi p\u011bkn\u00e9m 5. m\u00edst\u011b se ziskem m\u00e1 32 bod\u016f, kdy\u017e 10x vyhr\u00e1lo, 2x remizovalo a 7x prohr\u00e1lo.<\/span><\/p>\n<p style=\"text-align: justify;\"><span style=\"font-size: 12pt; font-family: helvetica, arial, sans-serif;\">Na\u0161i hr\u00e1\u010di jsou v&nbsp;okresn\u00edm p\u0159eboru posledn\u00ed s osmi body, kdy\u017e 2x vyhr\u00e1li, 2x rem\u00edzovali a 15x prohr\u00e1li. V tomto utk\u00e1n\u00ed je soupe\u0159 dle um\u00edst\u011bn\u00ed favoritem, ale na\u0161e hr\u00e1\u010de by m\u011bla povzbudit rem\u00edza z&nbsp;minul\u00e9ho dom\u00e1c\u00edho utk\u00e1n\u00ed s&nbsp;Jakartovicemi a na h\u0159i\u0161ti V\u00e1vrovic p\u0159edv\u00e9st co nejlep\u0161\u00ed v\u00fdkon a nejl\u00e9pe dov\u00e9zt utk\u00e1n\u00ed do v\u00edt\u011bzn\u00e9ho konce.<\/span><\/p>\n<p style=\"text-align: justify;\"><span style=\"font-size: 12pt; font-family: helvetica, arial, sans-serif;\"><strong>Utk\u00e1n\u00ed okresn\u00edho p\u0159eboru V\u00e1vrovice &#8211; Kobe\u0159ice B se bude hr\u00e1t v&nbsp;sobotu 4. kv\u011btna 2019 od 16:30 hodin. Zveme v\u0161echny p\u0159\u00edznivce na\u0161eho B mu\u017estva.&nbsp; <\/strong><\/span><\/p>\n<p style=\"text-align: justify;\">&nbsp;<\/p>\n<p style=\"text-align: justify;\"><span style=\"font-size: 12pt; font-family: helvetica, arial, sans-serif;\"><strong><u>Toto a p\u0159\u00ed\u0161t\u00ed kolo hraj\u00ed<\/u><\/strong><\/span><\/p>\n<table width=\"0\">\n<tbody>\n<tr>\n<td width=\"237\"><span style=\"font-size: 12pt; font-family: helvetica, arial, sans-serif;\">Slavia Opava &#8211; Hlavnice<\/span><\/td>\n<td width=\"237\"><span style=\"font-size: 12pt; font-family: helvetica, arial, sans-serif;\">St\u011bbo\u0159ice &#8211; Jakartovice<\/span><\/td>\n<\/tr>\n<tr>\n<td width=\"237\"><span style=\"font-size: 12pt; font-family: helvetica, arial, sans-serif;\">B\u0159ezov\u00e1 &#8211; Litultovice<\/span><\/td>\n<td width=\"237\"><span style=\"font-size: 12pt; font-family: helvetica, arial, sans-serif;\"><strong>Kobe\u0159ice &#8222;B&#8220;<\/strong> &#8211; <strong>B\u0159ezov\u00e1<\/strong><\/span><\/td>\n<\/tr>\n<tr>\n<td width=\"237\"><span style=\"font-size: 12pt; font-family: helvetica, arial, sans-serif;\"><strong>V\u00e1vrovice<\/strong> &#8211; <strong>Kobe\u0159ice &#8222;B&#8220;<\/strong><\/span><\/td>\n<td width=\"237\"><span style=\"font-size: 12pt; font-family: helvetica, arial, sans-serif;\">Hlavnice &#8211; V\u0159esina<\/span><\/td>\n<\/tr>\n<tr>\n<td width=\"237\"><span style=\"font-size: 12pt; font-family: helvetica, arial, sans-serif;\">Jakartovice &#8211; P\u00ed\u0161\u0165<\/span><\/td>\n<td width=\"237\"><span style=\"font-size: 12pt; font-family: helvetica, arial, sans-serif;\">Slu\u017eovice &#8211; Dobroslavice<\/span><\/td>\n<\/tr>\n<tr>\n<td width=\"237\"><span style=\"font-size: 12pt; font-family: helvetica, arial, sans-serif;\">T\u011b\u0161kovice &#8211; St\u011bbo\u0159ice<\/span><\/td>\n<td width=\"237\"><span style=\"font-size: 12pt; font-family: helvetica, arial, sans-serif;\">\u0160t\u00edtina &#8211; T\u011b\u0161kovice<\/span><\/td>\n<\/tr>\n<tr>\n<td width=\"237\"><span style=\"font-size: 12pt; font-family: helvetica, arial, sans-serif;\">Dobroslavice &#8211; \u0160t\u00edtina<\/span><\/td>\n<td width=\"237\"><span style=\"font-size: 12pt; font-family: helvetica, arial, sans-serif;\">Litultovice &#8211; Slavia Opava<\/span><\/td>\n<\/tr>\n<tr>\n<td width=\"237\"><span style=\"font-size: 12pt; font-family: helvetica, arial, sans-serif;\">V\u0159esina &#8211; Slu\u017eovice<\/span><\/td>\n<td width=\"237\"><span style=\"font-size: 12pt; font-family: helvetica, arial, sans-serif;\">P\u00ed\u0161\u0165 &#8211; V\u00e1vrovice<\/span><\/td>\n<\/tr>\n<\/tbody>\n<\/table>\n<p style=\"text-align: justify;\">&nbsp;<\/p>\n<p style=\"text-align: justify;\"><span style=\"font-size: 12pt; font-family: helvetica, arial, sans-serif;\"><span style=\"font-size: 14pt;\"><strong>Dorostenci budou hr\u00e1t v&nbsp;p\u0159edz\u00e1pase se Sv\u011btlou Horou<\/strong> <\/span>&nbsp;&nbsp;<\/span><\/p>\n<p style=\"text-align: justify;\"><span style=\"font-size: 12pt; font-family: helvetica, arial, sans-serif;\">Dnes se st\u0159enou na\u0161i dorostenci v p\u0159edz\u00e1pase hlavn\u00edho utk\u00e1n\u00ed s&nbsp;dorostenci Sv\u011btl\u00e9 Hory,&nbsp; kte\u0159\u00ed jsou na 13. m\u00edst\u011b tabulky krajsk\u00e9 sout\u011b\u017ee dorostu, kdy\u017e ve dvou&nbsp; utk\u00e1n\u00edch vyhr\u00e1li, ve t\u0159ech remizovali a v&nbsp;\u0161esti utk\u00e1n\u00edch prohr\u00e1li.<\/span><\/p>\n<p style=\"text-align: justify;\"><span style=\"font-size: 12pt; font-family: helvetica, arial, sans-serif;\">Na\u0161i jsou na 5. m\u00edst\u011b, kdy\u017e 10x vyhr\u00e1li a ve 14 utk\u00e1n\u00edch prohr\u00e1li. Vz\u00e1jemn\u00fd duel skon\u010dil na\u0161\u00edm v\u00edt\u011bzstv\u00edm 7:1.<\/span><\/p>\n<p style=\"text-align: justify;\"><span style=\"font-size: 12pt; font-family: helvetica, arial, sans-serif;\"><strong>V\u00e1\u017een\u00ed fotbalov\u00ed p\u0159\u00e1tel\u00e9, zveme V\u00e1s na utk\u00e1n\u00ed krajsk\u00e9 sout\u011b\u017ee dorostu Kobe\u0159ice &#8211; Sv\u011btl\u00e1 Hora, kter\u00e9 se hraje v&nbsp;ned\u011bli 5. kv\u011btna 2019 od 14:15 hodin na\u0161em h\u0159i\u0161ti.&nbsp;&nbsp;&nbsp; P\u0159ij\u010fte povzbudit na\u0161e dorostence! <\/strong><\/span><\/p>\n<p style=\"text-align: justify;\">&nbsp;<\/p>\n<p style=\"text-align: justify;\"><span style=\"font-size: 12pt; font-family: helvetica, arial, sans-serif;\"><strong><u>Toto&nbsp; a p\u0159\u00ed\u0161t\u00ed kolo hraj\u00ed<\/u><\/strong><\/span><\/p>\n<table width=\"0\">\n<tbody>\n<tr>\n<td width=\"249\"><span style=\"font-size: 12pt; font-family: helvetica, arial, sans-serif;\">R\u00fdma\u0159ov &#8211; Svinov<\/span><\/td>\n<td width=\"249\"><span style=\"font-size: 12pt; font-family: helvetica, arial, sans-serif;\">Sv\u011btl\u00e1 Hora &#8211; Hlu\u010d\u00edn B<\/span><\/td>\n<\/tr>\n<tr>\n<td width=\"249\"><span style=\"font-size: 12pt; font-family: helvetica, arial, sans-serif;\">Doln\u00ed Lhota &#8211; Darkovi\u010dky<\/span><\/td>\n<td width=\"249\"><span style=\"font-size: 12pt; font-family: helvetica, arial, sans-serif;\">Polanka &#8211; Doln\u00ed Bene\u0161ov<\/span><\/td>\n<\/tr>\n<tr>\n<td width=\"249\"><span style=\"font-size: 12pt; font-family: helvetica, arial, sans-serif;\">V\u0159esina &#8211; Doln\u00ed Bene\u0161ov<\/span><\/td>\n<td width=\"249\"><span style=\"font-size: 12pt; font-family: helvetica, arial, sans-serif;\">Fulnek &#8211; H\u00e1j ve Slezsku<\/span><\/td>\n<\/tr>\n<tr>\n<td width=\"249\"><span style=\"font-size: 12pt; font-family: helvetica, arial, sans-serif;\">H\u00e1j ve Slezsku &#8211; Polanka<\/span><\/td>\n<td width=\"249\"><span style=\"font-size: 12pt; font-family: helvetica, arial, sans-serif;\"><strong>Svinov<\/strong><strong> &#8211; Kobe\u0159ice <\/strong><\/span><\/td>\n<\/tr>\n<tr>\n<td width=\"249\"><span style=\"font-size: 12pt; font-family: helvetica, arial, sans-serif;\"><strong>Kobe\u0159ice<\/strong><strong> &#8211; Sv\u011btl\u00e1 Hora <\/strong><\/span><\/td>\n<td width=\"249\"><span style=\"font-size: 12pt; font-family: helvetica, arial, sans-serif;\">V\u0159esina &#8211; Hradec nad Moravic\u00ed<\/span><\/td>\n<\/tr>\n<tr>\n<td width=\"249\"><span style=\"font-size: 12pt; font-family: helvetica, arial, sans-serif;\">Hlu\u010d\u00edn B &#8211; Fulnek<\/span><\/td>\n<td width=\"249\"><span style=\"font-size: 12pt; font-family: helvetica, arial, sans-serif;\">Velk\u00e1 Polom &#8211; Doln\u00ed Lhota<\/span><\/td>\n<\/tr>\n<tr>\n<td width=\"249\"><span style=\"font-size: 12pt; font-family: helvetica, arial, sans-serif;\">R\u00fdma\u0159ov &#8211; Svinov<\/span><\/td>\n<td width=\"249\"><span style=\"font-size: 12pt; font-family: helvetica, arial, sans-serif;\">Darkovi\u010dky &#8211; R\u00fdma\u0159ov<\/span><\/td>\n<\/tr>\n<\/tbody>\n<\/table>\n<p style=\"text-align: justify;\">&nbsp;<\/p>\n<p style=\"text-align: justify;\"><span style=\"font-size: 12pt; font-family: helvetica, arial, sans-serif;\"><strong>P\u0159\u00ed\u0161t\u00ed utk\u00e1n\u00ed sehraj\u00ed star\u0161\u00ed a mlad\u0161\u00ed \u017e\u00e1ci s&nbsp;mu\u017estvem Krnova. Utk\u00e1n\u00ed se bude hr\u00e1t v&nbsp;sobotu 4. kv\u011btna&nbsp; 2019&nbsp; od 10:00&nbsp; hodin pro star\u0161\u00ed \u017e\u00e1ky a od 11:45&nbsp; pro mlad\u0161\u00ed \u017e\u00e1ky. Zveme v\u0161echny p\u0159\u00edznivce na\u0161\u00edch \u017e\u00e1k\u016f.<\/strong><\/span><\/p>\n","protected":false},"excerpt":{"rendered":"<p>V\u00edt\u00e1me na na\u0161em h\u0159i\u0161ti mu\u017estvo Viktorie Chlebi\u010dov V&nbsp;dal\u0161\u00edm utk\u00e1n\u00ed I. A t\u0159\u00eddy n\u00e1s \u010dek\u00e1 velmi zaj\u00edmav\u00fd a nevyzpytateln\u00fd soupe\u0159 a to Viktoria Chlebi\u010dov. V&nbsp;sou\u010dasn\u00e9 dob\u011b je<span class=\"excerpt-hellip\"> [\u2026]<\/span><\/p>\n","protected":false},"author":3,"featured_media":3370,"comment_status":"closed","ping_status":"open","sticky":false,"template":"","format":"standard","meta":{"ngg_post_thumbnail":0,"footnotes":""},"categories":[115,112,110,107,117,103,111,102],"tags":[],"class_list":["post-6153","post","type-post","status-publish","format-standard","has-post-thumbnail","hentry","category-a-tym","category-b-tym","category-dorost","category-fotbal","category-mladsi-zaci","category-pozvanky","category-starsi-zaci","category-zapasy"],"_links":{"self":[{"href":"https:\/\/tjsokolkoberice.cz\/index.php?rest_route=\/wp\/v2\/posts\/6153","targetHints":{"allow":["GET"]}}],"collection":[{"href":"https:\/\/tjsokolkoberice.cz\/index.php?rest_route=\/wp\/v2\/posts"}],"about":[{"href":"https:\/\/tjsokolkoberice.cz\/index.php?rest_route=\/wp\/v2\/types\/post"}],"author":[{"embeddable":true,"href":"https:\/\/tjsokolkoberice.cz\/index.php?rest_route=\/wp\/v2\/users\/3"}],"replies":[{"embeddable":true,"href":"https:\/\/tjsokolkoberice.cz\/index.php?rest_route=%2Fwp%2Fv2%2Fcomments&post=6153"}],"version-history":[{"count":1,"href":"https:\/\/tjsokolkoberice.cz\/index.php?rest_route=\/wp\/v2\/posts\/6153\/revisions"}],"predecessor-version":[{"id":6154,"href":"https:\/\/tjsokolkoberice.cz\/index.php?rest_route=\/wp\/v2\/posts\/6153\/revisions\/6154"}],"wp:featuredmedia":[{"embeddable":true,"href":"https:\/\/tjsokolkoberice.cz\/index.php?rest_route=\/wp\/v2\/media\/3370"}],"wp:attachment":[{"href":"https:\/\/tjsokolkoberice.cz\/index.php?rest_route=%2Fwp%2Fv2%2Fmedia&parent=6153"}],"wp:term":[{"taxonomy":"category","embeddable":true,"href":"https:\/\/tjsokolkoberice.cz\/index.php?rest_route=%2Fwp%2Fv2%2Fcategories&post=6153"},{"taxonomy":"post_tag","embeddable":true,"href":"https:\/\/tjsokolkoberice.cz\/index.php?rest_route=%2Fwp%2Fv2%2Ftags&post=6153"}],"curies":[{"name":"wp","href":"https:\/\/api.w.org\/{rel}","templated":true}]}}