{"id":6185,"date":"2019-05-17T11:57:54","date_gmt":"2019-05-17T10:57:54","guid":{"rendered":"https:\/\/tjsokolkoberice.cz\/?p=6185"},"modified":"2025-10-14T11:52:46","modified_gmt":"2025-10-14T10:52:46","slug":"vikendovy-program-nasich-muzstev-63","status":"publish","type":"post","link":"https:\/\/tjsokolkoberice.cz\/?p=6185","title":{"rendered":"V\u00edkendov\u00fd program na\u0161ich mu\u017estev"},"content":{"rendered":"<p style=\"text-align: justify;\"><span style=\"font-size: 12pt; font-family: helvetica, arial, sans-serif;\"><strong>V&nbsp;ned\u011bli host\u00edme FK Darkovi\u010dky<\/strong><\/span><\/p>\n<p style=\"text-align: justify;\"><span style=\"font-size: 12pt; font-family: helvetica, arial, sans-serif;\">V&nbsp;n\u00e1sleduj\u00edc\u00edm utk\u00e1n\u00ed I. A t\u0159\u00eddy n\u00e1s \u010dek\u00e1 dal\u0161\u00ed zaj\u00edmav\u00fd soupe\u0159 a to Darkovi\u010dky. V&nbsp;sou\u010dasn\u00e9 dob\u011b je mu\u017estvo Darkovi\u010dek na 8. m\u00edst\u011b se ziskem 24 bod\u016f, kdy\u017e vyhr\u00e1lo 6 utk\u00e1n\u00ed, 6x remizovalo a 8x prohr\u00e1lo. Vs\u00edtilo 30 a obdr\u017eelo 37 branek. M\u00e1 sice negativn\u00ed sk\u00f3re, ale mus\u00edme i p\u0159esto hr\u00e1t d\u016fsledn\u011b. Mus\u00edme db\u00e1t na to, \u017ee ka\u017ed\u00e9 utk\u00e1n\u00ed m\u00e1 jin\u00fd v\u00fdvoj a hraje se od nuly. I tentokr\u00e1t tomu nebude jinak. Na\u0161i hr\u00e1\u010di nesm\u00ed tohoto soupe\u0159e podcenit a m\u011bli by se sna\u017eit napravit ne\u00fasp\u011bchy z&nbsp;minul\u00fdch dvou utk\u00e1n\u00ed. Podzimn\u00ed vz\u00e1jemn\u00fd duel skon\u010dil bez branek.<\/span><\/p>\n<p style=\"text-align: justify;\"><span style=\"font-size: 12pt; font-family: helvetica, arial, sans-serif;\"><strong>Zveme v\u0161echny na\u0161e fotbalov\u00e9 fanou\u0161ky na utk\u00e1n\u00ed krajsk\u00e9 sout\u011b\u017ee I. A t\u0159\u00eddy TJ Sokol Kobe\u0159ice \u2013 Darkovi\u010dky, kter\u00e9 se bude hr\u00e1t v&nbsp;ned\u011bli 19. kv\u011btna 2019 od 17:00 hodin na na\u0161em h\u0159i\u0161ti. P\u0159ijdte&nbsp; v&nbsp;hojn\u00e9m po\u010dtu povzbuzovat na\u0161e fotbalisty!<\/strong><\/span><\/p>\n<p style=\"text-align: justify;\">&nbsp;<\/p>\n<p style=\"text-align: justify;\"><span style=\"font-size: 12pt; font-family: helvetica, arial, sans-serif;\"><strong><u>Program I. A t\u0159\u00eddy v&nbsp;tomto a p\u0159\u00ed\u0161t\u00edm&nbsp;kole<\/u><\/strong><\/span><\/p>\n<table width=\"0\">\n<tbody>\n<tr>\n<td width=\"322\"><span style=\"font-size: 12pt; font-family: helvetica, arial, sans-serif;\">Jakub\u010dovice &#8211; V\u0159esina<\/span><\/td>\n<td width=\"322\"><span style=\"font-size: 12pt; font-family: helvetica, arial, sans-serif;\">Darkovi\u010dky &#8211; Mokr\u00e9 Lazce<\/span><\/td>\n<\/tr>\n<tr>\n<td width=\"322\"><span style=\"font-size: 12pt; font-family: helvetica, arial, sans-serif;\">Fulnek &#8211; Slavkov<\/span><\/td>\n<td width=\"322\"><span style=\"font-size: 12pt; font-family: helvetica, arial, sans-serif;\">Ludge\u0159ovice &#8211; Chlebi\u010dov<\/span><\/td>\n<\/tr>\n<tr>\n<td width=\"322\"><span style=\"font-size: 12pt; font-family: helvetica, arial, sans-serif;\">Velk\u00e9 Heraltice &#8211; \u0160t\u011bp\u00e1nkovice<\/span><\/td>\n<td width=\"322\"><span style=\"font-size: 12pt; font-family: helvetica, arial, sans-serif;\">\u0160t\u011bp\u00e1nkovice &#8211; Fulnek<\/span><\/td>\n<\/tr>\n<tr>\n<td width=\"322\"><span style=\"font-size: 12pt; font-family: helvetica, arial, sans-serif;\">Mokr\u00e9 Lazce &#8211; Ludge\u0159ovice<\/span><\/td>\n<td width=\"322\"><span style=\"font-size: 12pt; font-family: helvetica, arial, sans-serif;\">Slavkov &#8211; Jakub\u010dovice<\/span><\/td>\n<\/tr>\n<tr>\n<td width=\"322\"><span style=\"font-size: 12pt; font-family: helvetica, arial, sans-serif;\"><strong>Kobe\u0159ice<\/strong> &#8211; <strong>Darkovi\u010dky<\/strong><\/span><\/td>\n<td width=\"322\"><span style=\"font-size: 12pt; font-family: helvetica, arial, sans-serif;\">V\u0159esina &#8211; Bolatice<\/span><\/td>\n<\/tr>\n<tr>\n<td width=\"322\"><span style=\"font-size: 12pt; font-family: helvetica, arial, sans-serif;\">Bolatice &#8211; Krava\u0159<strong>e<\/strong><\/span><\/td>\n<td width=\"322\"><span style=\"font-size: 12pt; font-family: helvetica, arial, sans-serif;\"><strong>Krava\u0159e<\/strong> &#8211; <strong>Kobe\u0159ice<\/strong><\/span><\/td>\n<\/tr>\n<\/tbody>\n<\/table>\n<p style=\"text-align: justify;\"><span style=\"font-size: 12pt; font-family: helvetica, arial, sans-serif;\"><strong>&nbsp;<\/strong><\/span><\/p>\n<p style=\"text-align: justify;\"><span style=\"font-size: 12pt; font-family: helvetica, arial, sans-serif;\"><strong>Mu\u017ei \u201eB\u201c budou hr\u00e1t se Slavi\u00ed Opava<\/strong><\/span><\/p>\n<p style=\"text-align: justify;\"><span style=\"font-family: helvetica, arial, sans-serif; font-size: 12pt;\">Po dom\u00e1c\u00ed por\u00e1\u017ece s&nbsp;B\u0159ezovou budou hr\u00e1t na\u0161i mu\u017ei B na h\u0159i\u0161ti Slavie Opava, kter\u00e1 je v&nbsp;sou\u010dasn\u00e9 dob\u011b na 1. m\u00edst\u011b. Na sv\u00e9m kont\u011b m\u00e1 46 bod\u016f, kdy\u017e 14 x vyhr\u00e1la, 4x remizovala a 3x prohr\u00e1la. Vs\u00edtila 52 a obdr\u017eela 22 branek.&nbsp;&nbsp;<\/span><\/p>\n<p style=\"text-align: justify;\"><span style=\"font-size: 12pt; font-family: helvetica, arial, sans-serif;\">Na\u0161i hr\u00e1\u010di jsou v&nbsp;okresn\u00edm p\u0159eboru posledn\u00ed s osmi body, kdy\u017e 2x vyhr\u00e1li, 2x rem\u00edzovali a 17x prohr\u00e1li. V tomto utk\u00e1n\u00ed je soupe\u0159 favoritem, ale na\u0161i hr\u00e1\u010di by m\u011bli kone\u010dn\u011b vyu\u017e\u00edt toho, \u017ee na h\u0159i\u0161ti vedouc\u00edho celku nemaj\u00ed co ztratit. V\u011b\u0159me proto, \u017ee hr\u00e1\u010di p\u0159edvedou co nejlep\u0161\u00ed v\u00fdkon a \u017ee po z\u00e1pase budou na\u0161i fanou\u0161ci spokojen\u00ed.<\/span><\/p>\n<p style=\"text-align: justify;\"><span style=\"font-size: 12pt; font-family: helvetica, arial, sans-serif;\"><strong>V\u00e1\u017een\u00ed sportovn\u00ed p\u0159\u00e1tel\u00e9, zveme V\u00e1s na utk\u00e1n\u00ed okresn\u00edho p\u0159eboru Slavia Opava &#8211; &nbsp;Kobe\u0159ice B, kter\u00e9 se bude hr\u00e1t v&nbsp;sobotu 18. kv\u011btna 2019 od 17:00 hodin. P\u0159ij\u010fte na h\u0159i\u0161t\u011bm do Opavy &nbsp;povzbuzovat hr\u00e1\u010de na\u0161eho B mu\u017estva. <\/strong><\/span><\/p>\n<p style=\"text-align: justify;\">&nbsp;<\/p>\n<p style=\"text-align: justify;\"><span style=\"font-size: 12pt; font-family: helvetica, arial, sans-serif;\"><strong><u>Toto a p\u0159\u00ed\u0161t\u00ed kolo hraj\u00ed<\/u><\/strong><\/span><\/p>\n<table width=\"0\">\n<tbody>\n<tr>\n<td width=\"217\"><span style=\"font-size: 12pt; font-family: helvetica, arial, sans-serif;\">St\u011bbo\u0159ice &#8211; Jakartovice<\/span><\/td>\n<td width=\"217\"><span style=\"font-size: 12pt; font-family: helvetica, arial, sans-serif;\">\u0160t\u00edtina &#8211; St\u011bbo\u0159ice<\/span><\/td>\n<\/tr>\n<tr>\n<td width=\"217\"><span style=\"font-size: 12pt; font-family: helvetica, arial, sans-serif;\"><strong>Kobe\u0159ice &#8222;B&#8220;<\/strong> &#8211; <strong>B\u0159ezov\u00e1<\/strong><\/span><\/td>\n<td width=\"217\"><span style=\"font-size: 12pt; font-family: helvetica, arial, sans-serif;\">T\u011b\u0161kovice &#8211; Slu\u017eovice<\/span><\/td>\n<\/tr>\n<tr>\n<td width=\"217\"><span style=\"font-size: 12pt; font-family: helvetica, arial, sans-serif;\">Hlavnice &#8211; V\u0159esina<\/span><\/td>\n<td width=\"217\"><span style=\"font-size: 12pt; font-family: helvetica, arial, sans-serif;\">Dobroslavice &#8211; Hlavnice<\/span><\/td>\n<\/tr>\n<tr>\n<td width=\"217\"><span style=\"font-size: 12pt; font-family: helvetica, arial, sans-serif;\">Slu\u017eovice &#8211; Dobroslavice<\/span><\/td>\n<td width=\"217\"><span style=\"font-size: 12pt; font-family: helvetica, arial, sans-serif;\"><strong>Slavia Opava<\/strong> &#8211; <strong>Kobe\u0159ice &#8222;B&#8220;<\/strong><\/span><\/td>\n<\/tr>\n<tr>\n<td width=\"217\"><span style=\"font-size: 12pt; font-family: helvetica, arial, sans-serif;\">\u0160t\u00edtina &#8211; T\u011b\u0161kovice<\/span><\/td>\n<td width=\"217\"><span style=\"font-size: 12pt; font-family: helvetica, arial, sans-serif;\">B\u0159ezov\u00e1 &#8211; P\u00ed\u0161\u0165<\/span><\/td>\n<\/tr>\n<tr>\n<td width=\"217\"><span style=\"font-size: 12pt; font-family: helvetica, arial, sans-serif;\">Litultovice &#8211; Slavia Opava<\/span><\/td>\n<td width=\"217\"><span style=\"font-size: 12pt; font-family: helvetica, arial, sans-serif;\">V\u00e1vrovice &#8211; Jakartovice<\/span><\/td>\n<\/tr>\n<tr>\n<td width=\"217\"><span style=\"font-size: 12pt; font-family: helvetica, arial, sans-serif;\">P\u00ed\u0161\u0165 &#8211; V\u00e1vrovice<\/span><\/td>\n<td width=\"217\"><span style=\"font-size: 12pt; font-family: helvetica, arial, sans-serif;\">V\u0159esina &#8211; Litultovice<\/span><\/td>\n<\/tr>\n<\/tbody>\n<\/table>\n<p style=\"text-align: justify;\">&nbsp;<\/p>\n<p style=\"text-align: justify;\"><span style=\"font-size: 12pt; font-family: helvetica, arial, sans-serif;\"><strong>Dorostenci budou hr\u00e1t p\u0159edz\u00e1pase hlavn\u00edho utk\u00e1n\u00ed s&nbsp;Darkovi\u010dkami<\/strong><strong> &nbsp;&nbsp;&nbsp;&nbsp;&nbsp;&nbsp;&nbsp;&nbsp;&nbsp;&nbsp;&nbsp;&nbsp;&nbsp;&nbsp;&nbsp;&nbsp;&nbsp;&nbsp;&nbsp;&nbsp;&nbsp;&nbsp;&nbsp;&nbsp;&nbsp;&nbsp;&nbsp;&nbsp;&nbsp;<\/strong>&nbsp;&nbsp;<\/span><\/p>\n<p style=\"text-align: justify;\"><span style=\"font-size: 12pt; font-family: helvetica, arial, sans-serif;\">Po utk\u00e1n\u00ed se Svinovem, kde na\u0161i dorostenci remizovali 2:2, budou hr\u00e1t v&nbsp;p\u0159edz\u00e1pase hlavn\u00edho utk\u00e1n\u00ed s&nbsp;Darkovi\u010dkami. Mu\u017estvo Darkovi\u010dek je se ziskem 43 bod\u016f na 4. m\u00edst\u011b krajsk\u00e9 sout\u011b\u017ee dorostu. Vyhr\u00e1lo 14 utk\u00e1n\u00ed, jednou remizovalo a v&nbsp;sedmi utk\u00e1n\u00edch prohr\u00e1lo.<\/span><\/p>\n<p style=\"text-align: justify;\"><span style=\"font-size: 12pt; font-family: helvetica, arial, sans-serif;\">Na\u0161i kluci jsou na 2. M\u00edst\u011b, kdy\u017e 15x &nbsp;vyhr\u00e1li, jednou remiizovali &nbsp;a v&nbsp;p\u011bti utk\u00e1n\u00edch &nbsp;prohr\u00e1li. Podzimn\u00ed duel skon\u010dil v\u00edt\u011bzstv\u00edm Darkovi\u010dek 2:1. &nbsp;<\/span><\/p>\n<p style=\"text-align: justify;\"><span style=\"font-size: 12pt; font-family: helvetica, arial, sans-serif;\"><strong>V\u00e1\u017een\u00ed fotbalov\u00ed p\u0159\u00e1tel\u00e9, zveme V\u00e1s na utk\u00e1n\u00ed krajsk\u00e9 sout\u011b\u017ee dorostu Kobe\u0159ice &#8211; Darkovi\u010dky, kter\u00e9 se hraje v&nbsp;ned\u011bli 19. kv\u011btna 2019 od 14:45 hodin na\u0161em h\u0159i\u0161ti.&nbsp; &nbsp;&nbsp;P\u0159ije\u010fte povzbudit na\u0161e dorostence! &nbsp;&nbsp;&nbsp;&nbsp;&nbsp;&nbsp;&nbsp;&nbsp;&nbsp;&nbsp;&nbsp;&nbsp;&nbsp;&nbsp;&nbsp;&nbsp;&nbsp;&nbsp;&nbsp;&nbsp;&nbsp;&nbsp;&nbsp;&nbsp;&nbsp;&nbsp;&nbsp;&nbsp;&nbsp;&nbsp;&nbsp;&nbsp;&nbsp;&nbsp;&nbsp;&nbsp;&nbsp;&nbsp;&nbsp;&nbsp;&nbsp;&nbsp;&nbsp;&nbsp;&nbsp;&nbsp;&nbsp;&nbsp;&nbsp;&nbsp;&nbsp;&nbsp;&nbsp;&nbsp;&nbsp;&nbsp;&nbsp;&nbsp;&nbsp;&nbsp;&nbsp;&nbsp;&nbsp;&nbsp;&nbsp;&nbsp;&nbsp;&nbsp;&nbsp;&nbsp;&nbsp;&nbsp;&nbsp;&nbsp;&nbsp;&nbsp;&nbsp;&nbsp;&nbsp;&nbsp;&nbsp;&nbsp;&nbsp;&nbsp;&nbsp;&nbsp;&nbsp;&nbsp;&nbsp;&nbsp;&nbsp;&nbsp;&nbsp;&nbsp;&nbsp;&nbsp;&nbsp;&nbsp;&nbsp;&nbsp;&nbsp;&nbsp;&nbsp;&nbsp;&nbsp;&nbsp;&nbsp;&nbsp;&nbsp;&nbsp;&nbsp;&nbsp;&nbsp;&nbsp;&nbsp;&nbsp;&nbsp;&nbsp;&nbsp;&nbsp;&nbsp;&nbsp;&nbsp;&nbsp;&nbsp;&nbsp;&nbsp;&nbsp;&nbsp;&nbsp;&nbsp;&nbsp;&nbsp;&nbsp;&nbsp;&nbsp;&nbsp;&nbsp;&nbsp;<\/strong><\/span><\/p>\n<p style=\"text-align: justify;\"><span style=\"font-size: 12pt; font-family: helvetica, arial, sans-serif;\"><strong><u>Toto &nbsp;a p\u0159\u00ed\u0161t\u00ed kolo hraj\u00ed<\/u><\/strong><\/span><\/p>\n<table width=\"0\">\n<tbody>\n<tr>\n<td width=\"249\"><span style=\"font-size: 12pt; font-family: helvetica, arial, sans-serif;\">Hradec nad Moravic\u00ed &#8211; Polanka<\/span><\/td>\n<td width=\"249\"><span style=\"font-size: 12pt; font-family: helvetica, arial, sans-serif;\">Polanka &#8211; Doln\u00ed Lhota<\/span><\/td>\n<\/tr>\n<tr>\n<td width=\"249\"><span style=\"font-size: 12pt; font-family: helvetica, arial, sans-serif;\">R\u00fdma\u0159ov &#8211; Velk\u00e1 Polom<\/span><\/td>\n<td width=\"249\"><span style=\"font-size: 12pt; font-family: helvetica, arial, sans-serif;\">Fulnek &#8211; Doln\u00ed Bene\u0161ov<\/span><\/td>\n<\/tr>\n<tr>\n<td width=\"249\"><span style=\"font-size: 12pt; font-family: helvetica, arial, sans-serif;\">Doln\u00ed Lhota &#8211; V\u0159esina<\/span><\/td>\n<td width=\"249\"><span style=\"font-size: 12pt; font-family: helvetica, arial, sans-serif;\">Svinov &#8211; Sv\u011btl\u00e1 Hora<\/span><\/td>\n<\/tr>\n<tr>\n<td width=\"249\"><span style=\"font-size: 12pt; font-family: helvetica, arial, sans-serif;\"><strong>Kobe\u0159ice<\/strong> &#8211; <strong>Darkovi\u010dky<\/strong><\/span><\/td>\n<td width=\"249\"><span style=\"font-size: 12pt; font-family: helvetica, arial, sans-serif;\"><strong>Velk\u00e1 Polom<\/strong> &#8211; <strong>Kobe\u0159ice<\/strong><\/span><\/td>\n<\/tr>\n<tr>\n<td width=\"249\"><span style=\"font-size: 12pt; font-family: helvetica, arial, sans-serif;\">Doln\u00ed Bene\u0161ov &#8211; H\u00e1j ve Slezsku<\/span><\/td>\n<td width=\"249\"><span style=\"font-size: 12pt; font-family: helvetica, arial, sans-serif;\">V\u0159esina &#8211; R\u00fdma\u0159ov<\/span><\/td>\n<\/tr>\n<tr>\n<td width=\"249\"><span style=\"font-size: 12pt; font-family: helvetica, arial, sans-serif;\">Hlu\u010d\u00edn B &#8211; Svinov<\/span><\/td>\n<td width=\"249\"><span style=\"font-size: 12pt; font-family: helvetica, arial, sans-serif;\">Darkovi\u010dky &#8211; Hlu\u010d\u00edn B<\/span><\/td>\n<\/tr>\n<tr>\n<td width=\"249\"><span style=\"font-size: 12pt; font-family: helvetica, arial, sans-serif;\">Sv\u011btl\u00e1 Hora \u2013Fulnek &nbsp;<\/span><\/td>\n<td width=\"249\"><span style=\"font-size: 12pt; font-family: helvetica, arial, sans-serif;\">H\u00e1j ve Slezsku &#8211; Hradec nad Moravic\u00ed<\/span><\/td>\n<\/tr>\n<\/tbody>\n<\/table>\n<p style=\"text-align: justify;\">&nbsp;<\/p>\n<p style=\"text-align: justify;\">&nbsp;<\/p>\n<p style=\"text-align: justify;\"><span style=\"font-size: 12pt; font-family: helvetica, arial, sans-serif;\">P\u0159\u00ed\u0161t\u00ed utk\u00e1n\u00ed sehraj\u00ed \u017e\u00e1ci na h\u0159i\u0161ti soupe\u0159e MFK Karvin\u00e1. Utk\u00e1n\u00ed se bude hr\u00e1t v&nbsp;ned\u011bli &nbsp;19. kv\u011btna &nbsp;2019 &nbsp;od 9:00hodin pro star\u0161\u00ed \u017e\u00e1ky a od 10:45 &nbsp;pro mlad\u0161\u00ed \u017e\u00e1ky. Zveme v\u0161echny p\u0159\u00edznivce na\u0161\u00edch star\u0161\u00edch i mlad\u0161\u00edch \u017e\u00e1k\u016f.<\/span><\/p>\n<p style=\"text-align: justify;\">&nbsp;<\/p>\n<p style=\"text-align: justify;\"><span style=\"font-size: 12pt; font-family: helvetica, arial, sans-serif;\"><strong>Sokol\u010data s&nbsp;Krnovem<\/strong><\/span><\/p>\n<p style=\"text-align: justify;\"><span style=\"font-size: 12pt; font-family: helvetica, arial, sans-serif;\"><strong>Dal\u0161\u00ed utk\u00e1n\u00ed odehraj\u00ed na\u0161i nejmen\u0161\u00ed, fotbalov\u00e1 \u0161koli\u010dka zvan\u00e1 Sokol\u010data. Utkaj\u00ed se tuto sobotu 18.5.2019 od 10 hod. na na\u0161em h\u0159i\u0161ti s&nbsp;Krnovem. P\u0159ij\u010fte povzbudit na\u0161e nad\u011bje!<\/strong><\/span><\/p>\n","protected":false},"excerpt":{"rendered":"<p>V&nbsp;ned\u011bli host\u00edme FK Darkovi\u010dky V&nbsp;n\u00e1sleduj\u00edc\u00edm utk\u00e1n\u00ed I. A t\u0159\u00eddy n\u00e1s \u010dek\u00e1 dal\u0161\u00ed zaj\u00edmav\u00fd soupe\u0159 a to Darkovi\u010dky. V&nbsp;sou\u010dasn\u00e9 dob\u011b je mu\u017estvo Darkovi\u010dek na 8. m\u00edst\u011b se<span class=\"excerpt-hellip\"> [\u2026]<\/span><\/p>\n","protected":false},"author":3,"featured_media":3787,"comment_status":"closed","ping_status":"open","sticky":false,"template":"","format":"standard","meta":{"ngg_post_thumbnail":0,"footnotes":""},"categories":[115,112,110,107,117,103,204,111,102],"tags":[],"class_list":["post-6185","post","type-post","status-publish","format-standard","has-post-thumbnail","hentry","category-a-tym","category-b-tym","category-dorost","category-fotbal","category-mladsi-zaci","category-pozvanky","category-sokolcata","category-starsi-zaci","category-zapasy"],"_links":{"self":[{"href":"https:\/\/tjsokolkoberice.cz\/index.php?rest_route=\/wp\/v2\/posts\/6185","targetHints":{"allow":["GET"]}}],"collection":[{"href":"https:\/\/tjsokolkoberice.cz\/index.php?rest_route=\/wp\/v2\/posts"}],"about":[{"href":"https:\/\/tjsokolkoberice.cz\/index.php?rest_route=\/wp\/v2\/types\/post"}],"author":[{"embeddable":true,"href":"https:\/\/tjsokolkoberice.cz\/index.php?rest_route=\/wp\/v2\/users\/3"}],"replies":[{"embeddable":true,"href":"https:\/\/tjsokolkoberice.cz\/index.php?rest_route=%2Fwp%2Fv2%2Fcomments&post=6185"}],"version-history":[{"count":1,"href":"https:\/\/tjsokolkoberice.cz\/index.php?rest_route=\/wp\/v2\/posts\/6185\/revisions"}],"predecessor-version":[{"id":6186,"href":"https:\/\/tjsokolkoberice.cz\/index.php?rest_route=\/wp\/v2\/posts\/6185\/revisions\/6186"}],"wp:featuredmedia":[{"embeddable":true,"href":"https:\/\/tjsokolkoberice.cz\/index.php?rest_route=\/wp\/v2\/media\/3787"}],"wp:attachment":[{"href":"https:\/\/tjsokolkoberice.cz\/index.php?rest_route=%2Fwp%2Fv2%2Fmedia&parent=6185"}],"wp:term":[{"taxonomy":"category","embeddable":true,"href":"https:\/\/tjsokolkoberice.cz\/index.php?rest_route=%2Fwp%2Fv2%2Fcategories&post=6185"},{"taxonomy":"post_tag","embeddable":true,"href":"https:\/\/tjsokolkoberice.cz\/index.php?rest_route=%2Fwp%2Fv2%2Ftags&post=6185"}],"curies":[{"name":"wp","href":"https:\/\/api.w.org\/{rel}","templated":true}]}}