{"id":6207,"date":"2019-05-31T16:54:42","date_gmt":"2019-05-31T15:54:42","guid":{"rendered":"https:\/\/tjsokolkoberice.cz\/?p=6207"},"modified":"2025-10-14T11:52:45","modified_gmt":"2025-10-14T10:52:45","slug":"vikendovy-program-nasich-muzstev-64","status":"publish","type":"post","link":"https:\/\/tjsokolkoberice.cz\/?p=6207","title":{"rendered":"V\u00edkendov\u00fd program na\u0161ich mu\u017estev"},"content":{"rendered":"<p style=\"text-align: justify;\"><span style=\"font-size: 12pt; font-family: helvetica, arial, sans-serif;\"><strong>Mu\u017ei A budou hr\u00e1t v&nbsp;dom\u00e1c\u00edm prost\u0159ed\u00ed s&nbsp;V\u0159esinou&nbsp; <\/strong><\/span><\/p>\n<p style=\"text-align: justify;\"><span style=\"font-size: 12pt; font-family: helvetica, arial, sans-serif;\">Po skv\u011bl\u00e9m v\u00edt\u011bzstv\u00ed v&nbsp;Krava\u0159\u00edch budou fotbalist\u00e9 A mu\u017estva hr\u00e1t v&nbsp;dom\u00e1c\u00edm prost\u0159ed\u00ed, kde se st\u0159etnou s&nbsp;mu\u017estvem V\u0159esiny u Ostravy. Ta je v&nbsp;sou\u010dasn\u00e9 dob\u011b na 11. m\u00edst\u011b, kdy\u017e z\u00edskala 21 bod\u016f za 5 v\u00edt\u011bzstv\u00ed, 6x remizovala a 11x byla pora\u017eena. Do utk\u00e1n\u00ed s&nbsp;na\u0161imi borci nastupuje po rem\u00edze v&nbsp;Bolatic\u00edch v&nbsp;pom\u011bru 1:1. Nejlep\u0161\u00edm st\u0159elcem V\u0159esiny je se \u0161esti brankami Ale\u0161 Hlou\u0161ek.<\/span><\/p>\n<p style=\"text-align: justify;\"><span style=\"font-size: 12pt; font-family: helvetica, arial, sans-serif;\">Hr\u00e1\u010di na\u0161eho celku maj\u00ed 47 bod\u016f a jsou na pr\u016fb\u011b\u017en\u00e9m 2. m\u00edst\u011b, kdy\u017e 14x vyhr\u00e1li, 5x remizovali a 2 x prohr\u00e1li. Nejv\u00edce branek v&nbsp;dresu na\u0161eho celku vs\u00edtil Adam \u0160ime\u010dek (11), n\u00e1sleduje Anton\u00edn Kubn\u00fd s&nbsp;10 trefami. Mu\u017estvo V\u0159esiny je sice podle pap\u00edrov\u00fdch p\u0159edpoklad\u00fa v&nbsp;tomto utk\u00e1n\u00ed outsider, ale rozhodn\u011b jej nem\u016f\u017eeme podcenit a mus\u00edme bojovat a\u017e do konce.<\/span><\/p>\n<p style=\"text-align: justify;\"><span style=\"font-size: 12pt; font-family: helvetica, arial, sans-serif;\"><strong>Utk\u00e1n\u00ed 25. Kola 1. A t\u0159\u00eddy Kobe\u0159ice &#8211; V\u0159esina se bude hr\u00e1t v&nbsp;ned\u011bli 2. \u010dervna 2019 od 17:00 hodin. Zveme v\u0161echny p\u0159\u00edznivce na\u0161eho A mu\u017estva.&nbsp; <\/strong><\/span><\/p>\n<p style=\"text-align: justify;\"><span style=\"font-size: 12pt; font-family: helvetica, arial, sans-serif;\"><strong>&nbsp;<\/strong><\/span><\/p>\n<p style=\"text-align: justify;\"><span style=\"font-size: 12pt; font-family: helvetica, arial, sans-serif;\"><strong><u>Program I. A t\u0159\u00eddy v&nbsp;tomto a p\u0159\u00ed\u0161t\u00edm kole<\/u><\/strong><\/span><\/p>\n<table width=\"0\">\n<tbody>\n<tr>\n<td width=\"322\"><span style=\"font-size: 12pt; font-family: helvetica, arial, sans-serif;\">Chlebi\u010dov &#8211; Darkovi\u010dky<\/span><\/td>\n<td width=\"322\"><span style=\"font-size: 12pt; font-family: helvetica, arial, sans-serif;\">Darkovi\u010dky &#8211; Ludge\u0159ovice<\/span><\/td>\n<\/tr>\n<tr>\n<td width=\"322\"><span style=\"font-size: 12pt; font-family: helvetica, arial, sans-serif;\">Jakub\u010dovice &#8211; \u0160t\u011bp\u00e1nkovice<\/span><\/td>\n<td width=\"322\"><span style=\"font-size: 12pt; font-family: helvetica, arial, sans-serif;\">Velk\u00e9 Heraltice &#8211; Jakub\u010dovice<\/span><\/td>\n<\/tr>\n<tr>\n<td width=\"322\"><span style=\"font-size: 12pt; font-family: helvetica, arial, sans-serif;\">Fulnek &#8211; Velk\u00e9 Heraltice<\/span><\/td>\n<td width=\"322\"><span style=\"font-size: 12pt; font-family: helvetica, arial, sans-serif;\">\u0160t\u011bp\u00e1nkovice &#8211; Bolatice<\/span><\/td>\n<\/tr>\n<tr>\n<td width=\"322\"><span style=\"font-size: 12pt; font-family: helvetica, arial, sans-serif;\">Mokr\u00e9 Lazce &#8211; Krava\u0159e<\/span><\/td>\n<td width=\"322\"><span style=\"font-size: 12pt; font-family: helvetica, arial, sans-serif;\"><strong>Slavkov<\/strong> &#8211; <strong>Kobe\u0159ice<\/strong><\/span><\/td>\n<\/tr>\n<tr>\n<td width=\"322\"><span style=\"font-size: 12pt; font-family: helvetica, arial, sans-serif;\"><strong>Kobe\u0159ice<\/strong> &#8211; <strong>V\u0159esina<\/strong><\/span><\/td>\n<td width=\"322\"><span style=\"font-size: 12pt; font-family: helvetica, arial, sans-serif;\">V\u0159esina &#8211; Mokr\u00e9 Lazce<\/span><\/td>\n<\/tr>\n<tr>\n<td width=\"322\"><span style=\"font-size: 12pt; font-family: helvetica, arial, sans-serif;\">Bolatice &#8211; Slavkov<\/span><\/td>\n<td width=\"322\"><span style=\"font-size: 12pt; font-family: helvetica, arial, sans-serif;\">Krava\u0159e &#8211; Chlebi\u010dov<\/span><\/td>\n<\/tr>\n<\/tbody>\n<\/table>\n<p style=\"text-align: justify;\">&nbsp;<\/p>\n<p style=\"text-align: justify;\"><span style=\"font-size: 12pt; font-family: helvetica, arial, sans-serif;\"><strong>Mu\u017ei \u201eB\u201c jedou na h\u0159i\u0161t\u011b Dobroslavic <\/strong><\/span><\/p>\n<p style=\"text-align: justify;\"><span style=\"font-size: 12pt; font-family: helvetica, arial, sans-serif;\">Po dal\u0161\u00ed vysok\u00e9 por\u00e1\u017ece budou hr\u00e1t na\u0161i mu\u017ei B na h\u0159i\u0161ti Dobroslavic, kter\u00e9 jsou na 12. m\u00edst\u011b se ziskem 23 bod\u016f, kdy\u017e 7x vyhr\u00e1ly, 2x remizovaly a 13 x prohr\u00e1ly.<\/span><\/p>\n<p style=\"text-align: justify;\"><span style=\"font-size: 12pt; font-family: helvetica, arial, sans-serif;\">Na\u0161i hr\u00e1\u010di jsou v&nbsp;okresn\u00edm p\u0159eboru posledn\u00ed s osmi body, kdy\u017e 2x vyhr\u00e1li, 2x rem\u00edzovali a 19x prohr\u00e1li. V tomto utk\u00e1n\u00ed nejsme dle v\u00fdsledk\u016f favority, ale m\u016f\u017eeme sv\u00e9ho soupe\u0159e zasko\u010dit a protrhnout tak ne\u00fasp\u011bchy z&nbsp;minul\u00fdch utk\u00e1n\u00ed.&nbsp;<\/span><\/p>\n<p style=\"text-align: justify;\"><span style=\"font-size: 12pt; font-family: helvetica, arial, sans-serif;\"><strong>Utk\u00e1n\u00ed okresn\u00edho p\u0159eboru Dobroslavice &#8211; Kobe\u0159ice B se bude hr\u00e1t v&nbsp;sobotu 1.\u010dervna 2019 od 17:00 hodin. Zveme v\u0161echny p\u0159\u00edznivce na\u0161eho B mu\u017estva.&nbsp;<\/strong><\/span><\/p>\n<p style=\"text-align: justify;\"><span style=\"font-size: 12pt; font-family: helvetica, arial, sans-serif;\"><strong><u>Toto &nbsp;a p\u0159\u00ed\u0161t\u00ed kolo hraj\u00ed<\/u><\/strong><\/span><\/p>\n<table width=\"0\">\n<tbody>\n<tr>\n<td width=\"237\"><span style=\"font-size: 12pt; font-family: helvetica, arial, sans-serif;\"><strong>Dobroslavice<\/strong> &#8211; <strong>Kobe\u0159ice &#8222;B&#8220;<\/strong><\/span><\/td>\n<td width=\"237\"><span style=\"font-size: 12pt; font-family: helvetica, arial, sans-serif;\">St\u011bbo\u0159ice &#8211; B\u0159ezov\u00e1<\/span><\/td>\n<\/tr>\n<tr>\n<td width=\"237\"><span style=\"font-size: 12pt; font-family: helvetica, arial, sans-serif;\">\u0160t\u00edtina &#8211; Hlavnice<\/span><\/td>\n<td width=\"237\"><span style=\"font-size: 12pt; font-family: helvetica, arial, sans-serif;\">V\u00e1vrovice &#8211; Slavia Opava<\/span><\/td>\n<\/tr>\n<tr>\n<td width=\"237\"><span style=\"font-size: 12pt; font-family: helvetica, arial, sans-serif;\">Slavia Opava &#8211; Jakartovice<\/span><\/td>\n<td width=\"237\"><span style=\"font-size: 12pt; font-family: helvetica, arial, sans-serif;\">Jakartovice &#8211; V\u0159esina<\/span><\/td>\n<\/tr>\n<tr>\n<td width=\"237\"><span style=\"font-size: 12pt; font-family: helvetica, arial, sans-serif;\">B\u0159ezov\u00e1 &#8211; V\u00e1vrovice<\/span><\/td>\n<td width=\"237\"><span style=\"font-size: 12pt; font-family: helvetica, arial, sans-serif;\"><strong>Kobe\u0159ice &#8222;B&#8220;<\/strong> &#8211; <strong>T\u011b\u0161kovice<\/strong><\/span><\/td>\n<\/tr>\n<tr>\n<td width=\"237\"><span style=\"font-size: 12pt; font-family: helvetica, arial, sans-serif;\">V\u0159esina &#8211; P\u00ed\u0161\u0165<\/span><\/td>\n<td width=\"237\"><span style=\"font-size: 12pt; font-family: helvetica, arial, sans-serif;\">Hlavnice &#8211; Slu\u017eovice<\/span><\/td>\n<\/tr>\n<tr>\n<td width=\"237\"><span style=\"font-size: 12pt; font-family: helvetica, arial, sans-serif;\">Slu\u017eovice &#8211; St\u011bbo\u0159ice<\/span><\/td>\n<td width=\"237\"><span style=\"font-size: 12pt; font-family: helvetica, arial, sans-serif;\">Litultovice &#8211; \u0160t\u00edtina<\/span><\/td>\n<\/tr>\n<tr>\n<td width=\"237\"><span style=\"font-size: 12pt; font-family: helvetica, arial, sans-serif;\"><strong>&nbsp;<\/strong><\/span><\/td>\n<td width=\"237\"><span style=\"font-size: 12pt; font-family: helvetica, arial, sans-serif;\">P\u00ed\u0161\u0165 &#8211; Dobroslavice<\/span><\/td>\n<\/tr>\n<\/tbody>\n<\/table>\n<p style=\"text-align: justify;\">&nbsp;<\/p>\n<p style=\"text-align: justify;\"><span style=\"font-size: 12pt; font-family: helvetica, arial, sans-serif;\"><strong>Dorostenci budou hr\u00e1t s&nbsp;V\u0159esinou &nbsp;&nbsp;&nbsp;<\/strong><\/span><\/p>\n<p style=\"text-align: justify;\"><span style=\"font-size: 12pt; font-family: helvetica, arial, sans-serif;\">Po p\u0159edehr\u00e1van\u00e9m utk\u00e1n\u00ed v&nbsp;Polance, jeho\u017e v\u00fdsledek nebyl do uz\u00e1v\u011brky tohoto zpravodaje zn\u00e1m, budou na\u0161i dorostenci hr\u00e1t dnes v&nbsp;p\u0159edz\u00e1pase s&nbsp;dorostenci V\u0159esiny, kte\u0159\u00ed jsou na 12. m\u00edst\u011b tabulky krajsk\u00e9 sout\u011b\u017ee dorostu, kdy\u017e ve \u010dty\u0159ech utk\u00e1n\u00edch vyhr\u00e1li, ve t\u0159ech remizovali a v&nbsp;16 prohr\u00e1li.<\/span><\/p>\n<p style=\"text-align: justify;\"><span style=\"font-size: 12pt; font-family: helvetica, arial, sans-serif;\">Na\u0161i dorostenci jsou na 2. m\u00edst\u011b, kdy\u017e 17x vyhr\u00e1li, jednou remizovali a v&nbsp;p\u011bti utk\u00e1n\u00edch prohr\u00e1li. Vz\u00e1jemn\u00fd duel skon\u010dil na podzim na\u0161im v\u00edt\u011bzstv\u00edm 7:2. A tak doufejme, \u017ee na\u0161i kluci potvrd\u00ed v\u00edt\u011bzstv\u00ed z&nbsp;podzimu a i po tomto utk\u00e1n\u00ed budou m\u00edt dal\u0161\u00ed v\u00edt\u011bzstv\u00ed na sv\u00e9m kont\u011b.<\/span><\/p>\n<p style=\"text-align: justify;\"><span style=\"font-size: 12pt; font-family: helvetica, arial, sans-serif;\"><strong>V\u00e1\u017een\u00ed fotbalov\u00ed p\u0159\u00e1tel\u00e9, zveme V\u00e1s na utk\u00e1n\u00ed krajsk\u00e9 sout\u011b\u017ee dorostu Kobe\u0159ice &#8211; V\u0159esina, kter\u00e9 se hraje v&nbsp;ned\u011bli 2. \u010dervna 2019 od 14.45 hodin na na\u0161em h\u0159i\u0161ti.&nbsp; P\u0159ij\u010fte povzbudit na\u0161e dorostence! <\/strong><\/span><\/p>\n<p style=\"text-align: justify;\">&nbsp;<\/p>\n<p style=\"text-align: justify;\"><span style=\"font-size: 12pt; font-family: helvetica, arial, sans-serif;\"><strong><u>Toto &nbsp;a p\u0159\u00ed\u0161t\u00ed kolo hraj\u00ed<\/u><\/strong><\/span><\/p>\n<table width=\"0\">\n<tbody>\n<tr>\n<td width=\"249\"><span style=\"font-size: 12pt; font-family: helvetica, arial, sans-serif;\">Hradec &nbsp;&#8211; Doln\u00ed Bene\u0161ov<\/span><\/td>\n<td width=\"280\"><span style=\"font-size: 12pt; font-family: helvetica, arial, sans-serif;\"><strong>Polanka<\/strong> &#8211; <strong>Kobe\u0159ice<\/strong> bude se hr\u00e1t ve \u010dtvrtek 30. kv\u011btna<\/span><\/td>\n<\/tr>\n<tr>\n<td width=\"249\"><span style=\"font-size: 12pt; font-family: helvetica, arial, sans-serif;\">Sv\u011btl\u00e1 Hora &#8211; Darkovi\u010dky<\/span><\/td>\n<td width=\"280\"><span style=\"font-size: 12pt; font-family: helvetica, arial, sans-serif;\">Fulnek &#8211; Hradec nad Moravic\u00ed<\/span><\/td>\n<\/tr>\n<tr>\n<td width=\"249\"><span style=\"font-size: 12pt; font-family: helvetica, arial, sans-serif;\">Svinov &#8211; Fulnek<\/span><\/td>\n<td width=\"280\"><span style=\"font-size: 12pt; font-family: helvetica, arial, sans-serif;\">Darkovi\u010dky &#8211; Svinov<\/span><\/td>\n<\/tr>\n<tr>\n<td width=\"249\"><span style=\"font-size: 12pt; font-family: helvetica, arial, sans-serif;\">R\u00fdma\u0159ov &#8211; Polanka<\/span><\/td>\n<td width=\"280\"><span style=\"font-size: 12pt; font-family: helvetica, arial, sans-serif;\">Velk\u00e1 Polom &#8211; Sv\u011btl\u00e1 Hora<\/span><\/td>\n<\/tr>\n<tr>\n<td width=\"249\"><span style=\"font-size: 12pt; font-family: helvetica, arial, sans-serif;\">Doln\u00ed Lhota &#8211; H\u00e1j ve Slezsku<\/span><\/td>\n<td width=\"280\"><span style=\"font-size: 12pt; font-family: helvetica, arial, sans-serif;\">V\u0159esina &#8211; Hlu\u010d\u00edn B<\/span><\/td>\n<\/tr>\n<tr>\n<td width=\"249\"><span style=\"font-size: 12pt; font-family: helvetica, arial, sans-serif;\"><strong>Kobe\u0159ice<\/strong> &#8211; <strong>V\u0159esina<\/strong><\/span><\/td>\n<td width=\"280\"><span style=\"font-size: 12pt; font-family: helvetica, arial, sans-serif;\">Doln\u00ed Bene\u0161ov &#8211; Doln\u00ed Lhota<\/span><\/td>\n<\/tr>\n<tr>\n<td width=\"249\"><span style=\"font-size: 12pt; font-family: helvetica, arial, sans-serif;\">Hlu\u010d\u00edn B &#8211; Velk\u00e1 Polom<\/span><\/td>\n<td width=\"280\"><span style=\"font-size: 12pt; font-family: helvetica, arial, sans-serif;\">H\u00e1j ve Slezsku &#8211; R\u00fdma\u0159ov<\/span><\/td>\n<\/tr>\n<\/tbody>\n<\/table>\n<p style=\"text-align: justify;\">&nbsp;<\/p>\n<p style=\"text-align: justify;\"><span style=\"font-size: 12pt; font-family: helvetica, arial, sans-serif;\"><strong>P\u0159\u00ed\u0161t\u00ed utk\u00e1n\u00ed sehraj\u00ed star\u0161\u00ed a mlad\u0161\u00ed \u017e\u00e1ci v Bru\u0161perku. Utk\u00e1n\u00ed se bude hr\u00e1t v&nbsp;sobotu 1. \u010dervna &nbsp;2019 &nbsp;od 9:00 hodin pro star\u0161\u00ed \u017e\u00e1ky a od 10:45 &nbsp;pro mlad\u0161\u00ed \u017e\u00e1ky. Odjezd na utk\u00e1n\u00ed je v&nbsp;7:15 hodin. &nbsp;<\/strong><\/span><\/p>\n<p>&nbsp;<\/p>\n","protected":false},"excerpt":{"rendered":"<p>Mu\u017ei A budou hr\u00e1t v&nbsp;dom\u00e1c\u00edm prost\u0159ed\u00ed s&nbsp;V\u0159esinou&nbsp; Po skv\u011bl\u00e9m v\u00edt\u011bzstv\u00ed v&nbsp;Krava\u0159\u00edch budou fotbalist\u00e9 A mu\u017estva hr\u00e1t v&nbsp;dom\u00e1c\u00edm prost\u0159ed\u00ed, kde se st\u0159etnou s&nbsp;mu\u017estvem V\u0159esiny u Ostravy. Ta<span class=\"excerpt-hellip\"> [\u2026]<\/span><\/p>\n","protected":false},"author":3,"featured_media":3370,"comment_status":"closed","ping_status":"open","sticky":false,"template":"","format":"standard","meta":{"ngg_post_thumbnail":0,"footnotes":""},"categories":[115,112,110,107,103,102],"tags":[],"class_list":["post-6207","post","type-post","status-publish","format-standard","has-post-thumbnail","hentry","category-a-tym","category-b-tym","category-dorost","category-fotbal","category-pozvanky","category-zapasy"],"_links":{"self":[{"href":"https:\/\/tjsokolkoberice.cz\/index.php?rest_route=\/wp\/v2\/posts\/6207","targetHints":{"allow":["GET"]}}],"collection":[{"href":"https:\/\/tjsokolkoberice.cz\/index.php?rest_route=\/wp\/v2\/posts"}],"about":[{"href":"https:\/\/tjsokolkoberice.cz\/index.php?rest_route=\/wp\/v2\/types\/post"}],"author":[{"embeddable":true,"href":"https:\/\/tjsokolkoberice.cz\/index.php?rest_route=\/wp\/v2\/users\/3"}],"replies":[{"embeddable":true,"href":"https:\/\/tjsokolkoberice.cz\/index.php?rest_route=%2Fwp%2Fv2%2Fcomments&post=6207"}],"version-history":[{"count":1,"href":"https:\/\/tjsokolkoberice.cz\/index.php?rest_route=\/wp\/v2\/posts\/6207\/revisions"}],"predecessor-version":[{"id":6208,"href":"https:\/\/tjsokolkoberice.cz\/index.php?rest_route=\/wp\/v2\/posts\/6207\/revisions\/6208"}],"wp:featuredmedia":[{"embeddable":true,"href":"https:\/\/tjsokolkoberice.cz\/index.php?rest_route=\/wp\/v2\/media\/3370"}],"wp:attachment":[{"href":"https:\/\/tjsokolkoberice.cz\/index.php?rest_route=%2Fwp%2Fv2%2Fmedia&parent=6207"}],"wp:term":[{"taxonomy":"category","embeddable":true,"href":"https:\/\/tjsokolkoberice.cz\/index.php?rest_route=%2Fwp%2Fv2%2Fcategories&post=6207"},{"taxonomy":"post_tag","embeddable":true,"href":"https:\/\/tjsokolkoberice.cz\/index.php?rest_route=%2Fwp%2Fv2%2Ftags&post=6207"}],"curies":[{"name":"wp","href":"https:\/\/api.w.org\/{rel}","templated":true}]}}