{"id":6254,"date":"2019-06-15T10:00:51","date_gmt":"2019-06-15T09:00:51","guid":{"rendered":"https:\/\/tjsokolkoberice.cz\/?p=6254"},"modified":"2025-10-14T11:52:45","modified_gmt":"2025-10-14T10:52:45","slug":"vikendovy-program-3","status":"publish","type":"post","link":"https:\/\/tjsokolkoberice.cz\/?p=6254","title":{"rendered":"V\u00edkendov\u00fd program"},"content":{"rendered":"<p style=\"text-align: justify;\"><span style=\"font-family: helvetica, arial, sans-serif; font-size: 12pt;\"><strong>\u010cek\u00e1 n\u00e1s \u201ederby\u201c se \u0160t\u011bp\u00e1nkovicemi <\/strong><\/span><\/p>\n<p style=\"text-align: justify;\"><span style=\"font-family: helvetica, arial, sans-serif; font-size: 12pt;\">Po v\u00edt\u011bzstv\u00ed se Slavkovem v&nbsp;pom\u011bru 4:0 budou hr\u00e1t hr\u00e1\u010di na\u0161eho A mu\u017estva posledn\u00ed utk\u00e1n\u00ed t\u00e9to sez\u00f3ny se \u0160t\u011bp\u00e1nkovicemi. Bude se jednat o velmi utk\u00e1n\u00ed presti\u017en\u00ed a hlavn\u011b o derby. O\u010dek\u00e1v\u00e1 se tak\u00e9 slu\u0161n\u00e1 div\u00e1ck\u00e1 n\u00e1v\u0161t\u011bva. Pro zaj\u00edmavost jen uv\u00e1d\u00edme, \u017ee soupe\u0159e tr\u00e9nuje Du\u0161an Christoph, kter\u00fd bydl\u00ed v&nbsp;Kobe\u0159ic\u00edch.<\/span><\/p>\n<p style=\"text-align: justify;\"><span style=\"font-family: helvetica, arial, sans-serif; font-size: 12pt;\">\u0160t\u011bp\u00e1nkovice jdou do utk\u00e1n\u00ed s&nbsp;n\u00e1mi po v\u00edt\u011bzstv\u00ed s&nbsp;Bolaticemi v&nbsp;pom\u011bru 2:1 a tak lze o\u010dek\u00e1vat, \u017ee soupe\u0159 bude povzbuzen\u00fd t\u00edmto v\u00edt\u011bzstv\u00edm a svou k\u016f\u017ei ned\u00e1 zadarmo. Lze o\u010dek\u00e1vat velmi bojovn\u00e9 utk\u00e1n\u00ed. Celkov\u011b jsou \u0160t\u011bp\u00e1nkovice na 5. m\u00edst\u011b tabulky se ziskem 34 bod\u016f a zdob\u00ed je bilance 10 v\u00edt\u011bzstv\u00ed, 4 rem\u00edzy a 9 por\u00e1\u017eek.<\/span><\/p>\n<p style=\"text-align: justify;\"><span style=\"font-family: helvetica, arial, sans-serif; font-size: 12pt;\">Na\u0161i borci jsou na vedouc\u00ed pozici se ziskem 53 bod\u016f, kdy\u017e 16x vyhr\u00e1li, 5x remizovali a ve dvou utk\u00e1n\u00edch prohr\u00e1li. Kluci tak maj\u00ed pro utk\u00e1n\u00ed velkou motivaci, nebo\u0165 p\u016fjde o udr\u017een\u00ed prvn\u00ed pozice v&nbsp;tabulce, k&nbsp;\u010demu\u017e pot\u0159ebuj\u00ed v\u00edt\u011bzstv\u00ed bez ohledu na sobotn\u00ed utk\u00e1n\u00ed Jakub\u010dovic s&nbsp;Fulnekem. P\u0159\u00edpadn\u00fd postup do KP je ji\u017e zaji\u0161t\u011bn, nebo\u0165 o patro v\u00fd\u0161e poputuj\u00ed nejm\u00e9n\u011b 2 mu\u017estva, tedy Kobe\u0159ice a&nbsp;Fulnek.<\/span><\/p>\n<p style=\"text-align: justify;\"><span style=\"font-family: helvetica, arial, sans-serif; font-size: 12pt;\">Posledn\u00ed vz\u00e1jemn\u00fd duel skon\u010dil na podzim v\u00edt\u011bzstv\u00edm na\u0161eho celku 1:0, kdy\u017e na\u0161i v\u00edt\u011bznou branku vs\u00edtil ve 30. minut\u011b Anton\u00edn Kubn\u00fd.<\/span><\/p>\n<p style=\"text-align: justify;\">&nbsp;<\/p>\n<p style=\"text-align: justify;\"><span style=\"font-family: helvetica, arial, sans-serif; font-size: 12pt;\"><strong>Presti\u017en\u00ed derby utk\u00e1n\u00ed Kobe\u0159ice &#8211; \u0160t\u011bp\u00e1nkovice se &nbsp;bude hr\u00e1t v&nbsp;ned\u011bli 16. \u010dervna 2019 od 16:00 hodin. P\u0159ij\u010fte v&nbsp;hojn\u00e9m po\u010dtu na toto velice zaj\u00edmav\u00e9 utk\u00e1n\u00ed. <\/strong><\/span><\/p>\n<p style=\"text-align: justify;\"><span style=\"font-family: helvetica, arial, sans-serif; font-size: 12pt;\"><strong><u>V&nbsp;posledn\u00edm kole hraj\u00ed<\/u><\/strong><\/span><\/p>\n<table width=\"0\">\n<tbody>\n<tr>\n<td width=\"237\"><span style=\"font-family: helvetica, arial, sans-serif; font-size: 12pt;\"><a href=\"https:\/\/souteze.fotbal.cz\/zapasy\/zapas\/69d143b3-4d1b-46cd-9e59-be820fb6015c\">Chlebi\u010dov &#8211; V\u0159esina <strong>2:0<\/strong> (0:0) <\/a><\/span><\/td>\n<\/tr>\n<tr>\n<td width=\"237\"><span style=\"font-family: helvetica, arial, sans-serif; font-size: 12pt;\">Bolatice &#8211; Velk\u00e9 Heraltice .<\/span><\/td>\n<\/tr>\n<tr>\n<td width=\"237\"><span style=\"font-family: helvetica, arial, sans-serif; font-size: 12pt;\">Jakub\u010dovice &#8211; Fulnek<\/span><\/td>\n<\/tr>\n<tr>\n<td width=\"237\"><span style=\"font-family: helvetica, arial, sans-serif; font-size: 12pt;\">Ludge\u0159ovice &#8211; Krava\u0159e<\/span><\/td>\n<\/tr>\n<tr>\n<td width=\"237\"><span style=\"font-family: helvetica, arial, sans-serif; font-size: 12pt;\">Mokr\u00e9 Lazce &#8211; Slavkov<\/span><\/td>\n<\/tr>\n<tr>\n<td width=\"237\"><span style=\"font-family: helvetica, arial, sans-serif; font-size: 12pt;\">Kobe\u0159ice &#8211; \u0160t\u011bp\u00e1nkovice<\/span><\/td>\n<\/tr>\n<\/tbody>\n<\/table>\n<p style=\"text-align: justify;\">&nbsp;<\/p>\n<p style=\"text-align: justify;\"><span style=\"font-family: helvetica, arial, sans-serif; font-size: 12pt;\"><strong>Mu\u017ei B zaj\u00ed\u017ed\u011bj\u00ed k&nbsp;posledn\u00edmu utk\u00e1n\u00ed na h\u0159i\u0161t\u011b Tatranu \u0160t\u00edtina <\/strong><\/span><\/p>\n<p style=\"text-align: justify;\"><span style=\"font-family: helvetica, arial, sans-serif; font-size: 12pt;\">Po dom\u00e1c\u00ed por\u00e1\u017ece s&nbsp;T\u011b\u0161kovicemi budou na\u0161i mu\u017ei B hr\u00e1t posledn\u00ed utk\u00e1n\u00ed t\u00e9to sez\u00f3ny, kdy se st\u0159etnou na h\u0159i\u0161ti soupe\u0159e s&nbsp;mu\u017estvem Tatranu \u0160t\u00edtina, kter\u00e1 je na 12. m\u00edst\u011b okresn\u00edho p\u0159eboru se ziskem 24 bod\u016f, kdy\u017e 6x vyhr\u00e1lo, 6x remizovalo a 13x bylo pora\u017eeno.<\/span><\/p>\n<p style=\"text-align: justify;\"><span style=\"font-family: helvetica, arial, sans-serif; font-size: 12pt;\">Na\u0161i hr\u00e1\u010di jsou posledn\u00ed, kdy\u017e maj\u00ed 8 bod\u016f a se sout\u011b\u017ei okresn\u00edho p\u0159eboru se lou\u010d\u00ed. Z\u00edskali 2 v\u00edt\u011bzstv\u00ed, 2x remizovali a 21x prohr\u00e1li. V\u011b\u0159me, \u017ee to bude rozlou\u010den\u00ed d\u016fstojn\u00e9 a \u017ee p\u0159edvedou dobr\u00fd v\u00fdkon a na h\u0159i\u0161ti soupe\u0159e uhraj\u00ed dobr\u00fd v\u00fdsledek.<\/span><\/p>\n<p style=\"text-align: justify;\"><span style=\"font-family: helvetica, arial, sans-serif; font-size: 12pt;\"><strong>Utk\u00e1n\u00ed okresn\u00edho p\u0159eboru \u0160t\u00edtina &#8211; Kobe\u0159ice se bude hr\u00e1t v&nbsp;sobotu 15. \u010dervna 2019 od 17:00 hodin. Zveme v\u0161echny fotbalov\u00e9 p\u0159\u00edznivce na\u0161eho B mu\u017estva. <\/strong><\/span><\/p>\n<p style=\"text-align: justify;\"><span style=\"font-family: helvetica, arial, sans-serif; font-size: 12pt;\"><strong><u>V&nbsp;posledn\u00edm kole hraj\u00ed<\/u><\/strong><\/span><\/p>\n<p style=\"text-align: justify;\"><span style=\"font-family: helvetica, arial, sans-serif; font-size: 12pt;\"><strong><br \/>\n<\/strong><\/span><\/p>\n<table width=\"0\">\n<tbody>\n<tr>\n<td width=\"237\"><span style=\"font-family: helvetica, arial, sans-serif; font-size: 12pt;\"><strong>T\u011b\u0161kovice<\/strong> &#8211; <strong>P\u00ed\u0161\u0165<\/strong>&nbsp;<\/span><\/td>\n<\/tr>\n<tr>\n<td width=\"237\"><span style=\"font-family: helvetica, arial, sans-serif; font-size: 12pt;\"><strong>Dobroslavice<\/strong> &#8211; <strong>Jakartovice<\/strong><\/span><\/td>\n<\/tr>\n<tr>\n<td width=\"237\"><span style=\"font-family: helvetica, arial, sans-serif; font-size: 12pt;\"><strong>\u0160t\u00edtina<\/strong> &#8211; <strong>Kobe\u0159ice &#8222;B&#8220;<\/strong><\/span><\/td>\n<\/tr>\n<tr>\n<td width=\"237\"><span style=\"font-family: helvetica, arial, sans-serif; font-size: 12pt;\"><strong>Slavia Opava<\/strong> &#8211; <strong>B\u0159ezov\u00e1<\/strong><\/span><\/td>\n<\/tr>\n<tr>\n<td width=\"237\"><span style=\"font-family: helvetica, arial, sans-serif; font-size: 12pt;\"><strong>St\u011bbo\u0159ice<\/strong> &#8211; <strong>Hlavnice<\/strong> &nbsp;&nbsp;&nbsp;&nbsp;&nbsp;&nbsp;&nbsp;<\/span><\/td>\n<\/tr>\n<tr>\n<td width=\"237\"><span style=\"font-family: helvetica, arial, sans-serif; font-size: 12pt;\"><strong>V\u0159esina<\/strong> &#8211; <strong>V\u00e1vrovice<\/strong> &nbsp;&nbsp;&nbsp;&nbsp;&nbsp;&nbsp;&nbsp;<\/span><\/td>\n<\/tr>\n<tr>\n<td width=\"237\"><span style=\"font-family: helvetica, arial, sans-serif; font-size: 12pt;\"><strong>Slu\u017eovice<\/strong> &#8211; <strong>Litultovice<\/strong><\/span><\/td>\n<\/tr>\n<\/tbody>\n<\/table>\n<p style=\"text-align: justify;\">&nbsp;<\/p>\n<p style=\"text-align: justify;\"><span style=\"font-family: helvetica, arial, sans-serif; font-size: 12pt;\"><strong>Dorostenci budou hr\u00e1t s&nbsp;H\u00e1jem ve Slezsku &nbsp;&nbsp;&nbsp;&nbsp;<\/strong><\/span><\/p>\n<p style=\"text-align: justify;\"><span style=\"font-family: helvetica, arial, sans-serif; font-size: 12pt;\">V&nbsp;posledn\u00edm vystoupen\u00ed t\u00e9to fotbalov\u00e9 sez\u00f3ny se p\u0159edstav\u00ed na\u0161i dorostenci v&nbsp;p\u0159edz\u00e1pase hlavn\u00edho utk\u00e1n\u00ed, kdy sehraj\u00ed z\u00e1pas proti posledn\u00edmu celku krajsk\u00e9 sout\u011b\u017ee dorostu H\u00e1je ve Slezsku, kter\u00fd z\u00edskal 11 bod\u016f a to kdy\u017e 3x vyhr\u00e1l, 2x rem\u00edzoval a 20x byl pora\u017een.<\/span><\/p>\n<p style=\"text-align: justify;\"><span style=\"font-family: helvetica, arial, sans-serif; font-size: 12pt;\">Na\u0161i dorostenci jsou na 2. M\u00edst\u011b se ziskem 58 bod\u016f. Zv\u00edt\u011bzili 19x, 1x remizovali a 5x prohr\u00e1li. V\u011b\u0159me, \u017ee i posledn\u00ed vystoupen\u00ed t\u00e9to sez\u00f3ny se na\u0161im dorostenc\u016fm vyda\u0159\u00ed a dovedou jej do v\u00edt\u011bzn\u00e9ho konce.<\/span><\/p>\n<p style=\"text-align: justify;\"><span style=\"font-family: helvetica, arial, sans-serif; font-size: 12pt;\"><strong>Utk\u00e1n\u00ed krajsk\u00e9 sout\u011b\u017ee dorostu Kobe\u0159ice &#8211; H\u00e1j ve Slezsku se bude hr\u00e1t v&nbsp;ned\u011bli 16. \u010cervna 2019 od 13:45 Hodin. Zveme v\u0161echny p\u0159\u00edznivce na\u0161eho dorostu.<\/strong><\/span><\/p>\n<p style=\"text-align: justify;\"><span style=\"font-family: helvetica, arial, sans-serif; font-size: 12pt;\"><strong>&nbsp;<\/strong><\/span><\/p>\n<p style=\"text-align: justify;\"><span style=\"font-family: helvetica, arial, sans-serif; font-size: 12pt;\"><strong>P\u0159\u00ed\u0161t\u00ed utk\u00e1n\u00ed sehraj\u00ed star\u0161\u00ed a mlad\u0161\u00ed \u017e\u00e1ci s&nbsp;mu\u017estvem Jablunkova. Utk\u00e1n\u00ed se bude hr\u00e1t v&nbsp;sobotu 15. \u010dervna &nbsp;2019 &nbsp;od 9:00 &nbsp;hodin pro star\u0161\u00ed \u017e\u00e1ky a od 11:45 &nbsp;pro mlad\u0161\u00ed \u017e\u00e1ky. Zveme v\u0161echny p\u0159\u00edznivce!<\/strong><\/span><\/p>\n<p style=\"text-align: justify;\">&nbsp;<\/p>\n<p style=\"text-align: justify;\"><span style=\"font-family: helvetica, arial, sans-serif; font-size: 12pt;\"><strong>&nbsp;<\/strong><\/span><\/p>\n<p style=\"text-align: justify;\"><span style=\"font-family: helvetica, arial, sans-serif; font-size: 12pt;\"><strong>Sokol\u010data \u010dek\u00e1 ve \u010dtvrtek 13.6.2019 od 18 hod. dom\u00e1c\u00ed utk\u00e1n\u00ed s&nbsp;Pustkovcem, V ned\u011bli 16.6.2019 pak rovn\u011b\u017e doma od 10 hod utk\u00e1n\u00ed se Starou B\u011blou. Zveme v\u0161echny p\u0159\u00edznivce fotbalov\u00e9 \u0161koli\u010dky!<\/strong><\/span><\/p>\n<p>&nbsp;<\/p>\n<p>&nbsp;<\/p>\n","protected":false},"excerpt":{"rendered":"<p>\u010cek\u00e1 n\u00e1s \u201ederby\u201c se \u0160t\u011bp\u00e1nkovicemi Po v\u00edt\u011bzstv\u00ed se Slavkovem v&nbsp;pom\u011bru 4:0 budou hr\u00e1t hr\u00e1\u010di na\u0161eho A mu\u017estva posledn\u00ed utk\u00e1n\u00ed t\u00e9to sez\u00f3ny se \u0160t\u011bp\u00e1nkovicemi. Bude se jednat<span class=\"excerpt-hellip\"> [\u2026]<\/span><\/p>\n","protected":false},"author":3,"featured_media":1886,"comment_status":"closed","ping_status":"open","sticky":false,"template":"","format":"standard","meta":{"ngg_post_thumbnail":0,"footnotes":""},"categories":[115,112,110,107,117,103,111,102],"tags":[],"class_list":["post-6254","post","type-post","status-publish","format-standard","has-post-thumbnail","hentry","category-a-tym","category-b-tym","category-dorost","category-fotbal","category-mladsi-zaci","category-pozvanky","category-starsi-zaci","category-zapasy"],"_links":{"self":[{"href":"https:\/\/tjsokolkoberice.cz\/index.php?rest_route=\/wp\/v2\/posts\/6254","targetHints":{"allow":["GET"]}}],"collection":[{"href":"https:\/\/tjsokolkoberice.cz\/index.php?rest_route=\/wp\/v2\/posts"}],"about":[{"href":"https:\/\/tjsokolkoberice.cz\/index.php?rest_route=\/wp\/v2\/types\/post"}],"author":[{"embeddable":true,"href":"https:\/\/tjsokolkoberice.cz\/index.php?rest_route=\/wp\/v2\/users\/3"}],"replies":[{"embeddable":true,"href":"https:\/\/tjsokolkoberice.cz\/index.php?rest_route=%2Fwp%2Fv2%2Fcomments&post=6254"}],"version-history":[{"count":1,"href":"https:\/\/tjsokolkoberice.cz\/index.php?rest_route=\/wp\/v2\/posts\/6254\/revisions"}],"predecessor-version":[{"id":6255,"href":"https:\/\/tjsokolkoberice.cz\/index.php?rest_route=\/wp\/v2\/posts\/6254\/revisions\/6255"}],"wp:featuredmedia":[{"embeddable":true,"href":"https:\/\/tjsokolkoberice.cz\/index.php?rest_route=\/wp\/v2\/media\/1886"}],"wp:attachment":[{"href":"https:\/\/tjsokolkoberice.cz\/index.php?rest_route=%2Fwp%2Fv2%2Fmedia&parent=6254"}],"wp:term":[{"taxonomy":"category","embeddable":true,"href":"https:\/\/tjsokolkoberice.cz\/index.php?rest_route=%2Fwp%2Fv2%2Fcategories&post=6254"},{"taxonomy":"post_tag","embeddable":true,"href":"https:\/\/tjsokolkoberice.cz\/index.php?rest_route=%2Fwp%2Fv2%2Ftags&post=6254"}],"curies":[{"name":"wp","href":"https:\/\/api.w.org\/{rel}","templated":true}]}}