{"id":6284,"date":"2019-06-24T21:12:15","date_gmt":"2019-06-24T20:12:15","guid":{"rendered":"https:\/\/tjsokolkoberice.cz\/?p=6284"},"modified":"2025-10-14T11:52:34","modified_gmt":"2025-10-14T10:52:34","slug":"uspesna-sezona-fotbalovych-muzstev","status":"publish","type":"post","link":"https:\/\/tjsokolkoberice.cz\/?p=6284","title":{"rendered":"\u00dasp\u011b\u0161n\u00e1 sez\u00f3na fotbalov\u00fdch mu\u017estev!"},"content":{"rendered":"<p style=\"text-align: justify;\"><span style=\"font-family: helvetica, arial, sans-serif;\">Uplynulou fotbalovou sez\u00f3nu 2018\/2019 m\u016f\u017eeme v Kobe\u0159ic\u00edch hodnotit velmi pozitivn\u011b. Velkou radost n\u00e1m d\u011bl\u00e1 p\u0159edev\u0161\u00edm na\u0161e ml\u00e1de\u017e, nebo\u0165 \u017e\u00e1kovsk\u00e1 mu\u017estva zvl\u00e1dla na v\u00fdbornou prvn\u00ed sezonu v krajsk\u00e9m p\u0159eboru, kde se um\u00edstila na p\u0159edn\u00edch pozic\u00edch. Tak\u00e9 dorostenci skon\u010dili v krajsk\u00e9 sout\u011b\u017ei na postupov\u00e9 pozici a v p\u0159\u00ed\u0161t\u00edm sout\u011b\u017en\u00edm ro\u010dn\u00edku okus\u00ed Krajsk\u00fd p\u0159ebor. Kvalitn\u011b n\u00e1m\u00a0 funguje rovn\u011b\u017e pr\u00e1ce s nejmen\u0161\u00edmi, tzn. s fotbalovou p\u0159\u00edpravkou a nov\u011b v t\u00e9to sez\u00f3n\u011b tak\u00e9 s fotbalovou \u0161koli\u010dkou. Vrcholkem ledovce pak je na\u0161e A mu\u017estvo, kter\u00e9mu se povedlo po 2 sez\u00f3n\u00e1ch str\u00e1ven\u00fdch v 1. A\u00a0 t\u0159\u00edd\u011b tuto sout\u011b\u017e letos vyhr\u00e1t a postoupit do Krajsk\u00e9ho p\u0159eboru. V kraji tak budou na\u0161i obec v p\u0159\u00ed\u0161t\u00ed sez\u00f3n\u011b reprezentovat krom\u011b mu\u017e\u016f tak\u00e9 na\u0161i dorostenci a \u017e\u00e1ci, co\u017e je skv\u011bl\u00fd po\u010din a dokl\u00e1d\u00e1 to kvalitn\u00ed pr\u00e1ci, kterou tady v Kobe\u0159ic\u00edch lid\u00e9 pro fotbal odv\u00e1d\u011bj\u00ed. Je t\u0159eba pod\u011bkovat v\u0161em hr\u00e1\u010d\u016fm, tren\u00e9r\u016fm a \u010dlen\u016fm realiza\u010dn\u00edch t\u00fdm\u016f za skv\u011blou pr\u00e1ci a reprezentaci TJ Sokol Kobe\u0159ice. Rovn\u011b\u017e d\u011bkujeme Obci Kobe\u0159ice za podporu sportu, v\u0161em sponzor\u016fm, partner\u016fm, fanou\u0161k\u016fm a dal\u0161\u00edm lidem, kte\u0159\u00ed se pod\u00edl\u00ed na kvalitn\u00edm fungov\u00e1n\u00ed TJ.<\/span><\/p>\n<p style=\"text-align: justify;\">\n<p style=\"text-align: justify;\"><span style=\"font-family: helvetica, arial, sans-serif; font-size: 12pt;\"><strong>A mu\u017estvo<\/strong><\/span><\/p>\n<p style=\"text-align: justify;\"><span style=\"font-family: helvetica, arial, sans-serif;\">Do jarn\u00ed \u010d\u00e1sti sez\u00f3ny vstupovali na\u0161i hr\u00e1\u010di z prvn\u00ed pozice se 7 bodov\u00fdm n\u00e1skokem p\u0159ed druh\u00fdm Fulnekem. \u00davodn\u00ed kola nezastihla na\u0161e mu\u017estvo v nejlep\u0161\u00ed form\u011b a po n\u011bkolika rem\u00edz\u00e1ch do\u0161lo k zten\u010den\u00ed n\u00e1skoku. Po dvou slepen\u00fdch por\u00e1\u017ek\u00e1ch s Chlebi\u010dovem a v Ludge\u0159ovic\u00edch (jedin\u00e9 dv\u011b por\u00e1\u017eky v cel\u00e9 sout\u011b\u017ei) se p\u0159ed na\u0161e mu\u017estvo dostal Fulnek. Z\u00e1v\u011br na\u0161im hr\u00e1\u010d\u016fm ale vy\u0161el par\u00e1dn\u011b. Posledn\u00edch 5 z\u00e1pas\u016f vyhr\u00e1li s impozantn\u00edm sk\u00f3re 27:4 a nakonec opanovali celou sout\u011b\u017e o 4 body p\u0159ed Fulnekem. V nadch\u00e1zej\u00edc\u00edm ro\u010dn\u00edku si po 2 let\u00e9 odmlce op\u011bt zahrajeme mezi krajskou elitou! Blahop\u0159ejeme! Je nutno zm\u00ednit, \u017ee k tomuto \u00fasp\u011bchu vedla tvrd\u00e1 pr\u00e1ce v\u0161ech hr\u00e1\u010d\u016f a \u010dlen\u016f realiza\u010dn\u00edho t\u00fdmu, za co\u017e jim pat\u0159\u00ed velk\u00e9 pod\u011bkov\u00e1n\u00ed! B\u011bhem sez\u00f3ny se vytvo\u0159ila skv\u011bl\u00e1 parta, kter\u00e1 t\u00e1hla za jeden provaz a \u0161la c\u00edlev\u011bdom\u011b za sv\u00fdm c\u00edlem. V\u011b\u0159\u00edme, \u017ee sou\u010dasn\u00e9 mu\u017estvo m\u00e1 na to, aby v Krajsk\u00e9m p\u0159eboru hr\u00e1lo d\u016fstojnou roli! D\u011bkujeme rovn\u011b\u017e v\u0161em na\u0161im fanou\u0161k\u016fm, kte\u0159\u00ed n\u00e1s podporovali po celou sezonu nejen v dom\u00e1c\u00edch utk\u00e1n\u00edch, ale v hojn\u00fdch po\u010dtech tak\u00e9 na h\u0159i\u0161t\u00edch soupe\u0159\u016f. Budeme se sna\u017eit p\u0159in\u00e1\u0161et v\u00e1m radost i v p\u0159\u00ed\u0161t\u00ed sez\u00f3n\u011b!<\/span><\/p>\n<p style=\"text-align: right;\"><span style=\"font-family: helvetica, arial, sans-serif; font-size: 12pt;\">\u00a0\u00a0\u00a0\u00a0\u00a0\u00a0\u00a0\u00a0\u00a0\u00a0\u00a0\u00a0\u00a0\u00a0\u00a0\u00a0\u00a0\u00a0\u00a0\u00a0\u00a0\u00a0\u00a0\u00a0\u00a0\u00a0\u00a0\u00a0\u00a0\u00a0\u00a0\u00a0\u00a0\u00a0\u00a0\u00a0\u00a0\u00a0\u00a0\u00a0\u00a0\u00a0\u00a0\u00a0\u00a0\u00a0\u00a0\u00a0\u00a0\u00a0\u00a0\u00a0\u00a0\u00a0\u00a0\u00a0\u00a0\u00a0\u00a0\u00a0\u00a0\u00a0\u00a0\u00a0\u00a0\u00a0\u00a0\u00a0\u00a0\u00a0\u00a0\u00a0\u00a0\u00a0\u00a0\u00a0\u00a0\u00a0\u00a0\u00a0\u00a0\u00a0\u00a0\u00a0\u00a0\u00a0\u00a0\u00a0\u00a0\u00a0\u00a0\u00a0\u00a0\u00a0\u00a0\u00a0\u00a0 \u00a0\u00a0\u00a0\u00a0\u00a0\u00a0\u00a0 Petr Stuchl\u00edk<\/span><\/p>\n<p style=\"text-align: justify;\"><span style=\"font-family: helvetica, arial, sans-serif;\"><em>Soupiska A mu\u017estva v\u00a0postupov\u00e9 sez\u00f3n\u011b 2018\/2019<\/em><\/span><\/p>\n<p style=\"text-align: justify;\"><span style=\"font-family: helvetica, arial, sans-serif; font-size: 12pt;\">Petr \u0160tencel, Petr Schlischka, Filip Kollek, Jan \u010cujek, Jan Buchta, Patrik Hartmann, Pavel \u0160evior, Ren\u00e9 Wirth, Petr Stuchl\u00edk, Patrik Mezera, Robin Wirth, Anton\u00edn Kubn\u00fd, Jan Oberherr, Zden\u011bk Kry\u0161tof, Adam \u0160ime\u010dek, Martin St\u0159\u00edbn\u00fd, Filip Rother, Sebastian \u0160van\u010dar, Andreas Kolar\u010d\u00edk, Adam Oberherr, Martin Schlischka, Jan Schreier<\/span><\/p>\n<p style=\"text-align: justify;\"><span style=\"font-family: helvetica, arial, sans-serif; font-size: 12pt;\"><em>Tren\u00e9r:<\/em> Tom\u00e1\u0161 Kamr\u00e1d, <em>vedouc\u00ed:<\/em> Martin Halfar<\/span><\/p>\n<p style=\"text-align: justify;\"><span style=\"font-family: helvetica, arial, sans-serif; font-size: 12pt;\"><em>\u00a0<\/em><\/span><\/p>\n<p style=\"text-align: justify;\"><span style=\"font-family: helvetica, arial, sans-serif; font-size: 12pt;\"><strong>B mu\u017estvo<\/strong><\/span><\/p>\n<p style=\"text-align: justify;\"><span style=\"font-family: helvetica, arial, sans-serif; font-size: 12pt;\">Pokud m\u016f\u017eeme u ostatn\u00edch mu\u017estev hovo\u0159it o nadm\u00edru \u00fasp\u011b\u0161n\u00e9 sez\u00f3n\u011b, u na\u0161\u00ed rezervy tomu bylo pr\u00e1v\u011b naopak. Uplynulou sez\u00f3nu m\u016f\u017eeme ozna\u010dit za velmi nepovedenou. Nejen t\u00edm, \u017ee skon\u010dila s pouh\u00fdmi 8 body v Okresn\u00edm p\u0159eboru posledn\u00ed, ale p\u0159edev\u0161\u00edm pro nedostatek hr\u00e1\u010d\u016f, s kter\u00fdmi tuto sez\u00f3nu absolvovali. Po konci n\u011bkolika zku\u0161en\u00fdch opor se nepoda\u0159ilo za\u010dlenit do t\u00fdmu mlad\u00e9 kluky, kte\u0159\u00ed by se stali pravidelnou sou\u010d\u00e1sti B t\u00fdmu. Bohu\u017eel cel\u00e1 situace dosp\u011bla k tomu, \u017ee k n\u011bkter\u00fdm utk\u00e1n\u00edm &#8222;b\u00e9\u010dko&#8220; pro mal\u00fd po\u010det hr\u00e1\u010d\u016f ani neodcestovalo, a tak v\u0161e vy\u00fastilo ve vy\u0159azen\u00ed ze sout\u011b\u017ee a nemalou pokutou pro TJ Sokol. Dal\u0161\u00ed fungov\u00e1n\u00ed tohoto t\u00fdmu je zna\u010dn\u011b nejist\u00e9. Proto t\u00edmto chceme oslovit aktivn\u00ed hr\u00e1\u010de, p\u0159ev\u00e1\u017en\u011b z \u0159ad &#8222;kobe\u0159ick\u00e9 fotbalov\u00e9 ligy&#8220;, kte\u0159\u00ed by m\u011bli chu\u0165 hr\u00e1t za na\u0161e B mu\u017estvo, a\u0165 se nahl\u00e1s\u00ed jeho st\u00e1vaj\u00edc\u00edm \u010dlen\u016fm. V opa\u010dn\u00e9m p\u0159\u00edpad\u011b budeme nuceni pro nedostatek hr\u00e1\u010d\u016f B mu\u017estvo do\u010dasn\u011b zru\u0161it, co\u017e by se stalo poprv\u00e9 v historii!<\/span><\/p>\n<p style=\"text-align: right;\"><span style=\"font-family: helvetica, arial, sans-serif; font-size: 12pt;\">\u00a0\u00a0\u00a0\u00a0\u00a0\u00a0\u00a0\u00a0\u00a0\u00a0\u00a0\u00a0\u00a0\u00a0\u00a0\u00a0\u00a0\u00a0\u00a0\u00a0\u00a0\u00a0\u00a0\u00a0\u00a0\u00a0\u00a0\u00a0\u00a0\u00a0\u00a0\u00a0\u00a0\u00a0\u00a0\u00a0\u00a0\u00a0\u00a0\u00a0\u00a0\u00a0\u00a0\u00a0\u00a0\u00a0\u00a0\u00a0\u00a0\u00a0\u00a0\u00a0\u00a0\u00a0\u00a0\u00a0\u00a0\u00a0\u00a0\u00a0\u00a0\u00a0\u00a0\u00a0\u00a0\u00a0\u00a0\u00a0\u00a0\u00a0\u00a0\u00a0\u00a0\u00a0\u00a0\u00a0\u00a0\u00a0\u00a0\u00a0\u00a0\u00a0\u00a0\u00a0\u00a0\u00a0\u00a0\u00a0\u00a0\u00a0\u00a0\u00a0\u00a0\u00a0\u00a0\u00a0\u00a0 \u00a0\u00a0\u00a0\u00a0\u00a0\u00a0\u00a0 Petr Stuchl\u00edk<\/span><\/p>\n<p style=\"text-align: justify;\"><span style=\"font-family: helvetica, arial, sans-serif;\"><strong>Dorost<\/strong><\/span><\/p>\n<p style=\"text-align: justify;\"><span style=\"font-family: helvetica, arial, sans-serif;\">Dorostenci za\u010dali p\u0159\u00edpravu v lednu, kdy jsme tr\u00e9novali v t\u011blocvi\u010dn\u011b Z\u0160 a na um\u011blce v Chlebi\u010dov\u011b. Absolvovali jsme soust\u0159ed\u011bn\u00ed v H\u00e1ji ve Slezsku, za co\u017e pat\u0159\u00ed d\u00edk v\u00fdboru TJ. V\u00a0jarn\u00ed sez\u00f3n\u011b\u00a0jsme odehr\u00e1li 13 mistrovsk\u00fdch utk\u00e1n\u00ed s bilanc\u00ed 11 v\u00fdher, 1 em\u00edzy\u00a0a 1 por\u00e1\u017eky p\u0159i sk\u00f3re 52:13. Z\u00edskali jsme celkem 34 bod\u016f. Nejlep\u0161\u00edm st\u0159elcem jara byl Martin St\u0159\u00edbn\u00fd s 11brankami a byl i nejlep\u0161\u00edm\u00a0nahr\u00e1va\u010dem s 11 nahr\u00e1vkami. Celkem za sez\u00f3nu jsme odehr\u00e1li 26 utk\u00e1n\u00ed, kdy jsme 20x vyhr\u00e1li, 1 remizovali a 5 prohr\u00e1li p\u0159i sk\u00f3re\u00a096:38. Celkem \u00a0jsme z\u00edskali 61 bod\u016f a obsadili 2. m\u00edsto za v\u00edt\u011bzn\u00fdm Hlu\u010d\u00ednem B. Nejlep\u0161\u00edm st\u0159elcem sez\u00f3ny byl Martin St\u0159\u00edbn\u00fd s 16\u00a0brankami a byl z\u00e1rove\u0148 i nejlep\u0161\u00edm nahr\u00e1va\u010dem s 19 p\u0159ihr\u00e1vkami.\u00a0By\u0165 jsme skon\u010dili na 2. m\u00edst\u011b, tak jsme postoupili do KP dorostu,\u00a0za co\u017e pat\u0159\u00ed hr\u00e1\u010d\u016fm velk\u00fd d\u00edk.\u00a0<\/span><\/p>\n<p style=\"text-align: justify;\"><span style=\"font-family: helvetica, arial, sans-serif; font-size: 12pt;\"> <em>Soupiska:<\/em>\u00a0<\/span><br \/>\n<span style=\"font-family: helvetica, arial, sans-serif; font-size: 12pt;\"> Ondra Strzibn\u00fd, Petr Schlischka, Tom\u00e1\u0161 Nov\u00e1k, Andy Kolar\u010d\u00edk,\u00a0Radim Krzisch, Tom\u00e1\u0161 Mrovec, \u0160t\u011bp\u00e1n St\u0159\u00edbn\u00fd, Martin Schlischka,\u00a0Filip Rother, Matou\u0161 Seidler, Sebastian \u0160vancar, Filip Stromsk\u00fd,\u00a0Adam Hartmann, Roman Kaspar, Mat\u011bj Kubn\u00fd, Jan Mr\u00e1zek, Daniel Schiedek, Jakub Hermann, Jan Christoph, David V\u00e1clav\u00edk, Nikolas\u00a0Kaspar.\u00a0<\/span><\/p>\n<p style=\"text-align: justify;\"><span style=\"font-family: helvetica, arial, sans-serif; font-size: 12pt;\"><em>Realiza\u010dn\u00ed t\u00fdm:<\/em>\u00a0<\/span><br \/>\n<span style=\"font-family: helvetica, arial, sans-serif; font-size: 12pt;\"> Tom\u00e1\u0161 Bitomsk\u00fd, Zden\u011bk Jur\u010dek, Ji\u0159\u00ed Mrva\u00a0<\/span><br \/>\n<span style=\"font-family: helvetica, arial, sans-serif; font-size: 12pt;\"> + NA\u0160I SKV\u011aL\u00cd DIV\u00c1CI\u00a0\u00a0\u00a0\u00a0\u00a0\u00a0\u00a0\u00a0\u00a0\u00a0\u00a0\u00a0\u00a0\u00a0\u00a0\u00a0\u00a0\u00a0\u00a0\u00a0\u00a0\u00a0\u00a0\u00a0\u00a0\u00a0\u00a0\u00a0\u00a0\u00a0\u00a0\u00a0\u00a0\u00a0\u00a0\u00a0\u00a0\u00a0\u00a0\u00a0\u00a0\u00a0\u00a0\u00a0\u00a0\u00a0\u00a0\u00a0\u00a0\u00a0\u00a0\u00a0\u00a0\u00a0\u00a0\u00a0\u00a0\u00a0\u00a0\u00a0\u00a0\u00a0<\/span><\/p>\n<p style=\"text-align: right;\"><span style=\"font-family: helvetica, arial, sans-serif; font-size: 12pt;\">\u00a0\u00a0\u00a0\u00a0\u00a0\u00a0\u00a0\u00a0\u00a0\u00a0\u00a0\u00a0\u00a0\u00a0\u00a0\u00a0\u00a0\u00a0\u00a0\u00a0 Zden\u011bk Jur\u010dek, tren\u00e9r<\/span><\/p>\n<p style=\"text-align: justify;\">\n<p style=\"text-align: justify;\"><span style=\"font-family: helvetica, arial, sans-serif; font-size: 12pt;\"><strong>\u017d\u00e1ci<\/strong><\/span><\/p>\n<p style=\"text-align: justify;\"><span style=\"font-family: helvetica, arial, sans-serif;\">Star\u0161\u00ed \u017e\u00e1ci v uplynul\u00e9 sezon\u011b z\u00edskali 63 bod\u016f, co\u017e znamenalo celkov\u00e9\u00a0 kr\u00e1sn\u00e9 druh\u00e9 m\u00edsto. Tentokr\u00e1t se st\u0159elci st\u0159\u00eddali, kdy nejlep\u0161\u00ed n\u00e1\u0161 borec\u00a0 Daniel Pa\u0161ek nast\u0159\u00edlel 18 branek\u00a0 a Franti\u0161ek Urbi\u0161 s Ondrou Stuchl\u00edkem 16 branek. Obranu jsme m\u011bli\u00a0 nejlep\u0161\u00ed v\u00a0sout\u011b\u017ei, kdy jsme obdr\u017eeli pouze 23 g\u00f3l\u016f a mohli zakon\u010dit kr\u00e1snou sez\u00f3nu samoz\u0159ejm\u011b s fanou\u0161ky a rodi\u010di.<\/span><\/p>\n<p style=\"text-align: justify;\"><span style=\"font-family: helvetica, arial, sans-serif;\">Mlad\u0161\u00ed \u017e\u00e1ci napodobili star\u0161\u00ed, kdy\u017e z\u00edskali 54 bod\u016f p\u0159i sk\u00f3re 130:75 a skon\u010dili na p\u011bkn\u00e9m 4 bramborov\u00e9m m\u00edst\u011b. Nejlep\u0161\u00ed st\u0159elec byl Adam V\u00e1clav\u00edk 38 g\u00f3l\u016f, David Kubn\u00fd 29 g\u00f3l\u016f a Max Mrovec 16 g\u00f3l\u016f. Kluky \u010dek\u00e1 je\u0161t\u011b jeden turnaj tuto sobotu v Chucheln\u00e9 a pak na sportovn\u00ed slavnost\u00ed v Kobe\u0159ic\u00edch utk\u00e1n\u00ed proti fanou\u0161k\u016fm a rodi\u010d\u016fm snad u\u017e\u00a0 je kone\u010dn\u011b poraz\u00ed.\u00a0 \u00a0 \u00a0 \u00a0 \u00a0 \u00a0 \u00a0 \u00a0 \u00a0 \u00a0 \u00a0 \u00a0 \u00a0 \u00a0 \u00a0 \u00a0 \u00a0<\/span><\/p>\n<p style=\"text-align: right;\"><span style=\"font-family: helvetica, arial, sans-serif; font-size: 12pt;\">\u00a0\u00a0\u00a0\u00a0\u00a0\u00a0\u00a0\u00a0\u00a0\u00a0\u00a0\u00a0\u00a0\u00a0\u00a0\u00a0\u00a0\u00a0\u00a0\u00a0\u00a0\u00a0\u00a0\u00a0\u00a0\u00a0\u00a0\u00a0\u00a0\u00a0\u00a0\u00a0\u00a0\u00a0\u00a0\u00a0\u00a0\u00a0\u00a0\u00a0\u00a0\u00a0\u00a0\u00a0\u00a0\u00a0\u00a0\u00a0\u00a0\u00a0\u00a0\u00a0\u00a0\u00a0\u00a0\u00a0\u00a0\u00a0\u00a0\u00a0\u00a0\u00a0\u00a0\u00a0\u00a0\u00a0\u00a0\u00a0\u00a0\u00a0\u00a0\u00a0\u00a0\u00a0\u00a0\u00a0\u00a0\u00a0\u00a0\u00a0\u00a0\u00a0\u00a0\u00a0\u00a0\u00a0\u00a0\u00a0 \u00a0\u00a0\u00a0 Tom\u00e1\u0161 St\u0159\u00edbn\u00fd, tren\u00e9r<\/span><\/p>\n<p style=\"text-align: justify;\">\n<p style=\"text-align: justify;\"><span style=\"font-family: helvetica, arial, sans-serif;\"><strong>Mlad\u0161\u00ed p\u0159\u00edpravka<\/strong><\/span><\/p>\n<p style=\"text-align: justify;\"><span style=\"font-family: helvetica, arial, sans-serif;\">V uplynul\u00e9 sez\u00f3n\u011b fungovala pouze mlad\u0161\u00ed p\u0159\u00edpravka, nebo\u0165 pro t\u00fdm star\u0161\u00ed p\u0159\u00edpravky nebylo dostatek d\u011bt\u00ed. V kategorii mlad\u0161\u00ed v\u0161ak bylo d\u011bt\u00ed po\u017eehnan\u011b, proto se vytvo\u0159ilo mu\u017estvo A a B, kter\u00e9 hr\u00e1lo stejnou sout\u011b\u017e. Jednalo se o d\u011bti ro\u010dn\u00edku 2010 a 2011. Hr\u00e1lo se syst\u00e9mem 4+1 2x 20 min, tr\u00e9ninky prob\u00edhaly 2x t\u00fddn\u011b v l\u00e9t\u011b na h\u0159i\u0161ti TJ Sokol, v zim\u011b v t\u011blocvi\u010dn\u011b. Celkem se zapojilo do sez\u0144y 19 d\u011bt\u00ed, co\u017e pova\u017eujeme za velmi p\u011bkn\u00fd po\u010det. P\u0159ejeme jim, a\u0165 jim el\u00e1n a entuziasmus vydr\u017e\u00ed co mo\u017en\u00e1 nejd\u00e9le.<\/span><\/p>\n<p style=\"text-align: right;\"><span style=\"font-family: helvetica, arial, sans-serif;\">Daniel Stoklasa, tren\u00e9r<\/span><\/p>\n<p style=\"text-align: justify;\"><span style=\"font-family: helvetica, arial, sans-serif;\"><strong>Sokol\u010data<\/strong><\/span><\/p>\n<p style=\"text-align: justify;\"><span style=\"font-family: helvetica, arial, sans-serif;\">V\u00a0srpnu oslav\u00ed prvn\u00ed rok sv\u00e9 existence Fotbalov\u00e1 \u0161koli\u010dka Sokol\u010data. Jedn\u00e1 se o nejmlad\u0161\u00ed fotbalovou kategorii, p\u0159edp\u0159\u00edpravku. Filozofi\u00ed fotbalov\u00e9 \u0161koli\u010dky je vyp\u011bstovat u d\u011bt\u00ed l\u00e1sku a vztah k pohybov\u00e9 \u010dinnosti a k pravideln\u00e9mu sportov\u00e1n\u00ed. Fotbalovou \u0161koli\u010dku tuto sez\u00f3nu nav\u0161t\u011bvovali d\u011bti ro\u010dn\u00edk\u016f narozen\u00ed 2012 a mlad\u0161\u00ed, co\u017e jsou zejm\u00e9na d\u011bti p\u0159ed\u0161koln\u00edho v\u011bku.\u00a0 Ro\u010dn\u00edk 2012 byl zastoupen 4 chlapci a jednou d\u00edvkou, ro\u010dn\u00edk 2013 9 chlapci, ro\u010dn\u00edk 2014 dv\u011bma chlapci a ro\u010dn\u00edk 2015 jedn\u00edm chlapcem. Celkov\u011b 17 d\u011bt\u00ed. Tren\u00e9ry fotbalov\u00e9 \u0161koli\u010dky jsou Jakub Bitomsk\u00fd, Luk\u00e1\u0161 Hluchn\u00edk, Marek Ja\u0161ek a Marek Vidl\u00e1k. Tr\u00e9ninky prob\u00edhaj\u00ed od srpna na tr\u00e1vnat\u00e9m h\u0159i\u0161ti dvakr\u00e1t t\u00fddn\u011b a to v\u00a0\u00fater\u00fd a v\u00a0p\u00e1tek od 16.30 do 18.00. B\u011bhem zimn\u00edho obdob\u00ed jsou tr\u00e9ninky v\u00a0t\u011blocvi\u010dn\u011b.<\/span><\/p>\n<p style=\"text-align: justify;\"><span style=\"font-family: helvetica, arial, sans-serif;\">Prvn\u00ed p\u0159\u00edpravny z\u00e1pas se uskute\u010dnil v pond\u011bl\u00ed 5. 11. 2018 ve sportovn\u00ed hale v\u00a0Hlu\u010d\u00edn\u011b. Hr\u00e1lo se na \u010dty\u0159ech h\u0159i\u0161t\u00edch najednou za pr\u016fb\u011b\u017en\u00e9ho hokejov\u00e9ho st\u0159\u00edd\u00e1n\u00ed, po\u010det hr\u00e1\u010d\u016f 2 proti 2 po deseti minut\u00e1ch na mal\u00e9 branky tak, aby si v\u0161ichni zahr\u00e1li. Jeliko\u017e se u t\u00e9to v\u011bkov\u00e9 kategorie branky ani v\u00fdsledky nezapo\u010d\u00edt\u00e1vaj\u00ed, m\u016f\u017eeme pouze konstatovat, \u017ee n\u00e1s na\u0161e fotbalov\u00e9 nad\u011bje mile p\u0159ekvapily.<\/span><\/p>\n<p style=\"text-align: justify;\"><span style=\"font-family: helvetica, arial, sans-serif;\">V\u00a0zimn\u00edm obdob\u00ed jsme se z\u00fa\u010dastnili Krajsk\u00e9 zimn\u00ed fotbalov\u00e9 ligy (<a href=\"https:\/\/tjsokolkoberice.cz\/www.kzl-msfks.cz\">www.kzl-msfks.cz<\/a>) pro p\u0159edp\u0159\u00edpravky ro\u010dn\u00edk 2012 a mlad\u0161\u00ed. Z\u00e1pasy t\u00e9to kategorie se hraj\u00ed v\u017edy v kr\u00e1sn\u00e9 hale v Bru\u0161perku. Jeliko\u017e voln\u00fdch m\u00edst v lize bylo v\u00edce a cht\u011bli jsme, a\u0165 si v\u0161ichni dostate\u010dn\u011b zahraj\u00ed, p\u0159ihl\u00e1sili jsme hned dv\u011b rovnocenn\u00e1 dru\u017estva. Ka\u017ed\u00e9 z nich odehraje v hrac\u00ed den 6 utk\u00e1n\u00ed na 2x 6 minut, po\u010det hr\u00e1\u010d\u016f 3 proti 3. Turnaje se \u00fa\u010dastnilo celkem 24 mu\u017estev, nap\u0159. m\u00edstn\u00ed klub chlapc\u016f a d\u00edvek Bru\u0161perk, V\u00edtkovice, Fr\u00fddek-M\u00edstek, P\u0159\u00edbor, Fr\u00fddlant nad Ostravic\u00ed atd. Celkem jsme odehr\u00e1li 5 turnaj\u016f.<\/span><\/p>\n<p style=\"text-align: justify;\"><span style=\"font-family: helvetica, arial, sans-serif;\">Na ja\u0159e jsme odehr\u00e1li celkem 8 p\u0159\u00edpravn\u00fdch z\u00e1pas\u016f s\u00a0fotbalov\u00fdmi kluby: FC Ban\u00edk Ostrava, \u0160SK B\u00edlovec, FK Krnov, SFC Opava, TJ Sokol Pustkovec a FK Star\u00e1 B\u011bl\u00e1. Tak\u00e9 jsme se z\u00fa\u010dastnili turnaj\u016f po\u0159\u00e1dan\u00fdch Slavi\u00ed Opava, Slezsk\u00fdm FC Opava a Ban\u00edkem Ostrava.\u00a0<\/span><\/p>\n<p style=\"text-align: justify;\"><span style=\"font-family: helvetica, arial, sans-serif;\">Za ten skoro rok, co Sokol\u010data tr\u00e9nujeme, ud\u011blala neuv\u011b\u0159iteln\u00fd pokrok a zlep\u0161uj\u00ed se tr\u00e9nink od tr\u00e9ninku. V\u00a0p\u0159\u00edpad\u011b, \u017ee\u00a0chcete sv\u00e9 d\u011bti ro\u010dn\u00edku 2013 a mlad\u0161\u00ed p\u0159iv\u00e9st k\u00a0fotbalu a sportu obecn\u011b, tak nev\u00e1hejte kontaktovat tren\u00e9ry Luk\u00e1\u0161e\u00a0Hluchn\u00edka (tel. 723 018\u00a0579) nebo Marka Ja\u0161ka (tel. 737 706\u00a0361) nebo se z\u00fa\u010dastn\u011bte tr\u00e9ninku fotbalov\u00e9 \u0161koli\u010dky.<\/span><\/p>\n<p style=\"text-align: justify;\"><span style=\"font-family: helvetica, arial, sans-serif;\">Rozlou\u010d\u00edm se s\u00a0V\u00e1mi na\u0161\u00edm pok\u0159ikem: My Sokol\u010data z\u00a0Kobe\u0159ic, m\u00e1me fotbal v\u00a0srdci, u\u010d\u00edme se ho pro radost, nejsme \u017e\u00e1dn\u00ed floutci.<\/span><\/p>\n<p style=\"text-align: right;\"><span style=\"font-family: helvetica, arial, sans-serif; font-size: 12pt;\">\u00a0\u00a0\u00a0\u00a0\u00a0\u00a0\u00a0\u00a0\u00a0\u00a0\u00a0\u00a0\u00a0\u00a0\u00a0\u00a0\u00a0\u00a0\u00a0\u00a0\u00a0\u00a0\u00a0\u00a0\u00a0\u00a0\u00a0\u00a0\u00a0\u00a0\u00a0\u00a0\u00a0\u00a0\u00a0\u00a0\u00a0\u00a0\u00a0\u00a0\u00a0\u00a0\u00a0\u00a0\u00a0\u00a0\u00a0\u00a0\u00a0\u00a0\u00a0\u00a0\u00a0\u00a0\u00a0\u00a0\u00a0\u00a0\u00a0\u00a0\u00a0\u00a0\u00a0\u00a0\u00a0\u00a0\u00a0\u00a0\u00a0\u00a0\u00a0\u00a0\u00a0\u00a0\u00a0\u00a0\u00a0\u00a0\u00a0\u00a0\u00a0\u00a0\u00a0\u00a0\u00a0\u00a0\u00a0\u00a0 \u00a0\u00a0\u00a0\u00a0\u00a0\u00a0\u00a0 Marek Ja\u0161ek, tren\u00e9r<\/span><\/p>\n<p style=\"text-align: right;\"><a href=\"https:\/\/tjsokolkoberice.cz\/wp-content\/uploads\/2019\/06\/sokolcata_1_1.jpg\"><img loading=\"lazy\" decoding=\"async\" class=\"alignleft wp-image-6287\" src=\"https:\/\/tjsokolkoberice.cz\/wp-content\/uploads\/2019\/06\/sokolcata_1_1-300x169.jpg\" alt=\"\" width=\"600\" height=\"338\" srcset=\"https:\/\/tjsokolkoberice.cz\/wp-content\/uploads\/2019\/06\/sokolcata_1_1-300x169.jpg 300w, https:\/\/tjsokolkoberice.cz\/wp-content\/uploads\/2019\/06\/sokolcata_1_1-768x432.jpg 768w, https:\/\/tjsokolkoberice.cz\/wp-content\/uploads\/2019\/06\/sokolcata_1_1-1024x576.jpg 1024w, https:\/\/tjsokolkoberice.cz\/wp-content\/uploads\/2019\/06\/sokolcata_1_1-816x459.jpg 816w, https:\/\/tjsokolkoberice.cz\/wp-content\/uploads\/2019\/06\/sokolcata_1_1.jpg 1200w\" sizes=\"auto, (max-width:767px) 480px, 600px\" \/><\/a><\/p>\n<p style=\"text-align: justify;\">\n<p>&nbsp;<\/p>\n","protected":false},"excerpt":{"rendered":"<p>Uplynulou fotbalovou sez\u00f3nu 2018\/2019 m\u016f\u017eeme v Kobe\u0159ic\u00edch hodnotit velmi pozitivn\u011b. Velkou radost n\u00e1m d\u011bl\u00e1 p\u0159edev\u0161\u00edm na\u0161e ml\u00e1de\u017e, nebo\u0165 \u017e\u00e1kovsk\u00e1 mu\u017estva zvl\u00e1dla na v\u00fdbornou prvn\u00ed sezonu v<span class=\"excerpt-hellip\"> [\u2026]<\/span><\/p>\n","protected":false},"author":3,"featured_media":6285,"comment_status":"closed","ping_status":"open","sticky":false,"template":"","format":"standard","meta":{"ngg_post_thumbnail":0,"footnotes":""},"categories":[115,112,110,107,117,204,111,104],"tags":[],"class_list":["post-6284","post","type-post","status-publish","format-standard","has-post-thumbnail","hentry","category-a-tym","category-b-tym","category-dorost","category-fotbal","category-mladsi-zaci","category-sokolcata","category-starsi-zaci","category-vysledky"],"_links":{"self":[{"href":"https:\/\/tjsokolkoberice.cz\/index.php?rest_route=\/wp\/v2\/posts\/6284","targetHints":{"allow":["GET"]}}],"collection":[{"href":"https:\/\/tjsokolkoberice.cz\/index.php?rest_route=\/wp\/v2\/posts"}],"about":[{"href":"https:\/\/tjsokolkoberice.cz\/index.php?rest_route=\/wp\/v2\/types\/post"}],"author":[{"embeddable":true,"href":"https:\/\/tjsokolkoberice.cz\/index.php?rest_route=\/wp\/v2\/users\/3"}],"replies":[{"embeddable":true,"href":"https:\/\/tjsokolkoberice.cz\/index.php?rest_route=%2Fwp%2Fv2%2Fcomments&post=6284"}],"version-history":[{"count":5,"href":"https:\/\/tjsokolkoberice.cz\/index.php?rest_route=\/wp\/v2\/posts\/6284\/revisions"}],"predecessor-version":[{"id":6363,"href":"https:\/\/tjsokolkoberice.cz\/index.php?rest_route=\/wp\/v2\/posts\/6284\/revisions\/6363"}],"wp:featuredmedia":[{"embeddable":true,"href":"https:\/\/tjsokolkoberice.cz\/index.php?rest_route=\/wp\/v2\/media\/6285"}],"wp:attachment":[{"href":"https:\/\/tjsokolkoberice.cz\/index.php?rest_route=%2Fwp%2Fv2%2Fmedia&parent=6284"}],"wp:term":[{"taxonomy":"category","embeddable":true,"href":"https:\/\/tjsokolkoberice.cz\/index.php?rest_route=%2Fwp%2Fv2%2Fcategories&post=6284"},{"taxonomy":"post_tag","embeddable":true,"href":"https:\/\/tjsokolkoberice.cz\/index.php?rest_route=%2Fwp%2Fv2%2Ftags&post=6284"}],"curies":[{"name":"wp","href":"https:\/\/api.w.org\/{rel}","templated":true}]}}