{"id":6367,"date":"2019-07-02T17:32:52","date_gmt":"2019-07-02T16:32:52","guid":{"rendered":"https:\/\/tjsokolkoberice.cz\/?p=6367"},"modified":"2025-10-14T11:52:34","modified_gmt":"2025-10-14T10:52:34","slug":"nove-sekacky-pro-tj-sokol","status":"publish","type":"post","link":"https:\/\/tjsokolkoberice.cz\/?p=6367","title":{"rendered":"Nov\u00e9 seka\u010dky pro TJ Sokol"},"content":{"rendered":"<div style=\"text-align: justify;\"><span style=\"font-family: helvetica, arial, sans-serif; font-size: 12pt;\">Obec Kobe\u0159ice zakoupila pro TJ Sokol dv\u011b zbrusu nov\u00e9 seka\u010dky. Jedn\u00e1 se o v\u0159etenovou seka\u010dku zna\u010dky Jacobsen, kter\u00e1 je ur\u010dena na se\u010den\u00ed fotbalov\u00fdch ploch a vyu\u017e\u00edvaj\u00ed ji tak\u00e9 elitn\u00ed kluby u n\u00e1s i po cel\u00e9m sv\u011bt\u011b. Druh\u00e1, klasick\u00fd rota\u010dn\u00ed traktorek zna\u010dky Starjet, je ur\u010den na se\u010den\u00ed vlhk\u00e9 tr\u00e1vy a obsek\u00e1v\u00e1n\u00ed prostranstv\u00ed kolem h\u0159i\u0161t\u011b. Pravideln\u00e9 se\u010den\u00ed kvalitn\u00edmi seka\u010dkami p\u0159isp\u00edv\u00e1 spolu se zavla\u017eov\u00e1n\u00edm, hnojen\u00edm a dal\u0161\u00edmi regenera\u010dn\u00edmi technikami ke kvalitn\u00edmu stavu hrac\u00edch ploch.&nbsp;<\/span><\/div>\n<div style=\"text-align: justify;\">&nbsp;<\/div>\n<div style=\"text-align: justify;\"><span style=\"font-family: helvetica, arial, sans-serif; font-size: 12pt;\">V\u011b\u0159\u00edme, \u017ee i d\u00edky nov\u00fdm seka\u010dk\u00e1m a um\u011bl\u00e9mu z\u00e1vlahov\u00e9mu syst\u00e9mu, kter\u00fd nechala Obec Kobe\u0159ice vybudovat na obou h\u0159i\u0161t\u00edch v uplynul\u00e9m roce, se zlep\u0161\u00ed celkov\u00e1 kvalita na\u0161ich fotbalov\u00fdch h\u0159i\u0161\u0165. Touto cestou d\u011bkuje veden\u00ed TJ Sokol Obci Kobe\u0159ice za poskytnut\u00e9 finan\u010dn\u00ed prost\u0159edky pro realizaci t\u011bchto investic, kter\u00e9 jist\u011b povedou ke zkr\u00e1\u0161len\u00ed ji\u017e tak p\u011bkn\u00e9ho are\u00e1lu TJ Sokol Kobe\u0159ice.<\/span><\/div>\n<div style=\"text-align: justify;\">&nbsp;<\/div>\n<div>&nbsp;<\/div>\n<div>ngg_shortcode_0_placeholder<\/div>\n","protected":false},"excerpt":{"rendered":"<p>Obec Kobe\u0159ice zakoupila pro TJ Sokol dv\u011b zbrusu nov\u00e9 seka\u010dky. Jedn\u00e1 se o v\u0159etenovou seka\u010dku zna\u010dky Jacobsen, kter\u00e1 je ur\u010dena na se\u010den\u00ed fotbalov\u00fdch ploch a vyu\u017e\u00edvaj\u00ed<span class=\"excerpt-hellip\"> [\u2026]<\/span><\/p>\n","protected":false},"author":3,"featured_media":6368,"comment_status":"closed","ping_status":"open","sticky":false,"template":"","format":"standard","meta":{"ngg_post_thumbnail":0,"footnotes":""},"categories":[107,150],"tags":[],"class_list":["post-6367","post","type-post","status-publish","format-standard","has-post-thumbnail","hentry","category-fotbal","category-vse"],"_links":{"self":[{"href":"https:\/\/tjsokolkoberice.cz\/index.php?rest_route=\/wp\/v2\/posts\/6367","targetHints":{"allow":["GET"]}}],"collection":[{"href":"https:\/\/tjsokolkoberice.cz\/index.php?rest_route=\/wp\/v2\/posts"}],"about":[{"href":"https:\/\/tjsokolkoberice.cz\/index.php?rest_route=\/wp\/v2\/types\/post"}],"author":[{"embeddable":true,"href":"https:\/\/tjsokolkoberice.cz\/index.php?rest_route=\/wp\/v2\/users\/3"}],"replies":[{"embeddable":true,"href":"https:\/\/tjsokolkoberice.cz\/index.php?rest_route=%2Fwp%2Fv2%2Fcomments&post=6367"}],"version-history":[{"count":1,"href":"https:\/\/tjsokolkoberice.cz\/index.php?rest_route=\/wp\/v2\/posts\/6367\/revisions"}],"predecessor-version":[{"id":6389,"href":"https:\/\/tjsokolkoberice.cz\/index.php?rest_route=\/wp\/v2\/posts\/6367\/revisions\/6389"}],"wp:featuredmedia":[{"embeddable":true,"href":"https:\/\/tjsokolkoberice.cz\/index.php?rest_route=\/wp\/v2\/media\/6368"}],"wp:attachment":[{"href":"https:\/\/tjsokolkoberice.cz\/index.php?rest_route=%2Fwp%2Fv2%2Fmedia&parent=6367"}],"wp:term":[{"taxonomy":"category","embeddable":true,"href":"https:\/\/tjsokolkoberice.cz\/index.php?rest_route=%2Fwp%2Fv2%2Fcategories&post=6367"},{"taxonomy":"post_tag","embeddable":true,"href":"https:\/\/tjsokolkoberice.cz\/index.php?rest_route=%2Fwp%2Fv2%2Ftags&post=6367"}],"curies":[{"name":"wp","href":"https:\/\/api.w.org\/{rel}","templated":true}]}}