{"id":6390,"date":"2019-07-02T17:35:54","date_gmt":"2019-07-02T16:35:54","guid":{"rendered":"https:\/\/tjsokolkoberice.cz\/?p=6390"},"modified":"2025-10-14T11:52:34","modified_gmt":"2025-10-14T10:52:34","slug":"zmena-na-pozici-hlavniho-trenera-a-muzstva","status":"publish","type":"post","link":"https:\/\/tjsokolkoberice.cz\/?p=6390","title":{"rendered":"Zm\u011bna na pozici hlavn\u00edho tren\u00e9ra A mu\u017estva!"},"content":{"rendered":"<div style=\"text-align: justify;\"><span style=\"font-size: 12pt; font-family: helvetica, arial, sans-serif;\">Po dlouh\u00fdch 8 letech na lavi\u010dce A mu\u017estva skon\u010dil po \u00fasp\u011b\u0161n\u00e9 sez\u00f3n\u011b v pozici tren\u00e9ra pan&nbsp;<b>Tom\u00e1\u0161 Kamr\u00e1d<\/b>. Kobe\u0159ick\u00fd rod\u00e1k, s tren\u00e9rskou minulost\u00ed nap\u0159. z divizn\u00edho Doln\u00edho Bene\u0161ova, pro\u017eil \u00fasp\u011b\u0161n\u00e9 p\u016fsoben\u00ed v Kobe\u0159ic\u00edch, se kter\u00fdmi 2x postoupil do krajsk\u00e9ho p\u0159eboru. Za jeho odvedenou pr\u00e1ci mu V\u00fdbor TJ Sokol velmi d\u011bkuje a p\u0159eje mu hodn\u011b \u00fasp\u011bch\u016f do jeho dal\u0161\u00ed tren\u00e9rsk\u00e9 kari\u00e9ry! Podle posledn\u00edch informac\u00ed povedou jeho dal\u0161\u00ed tren\u00e9rsk\u00e9 kroky k ml\u00e1de\u017ei SFC Opava. Hodn\u011b \u0161t\u011bst\u00ed tren\u00e9re!<\/span><\/div>\n<div style=\"text-align: justify;\">&nbsp;<\/div>\n<div style=\"text-align: justify;\"><span style=\"font-size: 12pt; font-family: helvetica, arial, sans-serif;\">Role nov\u00e9ho tren\u00e9ra A mu\u017estva se ujme b\u00fdval\u00fd tren\u00e9r divizn\u00edho Doln\u00edho Bene\u0161ova, naposledy ve slu\u017eb\u00e1ch sousedn\u00edch \u0160t\u011bp\u00e1nkovic, pan&nbsp;<b>Du\u0161an Christoph<\/b>. Rod\u00e1k ze Svobody, kter\u00fd v Kobe\u0159ic\u00edch ji\u017e dlouho \u017eije, p\u0159ijal velmi n\u00e1ro\u010dnou \u00falohu tren\u00e9ra nov\u00e1\u010dka krajsk\u00e9ho p\u0159eboru. P\u0159ejeme mu v jeho nov\u00e9 roli hodn\u011b \u00fasp\u011bch\u016f, a\u0165 se mu na kobe\u0159ick\u00e9 lavi\u010dce da\u0159\u00ed! \u00davodn\u00ed tr\u00e9nink p\u0159ed novou sez\u00f3nou povede nov\u00fd tren\u00e9r ve st\u0159edu 10.7. Prvn\u00edm soupe\u0159em na\u0161ich fotbalist\u016f v nov\u00e9m ro\u010dn\u00edku krajsk\u00e9ho p\u0159eboru bude v sobotu 3.8. venku Hlubina. O t\u00fdden pozd\u011bji p\u0159iv\u00edtaj\u00ed doma H\u00e1j ve Slezsku. P\u0159ejeme hodn\u011b \u0161t\u011bst\u00ed v nov\u00e9 sez\u00f3n\u011b!<\/span><\/div>\n","protected":false},"excerpt":{"rendered":"<p>Po dlouh\u00fdch 8 letech na lavi\u010dce A mu\u017estva skon\u010dil po \u00fasp\u011b\u0161n\u00e9 sez\u00f3n\u011b v pozici tren\u00e9ra pan&nbsp;Tom\u00e1\u0161 Kamr\u00e1d. Kobe\u0159ick\u00fd rod\u00e1k, s tren\u00e9rskou minulost\u00ed nap\u0159. z divizn\u00edho Doln\u00edho<span class=\"excerpt-hellip\"> [\u2026]<\/span><\/p>\n","protected":false},"author":3,"featured_media":3370,"comment_status":"closed","ping_status":"open","sticky":false,"template":"","format":"standard","meta":{"ngg_post_thumbnail":0,"footnotes":""},"categories":[115,107,150],"tags":[],"class_list":["post-6390","post","type-post","status-publish","format-standard","has-post-thumbnail","hentry","category-a-tym","category-fotbal","category-vse"],"_links":{"self":[{"href":"https:\/\/tjsokolkoberice.cz\/index.php?rest_route=\/wp\/v2\/posts\/6390","targetHints":{"allow":["GET"]}}],"collection":[{"href":"https:\/\/tjsokolkoberice.cz\/index.php?rest_route=\/wp\/v2\/posts"}],"about":[{"href":"https:\/\/tjsokolkoberice.cz\/index.php?rest_route=\/wp\/v2\/types\/post"}],"author":[{"embeddable":true,"href":"https:\/\/tjsokolkoberice.cz\/index.php?rest_route=\/wp\/v2\/users\/3"}],"replies":[{"embeddable":true,"href":"https:\/\/tjsokolkoberice.cz\/index.php?rest_route=%2Fwp%2Fv2%2Fcomments&post=6390"}],"version-history":[{"count":1,"href":"https:\/\/tjsokolkoberice.cz\/index.php?rest_route=\/wp\/v2\/posts\/6390\/revisions"}],"predecessor-version":[{"id":6391,"href":"https:\/\/tjsokolkoberice.cz\/index.php?rest_route=\/wp\/v2\/posts\/6390\/revisions\/6391"}],"wp:featuredmedia":[{"embeddable":true,"href":"https:\/\/tjsokolkoberice.cz\/index.php?rest_route=\/wp\/v2\/media\/3370"}],"wp:attachment":[{"href":"https:\/\/tjsokolkoberice.cz\/index.php?rest_route=%2Fwp%2Fv2%2Fmedia&parent=6390"}],"wp:term":[{"taxonomy":"category","embeddable":true,"href":"https:\/\/tjsokolkoberice.cz\/index.php?rest_route=%2Fwp%2Fv2%2Fcategories&post=6390"},{"taxonomy":"post_tag","embeddable":true,"href":"https:\/\/tjsokolkoberice.cz\/index.php?rest_route=%2Fwp%2Fv2%2Ftags&post=6390"}],"curies":[{"name":"wp","href":"https:\/\/api.w.org\/{rel}","templated":true}]}}