{"id":6465,"date":"2019-08-07T11:52:21","date_gmt":"2019-08-07T10:52:21","guid":{"rendered":"https:\/\/tjsokolkoberice.cz\/?p=6465"},"modified":"2025-10-14T11:52:33","modified_gmt":"2025-10-14T10:52:33","slug":"6465","status":"publish","type":"post","link":"https:\/\/tjsokolkoberice.cz\/?p=6465","title":{"rendered":"Zhodnocen\u00ed Sportovn\u00ed slavnosti 2019"},"content":{"rendered":"<p style=\"text-align: justify;\"><span style=\"font-family: helvetica, arial, sans-serif; font-size: 12pt;\"><strong><u>Zhodnocen\u00ed Sportovn\u00ed slavnosti 2019<\/u><\/strong><\/span><\/p>\n<p style=\"text-align: justify;\"><span style=\"font-family: helvetica, arial, sans-serif; font-size: 12pt;\">Sportovn\u00ed slavnost se v&nbsp;leto\u0161n\u00edm roce konala v&nbsp;term\u00ednu 12. \u2013 14.7. 2019. P\u0159edpov\u011bdi po\u010das\u00ed na tento v\u00edkend nebyly zrovna p\u0159\u00edzniv\u00e9, tak jsme neskute\u010dn\u011b vd\u011b\u010dni, \u017ee \u201evydr\u017eelo\u201c a b\u011bhem cel\u00e9ho v\u00edkendu neohrozilo chod slavnost\u00ed.<\/span><\/p>\n<p style=\"text-align: justify;\"><span style=\"font-family: helvetica, arial, sans-serif; font-size: 12pt;\">Slavnosti odstartovaly v&nbsp;p\u00e1tek 12.7 ve 20 hodin diskot\u00e9kou s&nbsp;R\u00e1diem \u010cas a DJ Ale\u0161em \u0160klubalem.&nbsp; Za z\u00e1bavou p\u0159i\u0161lo tak\u0159ka 300 n\u00e1v\u0161t\u011bvn\u00edk\u016f, kte\u0159\u00ed se bavili se a\u017e do brzk\u00fdch rann\u00edch hodin.<\/span><\/p>\n<p style=\"text-align: justify;\"><span style=\"font-family: helvetica, arial, sans-serif; font-size: 12pt;\">Nabit\u00fd sportovn\u011b-kulturn\u00ed program nab\u00eddl sobotn\u00ed den. V&nbsp;dopoledn\u00edch hodin\u00e1ch se konaly turnaje v&nbsp;beachvolejbalu a taky v&nbsp;mal\u00e9 kopan\u00e9, kter\u00e9 se hr\u00e1ly a\u017e do pozdn\u00edch odpoledn\u00edch hodin.<\/span><\/p>\n<p style=\"text-align: justify;\"><span style=\"font-family: helvetica, arial, sans-serif; font-size: 12pt;\">Are\u00e1l se kolem 19 hodiny ji\u017e p\u0159ipravoval na vrchol leto\u0161n\u00edch slavnost\u00ed, a to na koncert Marka Ztracen\u00e9ho.<\/span><\/p>\n<p style=\"text-align: justify;\"><span style=\"font-family: helvetica, arial, sans-serif; font-size: 12pt;\">Sobotn\u00ed ve\u010dern\u00ed program zah\u00e1jila kapela Nad\u011bje, kter\u00e1 m\u011bla p\u0159ipraven\u00fd hodinov\u00fd koncert. A\u010dkoliv m\u011bla kapela p\u0159ijet do are\u00e1lu tak, aby za\u010dala hr\u00e1t po 20 hodin\u011b, nestalo se tak, z&nbsp;d\u016fvodu komplikac\u00ed na d\u00e1lnici proto nakonec odehr\u00e1la jen 5 p\u00edsn\u00ed, aby se mohl nachystat koncert headlinera. V\u011b\u0159\u00edme, \u017ee se kapela k&nbsp;n\u00e1m je\u0161t\u011b jednou vr\u00e1t\u00ed a odehraje ji\u017e cel\u00fd koncert.<\/span><\/p>\n<p style=\"text-align: justify;\"><span style=\"font-family: helvetica, arial, sans-serif; font-size: 12pt;\">S&nbsp;\u00faderem 22 hodiny se na p\u00f3diu objevil Marek Ztracen\u00fd se svou kapelou a p\u0159ichystal si hodinovou hudebn\u00ed show, kter\u00e1 roztan\u010dila a rozezp\u00edvala v\u0161echny p\u0159\u00edtomn\u00e9. Marek dok\u00e1zal navodit neuv\u011b\u0159itelnou atmosf\u00e9ru, dostal publikum do spr\u00e1vn\u00edho \u201evaru\u201c a kdo \u010dekal, \u017ee snad zazn\u00ed p\u00edse\u0148, kterou nezn\u00e1, tak byl zklam\u00e1n. Ztr\u00e1c\u00ed\u0161, L\u00e9to 95, Minulost, Za 100 let apod. zn\u011bly kobe\u0159ick\u00fdm are\u00e1lem p\u0159esn\u011b do 23 hodiny.<\/span><\/p>\n<p style=\"text-align: justify;\"><span style=\"font-family: helvetica, arial, sans-serif; font-size: 12pt;\">Asi 20 minut po koncert\u011b se Marek vr\u00e1til zp\u011bt k p\u00f3diu a fanou\u0161ci se s&nbsp;n\u00edm mohli vyfotit, nebo jim Marek dal sv\u016fj autogram.<\/span><\/p>\n<p style=\"text-align: justify;\"><span style=\"font-family: helvetica, arial, sans-serif; font-size: 12pt;\">Nutno konstatovat, \u017ee a\u010dkoliv koncert z&nbsp;hlediska n\u00e1v\u0161t\u011bvnosti nebyl vyprodan\u00fd, fanou\u0161ci odch\u00e1zeli spokojeni a napln\u011bn\u00ed pozitivn\u00ed energi\u00ed, za co\u017e jsme velice vd\u011b\u010dni.<\/span><\/p>\n<p style=\"text-align: justify;\"><span style=\"font-family: helvetica, arial, sans-serif; font-size: 12pt;\">Celou akci dostal do \u00fasp\u011b\u0161n\u00e9ho konce DJ Kravchuk, kter\u00fd sv\u00fdmi hity bavil n\u00e1v\u0161t\u011bvn\u00edky a\u017e do 3 hodiny rann\u00ed.<\/span><\/p>\n<p style=\"text-align: justify;\">&nbsp;<\/p>\n<p style=\"text-align: justify;\"><span style=\"font-family: helvetica, arial, sans-serif; font-size: 12pt;\">Ned\u011bln\u00ed den se nesl v&nbsp;podobn\u00e9m duchu, jako ten sobotn\u00ed. Ned\u011ble je den, kdy na h\u0159i\u0161t\u011b zav\u00edtaj\u00ed rodiny s&nbsp;d\u011btmi, pro p\u00e1ny je k&nbsp;vid\u011bn\u00ed atraktivn\u00ed fotbalov\u00e9 utk\u00e1n\u00ed a letos jsme si p\u0159ipravili pro div\u00e1ky i n\u011bco nav\u00edc.<\/span><\/p>\n<p style=\"text-align: justify;\"><span style=\"font-family: helvetica, arial, sans-serif; font-size: 12pt;\">Dopoledne se op\u011bt konal fotbalov\u00fd turnaj, tentokr\u00e1t dorostu, v&nbsp;10 hodin prob\u011bhla slavnostn\u00ed m\u0161e svat\u00e1, kter\u00e1 byla ob\u011btov\u00e1na za \u017eiv\u00e9 a zem\u0159el\u00e9 sportovce z&nbsp;Kobe\u0159ic a z\u00e1rove\u0148 se odehr\u00e1ly fotbalov\u00e9 turnaje \u017e\u00e1k\u016f proti rodi\u010d\u016fm a tak\u00e9 \u201estar\u00fdch gard\u201c.<\/span><\/p>\n<p style=\"text-align: justify;\"><span style=\"font-family: helvetica, arial, sans-serif; font-size: 12pt;\">Hlavn\u00ed fotbalov\u00e9 utk\u00e1n\u00ed prob\u011bhlo mezi SFC Opava \u201eB\u201c a FC Hlu\u010d\u00ednem. V&nbsp;polo\u010dase na div\u00e1ky \u010dekala uk\u00e1zka bojov\u00e9ho um\u011bn\u00ed Musado, kter\u00e9ho se zhostila A\u010cR, konkr\u00e9tn\u011b voj\u00e1ci z&nbsp;Lipn\u00edku nad Be\u010dvou. Tato cca 15 minutov\u00e1 uk\u00e1zka p\u0159il\u00e1kala na fotbalovou plochu mal\u00e9 i velk\u00e9 zv\u011bdavce a sklidila velik\u00fd \u00fasp\u011bch.<\/span><\/p>\n<p style=\"text-align: justify;\"><span style=\"font-family: helvetica, arial, sans-serif; font-size: 12pt;\">Po fotbalov\u00e9m utk\u00e1n\u00ed byl pro div\u00e1ky op\u011bt p\u0159ipraven\u00fd program a to vystoupen\u00ed zn\u00e1m\u00e9ho \u010desk\u00e9ho imit\u00e1tora, pana Petra Jablonsk\u00e9ho, kter\u00fd si p\u0159ipravil p\u016flhodinovou show plnou hlas\u016f zn\u00e1m\u00fdch politik\u016f, herc\u016f a zp\u011bv\u00e1k\u016f. Bavili se v\u0161ichni p\u0159\u00edtomn\u00ed a po skon\u010den\u00ed show byla op\u011bt mo\u017enost se s&nbsp;panem Jablonsk\u00fdm vyfotit nebo od n\u011bj z\u00edskat autogram.<\/span><\/p>\n<p style=\"text-align: justify;\"><span style=\"font-size: 12pt; font-family: helvetica, arial, sans-serif;\">Hned po vystoupen\u00ed do\u0161lo ji\u017e k&nbsp;tradi\u010dn\u00edmu losov\u00e1n\u00ed v\u011bcn\u00e9 tomboly, kdy v&nbsp;leto\u0161n\u00edm roce byl hlavn\u00ed v\u00fdhrou d\u00e1rkov\u00fd voucher u CK Exim Tours v&nbsp;hodnot\u011b 10.000 K\u010d.<\/span><\/p>\n<p style=\"text-align: justify;\"><span style=\"font-family: helvetica, arial, sans-serif; font-size: 12pt;\">Po ukon\u010den\u00e9m slosov\u00e1n\u00ed se ji\u017e p\u0159ipravovala na p\u00f3dium mlad\u00e1 kapela Lucky Jane, jej\u017e n\u011bkte\u0159\u00ed \u010dlenov\u00e9 poch\u00e1zej\u00ed p\u0159\u00edmo z&nbsp;Kobe\u0159ic. Bohu\u017eel kv\u016fli technick\u00fdm probl\u00e9m\u016fm, kter\u00e9 vznikly u\u017e p\u0159i zvukov\u00e9 zkou\u0161ce a pokra\u010dovaly i b\u011bhem koncertu, nemohla kapela odehr\u00e1t cel\u00fd koncert, ale asi jen 4 p\u00edsn\u011b.<\/span><\/p>\n<p style=\"text-align: justify;\"><span style=\"font-family: helvetica, arial, sans-serif; font-size: 12pt;\">Tohle mrzelo nejen n\u00e1s, jako po\u0159adatele, ale hlavn\u011b kapelu, kter\u00e1 se na koncert t\u011b\u0161ila. Jsou v\u011bci, kter\u00e9 se p\u0159ipravit um\u00edte, ale tohle nen\u00ed zrovna p\u0159\u00edpad zvukov\u00e9 techniky. Douf\u00e1me, \u017ee si kapela bude je\u0161t\u011b cht\u00edt v&nbsp;budoucnu n\u011bkdy hran\u00ed zopakovat a uk\u00e1zat tak, co um\u00ed.<\/span><\/p>\n<p style=\"text-align: justify;\"><span style=\"font-size: 12pt; font-family: helvetica, arial, sans-serif;\">Ne v\u017edy se v\u0161echno vyda\u0159\u00ed podle na\u0161ich p\u0159edstav. Ne v\u017edy vyjde po\u010das\u00ed takov\u00e9, jak\u00e9 bychom si p\u0159edstavovali a ne v\u017edy p\u0159ijde tolik lid\u00ed, kolik bychom si p\u0159\u00e1li. Ka\u017ed\u00fd rok je jin\u00fd a p\u0159esto ta pr\u00e1ce, kter\u00e1 za t\u00edm je, je st\u00e1le stejn\u00e1 a v&nbsp;mnoha ohledech \u010d\u00edm d\u00e1l n\u00e1ro\u010dn\u011bj\u0161\u00ed.<\/span><\/p>\n<p style=\"text-align: justify;\"><span style=\"font-size: 12pt; font-family: helvetica, arial, sans-serif;\">Pry\u010d jsou doby, kdy v&nbsp;okol\u00ed nebylo o pr\u00e1zdninov\u00fdch v\u00edkendech kam \u201ezaj\u00edt\u201c. \u017dijeme v&nbsp;dob\u011b, kter\u00e1 nab\u00edz\u00ed spoustu mo\u017enost\u00ed a lid\u00e9 si m\u016f\u017eou vyb\u00edrat, kam si za kulturou zajdou nebo jestli v\u016fbec n\u011bkam p\u016fjdou.<\/span><\/p>\n<p style=\"text-align: justify;\"><span style=\"font-family: helvetica, arial, sans-serif; font-size: 12pt;\">Ukazuje se, \u017ee d\u011blat akci v&nbsp;takov\u00e9m nastaven\u00ed, jako ji d\u011bl\u00e1me my, je pomalu nemo\u017en\u00e9. Po\u0159\u00e1dat 3 denn\u00ed slavnost na vlastn\u00ed p\u011bst, bez velk\u00fdch sponzor\u016f a s t\u00fdmem, kter\u00fd za organizaci nic nedostane, bude u\u017e za p\u00e1r let minulost\u00ed.<\/span><\/p>\n<p style=\"text-align: justify;\"><span style=\"font-family: helvetica, arial, sans-serif; font-size: 12pt;\">P\u0159esto v\u011b\u0159\u00edme, \u017ee se najdou lidi, kte\u0159\u00ed p\u0159ijdou podpo\u0159it na\u0161i pr\u00e1ci, kte\u0159\u00ed v\u00e1s pochv\u00e1l\u00ed, kdy\u017e se n\u011bco povede, proto\u017ee kritik\u016f a t\u011bch, kte\u0159\u00ed vid\u00ed jen chyby je hodn\u011b.<\/span><\/p>\n<p style=\"text-align: justify;\">&nbsp;<\/p>\n<p style=\"text-align: justify;\"><span style=\"font-size: 12pt; font-family: helvetica, arial, sans-serif;\">D\u011bkujeme v\u0161em, kte\u0159\u00ed n\u00e1m s&nbsp;organizac\u00ed slavnosti pomohli, d\u011bkujeme obci za z\u00e1zem\u00ed a pomoc zejm\u00e9na p\u0159i \u00faklidu are\u00e1lu a d\u011bkujeme v\u0161em sponzor\u016fm, kte\u0159\u00ed p\u0159isp\u011bli do na\u0161\u00ed v\u011bcn\u00e9 tomboly.<\/span><\/p>\n<p style=\"text-align: justify;\">&nbsp;<\/p>\n<p style=\"text-align: justify;\"><span style=\"font-family: helvetica, arial, sans-serif; font-size: 12pt;\">Dal\u0161\u00ed ro\u010dn\u00edk slavnosti je je\u0161t\u011b daleko, ale pro organiz\u00e1tory za\u010d\u00edn\u00e1 dal\u0161\u00ed pr\u00e1ce na jeho koncepci, programu a v\u0161emu, co k&nbsp;tomu pat\u0159\u00ed.<\/span><\/p>\n<p style=\"text-align: justify;\"><span style=\"font-family: helvetica, arial, sans-serif; font-size: 12pt;\"> V\u011b\u0159\u00edme, \u017ee si k&nbsp;n\u00e1m po roce op\u011bt najdete cestu a p\u0159ijdete se bavit se sv\u00fdmi d\u011btmi, zn\u00e1m\u00fdmi nebo rodi\u010di.<\/span><\/p>\n<p style=\"text-align: justify;\">&nbsp;<\/p>\n<p style=\"text-align: right;\"><span style=\"font-family: helvetica, arial, sans-serif; font-size: 12pt;\">P\u0159ejeme v\u0161em kr\u00e1sn\u00fd zbytek l\u00e9ta \ud83d\ude42<\/span><\/p>\n<p style=\"text-align: right;\"><span style=\"font-family: helvetica, arial, sans-serif; font-size: 12pt;\"><strong>Mgr. Marie Buchtov\u00e1<\/strong><\/span><\/p>\n<p style=\"text-align: right;\"><span style=\"font-family: helvetica, arial, sans-serif; font-size: 12pt;\"><em>kulturn\u00ed referent TJ Sokol Kobe\u0159ice<\/em><\/span><\/p>\n<p style=\"text-align: justify;\">&nbsp;<\/p>\n","protected":false},"excerpt":{"rendered":"<p>Zhodnocen\u00ed Sportovn\u00ed slavnosti 2019 Sportovn\u00ed slavnost se v&nbsp;leto\u0161n\u00edm roce konala v&nbsp;term\u00ednu 12. \u2013 14.7. 2019. P\u0159edpov\u011bdi po\u010das\u00ed na tento v\u00edkend nebyly zrovna p\u0159\u00edzniv\u00e9, tak jsme neskute\u010dn\u011b<span class=\"excerpt-hellip\"> [\u2026]<\/span><\/p>\n","protected":false},"author":3,"featured_media":6226,"comment_status":"closed","ping_status":"open","sticky":false,"template":"","format":"standard","meta":{"ngg_post_thumbnail":0,"footnotes":""},"categories":[127,150],"tags":[],"class_list":["post-6465","post","type-post","status-publish","format-standard","has-post-thumbnail","hentry","category-kulturni-akce","category-vse"],"_links":{"self":[{"href":"https:\/\/tjsokolkoberice.cz\/index.php?rest_route=\/wp\/v2\/posts\/6465","targetHints":{"allow":["GET"]}}],"collection":[{"href":"https:\/\/tjsokolkoberice.cz\/index.php?rest_route=\/wp\/v2\/posts"}],"about":[{"href":"https:\/\/tjsokolkoberice.cz\/index.php?rest_route=\/wp\/v2\/types\/post"}],"author":[{"embeddable":true,"href":"https:\/\/tjsokolkoberice.cz\/index.php?rest_route=\/wp\/v2\/users\/3"}],"replies":[{"embeddable":true,"href":"https:\/\/tjsokolkoberice.cz\/index.php?rest_route=%2Fwp%2Fv2%2Fcomments&post=6465"}],"version-history":[{"count":4,"href":"https:\/\/tjsokolkoberice.cz\/index.php?rest_route=\/wp\/v2\/posts\/6465\/revisions"}],"predecessor-version":[{"id":6469,"href":"https:\/\/tjsokolkoberice.cz\/index.php?rest_route=\/wp\/v2\/posts\/6465\/revisions\/6469"}],"wp:featuredmedia":[{"embeddable":true,"href":"https:\/\/tjsokolkoberice.cz\/index.php?rest_route=\/wp\/v2\/media\/6226"}],"wp:attachment":[{"href":"https:\/\/tjsokolkoberice.cz\/index.php?rest_route=%2Fwp%2Fv2%2Fmedia&parent=6465"}],"wp:term":[{"taxonomy":"category","embeddable":true,"href":"https:\/\/tjsokolkoberice.cz\/index.php?rest_route=%2Fwp%2Fv2%2Fcategories&post=6465"},{"taxonomy":"post_tag","embeddable":true,"href":"https:\/\/tjsokolkoberice.cz\/index.php?rest_route=%2Fwp%2Fv2%2Ftags&post=6465"}],"curies":[{"name":"wp","href":"https:\/\/api.w.org\/{rel}","templated":true}]}}