{"id":6475,"date":"2019-08-09T10:38:23","date_gmt":"2019-08-09T09:38:23","guid":{"rendered":"https:\/\/tjsokolkoberice.cz\/?p=6475"},"modified":"2025-10-14T11:52:33","modified_gmt":"2025-10-14T10:52:33","slug":"vikendovy-program-nasich-muzstev-66","status":"publish","type":"post","link":"https:\/\/tjsokolkoberice.cz\/?p=6475","title":{"rendered":"V\u00edkendov\u00fd program na\u0161ich mu\u017estev"},"content":{"rendered":"<p style=\"text-align: justify;\"><span style=\"font-size: 14pt; font-family: helvetica, arial, sans-serif;\"><strong>V&nbsp;\u00favodn\u00edm dom\u00e1c\u00edm utk\u00e1n\u00ed host\u00edme H\u00e1j ve Slezsku<\/strong><\/span><\/p>\n<p style=\"text-align: justify;\"><span style=\"font-size: 12pt; font-family: helvetica, arial, sans-serif;\">Ve&nbsp;druh\u00e9m sout\u011b\u017en\u00edm kole krajsk\u00e9ho p\u0159eboru p\u0159iv\u00edtaj\u00ed na\u0161i fotbalist\u00e9 A mu\u017estva na sv\u00e9m h\u0159i\u0161ti celek H\u00e1je ve Slezsku. Toto mu\u017estvo zv\u00edt\u011bzilo v&nbsp;\u00favodn\u00edm kole s&nbsp;Byst\u0159ic\u00ed pom\u011brem 6:0. Na\u0161i fotbalist\u00e9 v&nbsp;\u00favodn\u00edm kole remizovali 1:1 na Hlubin\u011b.<\/span><\/p>\n<p style=\"text-align: justify;\"><span style=\"font-size: 12pt; font-family: helvetica, arial, sans-serif;\">Host\u00e9 k&nbsp;n\u00e1m p\u0159ij\u00ed\u017ed\u011bj\u00ed jako pr\u016fb\u011b\u017en\u011b t\u0159et\u00ed celek tabulky krajsk\u00e9ho p\u0159eboru, na\u0161i jsou s&nbsp;jedn\u00edm bodem na osm\u00e9m m\u00edst\u011b. Nejlep\u0161\u00edmi st\u0159elci host\u00ed jsou&nbsp; Petr Konvi\u010dka spolu s&nbsp;Pavlem \u017d\u016frkem, kte\u0159\u00ed dali v&nbsp;prvn\u00edm kole po dv\u011b branky. Na\u0161i jedinou branku vst\u0159elil Michal Ve\u010derek.<\/span><\/p>\n<p style=\"text-align: justify;\"><span style=\"font-size: 12pt; font-family: helvetica, arial, sans-serif;\">P\u0159ij\u00ed\u017ed\u00ed k&nbsp;n\u00e1m mu\u017estvo, kter\u00e9 je tradi\u010dn\u00edm \u00fa\u010dastn\u00edkem Krajsk\u00e9ho p\u0159eboru a kter\u00e9 bude nad\u0161eno \u00favodn\u00edm vysok\u00fdm v\u00edt\u011bzstv\u00edm. Na\u0161e mu\u017estvo jde do utk\u00e1n\u00ed po rem\u00edze 1:1 a bude cht\u00edt hr\u00e1t co nejl\u00e9pe a nezklamat na\u0161e fanou\u0161ky. V\u00fdhodou jim bude jist\u011b dom\u00e1c\u00ed prost\u0159ed\u00ed.<\/span><\/p>\n<p style=\"text-align: justify;\"><span style=\"font-size: 12pt; font-family: helvetica, arial, sans-serif;\"><strong>Utk\u00e1n\u00ed krajsk\u00e9ho p\u0159eboru Kobe\u0159ice &#8211; H\u00e1j ve Slezsku se bude hr\u00e1t v&nbsp;ned\u011bli 11.srpna 2019 v&nbsp;17:00 hodin. <\/strong><\/span><\/p>\n<p style=\"text-align: justify;\"><span style=\"font-size: 12pt; font-family: helvetica, arial, sans-serif;\"><strong><u><br \/>\n<\/u><\/strong><\/span><\/p>\n<p style=\"text-align: justify;\"><span style=\"font-size: 12pt; font-family: helvetica, arial, sans-serif;\"><strong><u>Program krajsk\u00e9ho p\u0159eboru<\/u><\/strong><\/span><\/p>\n<p style=\"text-align: justify;\"><span style=\"font-size: 12pt; font-family: helvetica, arial, sans-serif;\">Fulnek<strong> &#8211; Hlubina <\/strong><\/span><\/p>\n<p style=\"text-align: justify;\"><span style=\"font-size: 12pt; font-family: helvetica, arial, sans-serif;\">\u010celadn\u00e1<strong> &#8211; \u010cesk\u00fd T\u011b\u0161\u00edn <\/strong><\/span><\/p>\n<p style=\"text-align: justify;\"><span style=\"font-size: 12pt; font-family: helvetica, arial, sans-serif;\">Doln\u00ed Datyn\u011b<strong> &#8211; Krnov <\/strong><\/span><\/p>\n<p style=\"text-align: justify;\"><span style=\"font-size: 12pt; font-family: helvetica, arial, sans-serif;\">Byst\u0159ice <strong>&#8211; Loko. Petrovice <\/strong><\/span><\/p>\n<p style=\"text-align: justify;\"><span style=\"font-size: 12pt; font-family: helvetica, arial, sans-serif;\">Kobe\u0159ice &#8211; H\u00e1j ve Slezsku<\/span><\/p>\n<p style=\"text-align: justify;\"><span style=\"font-size: 12pt; font-family: helvetica, arial, sans-serif;\">Pust\u00e1 Polom<strong> &#8211; \u0160enov <\/strong><\/span><\/p>\n<p style=\"text-align: justify;\"><span style=\"font-size: 12pt; font-family: helvetica, arial, sans-serif;\">B\u00edlovec<strong> &#8211; B\u0159idli\u010dn\u00e1 <\/strong><\/span><\/p>\n<p style=\"text-align: justify;\"><span style=\"font-size: 12pt; font-family: helvetica, arial, sans-serif;\">Old\u0159i\u0161ov<strong> &#8211; Bru\u0161perk<\/strong><\/span><\/p>\n<p style=\"text-align: justify;\"><span style=\"font-size: 12pt; font-family: helvetica, arial, sans-serif;\"><strong><u><br \/>\n<\/u><\/strong><strong><u>Program na\u0161eho A mu\u017estva v&nbsp; krajsk\u00e9ho p\u0159eboru<\/u><\/strong><\/span><\/p>\n<p style=\"text-align: justify;\"><span style=\"font-size: 12pt; font-family: helvetica, arial, sans-serif;\">Sobota 17. 8. 2019 17:00:&nbsp;Loko. Petrovice &#8211; Kobe\u0159ice<\/span><\/p>\n<p style=\"text-align: justify;\"><span style=\"font-size: 12pt; font-family: helvetica, arial, sans-serif;\">Ned\u011ble 25. 8. 2019 17:00:&nbsp;Kobe\u0159ice &#8211; Krnov<\/span><\/p>\n<p style=\"text-align: justify;\"><span style=\"font-size: 12pt; font-family: helvetica, arial, sans-serif;\">St\u0159eda 28. 8. 2019 17:00:&nbsp;Kobe\u0159ice &#8211; \u010cesk\u00fd T\u011b\u0161\u00edn<\/span><\/p>\n<p style=\"text-align: justify;\"><span style=\"font-size: 12pt; font-family: helvetica, arial, sans-serif;\">Sobota 31. 8. 2019 16:30:&nbsp;Bru\u0161perk &#8211; Kobe\u0159ice<\/span><\/p>\n<p style=\"text-align: justify;\"><span style=\"font-size: 12pt; font-family: helvetica, arial, sans-serif;\">Ned\u011ble 8. 9. 2019 16:00:&nbsp;Kobe\u0159ice &#8211; Doln\u00ed Datyn\u011b<\/span><\/p>\n<p style=\"text-align: justify;\"><span style=\"font-size: 12pt; font-family: helvetica, arial, sans-serif;\">Ned\u011ble 15. 9. 2019 16:00:&nbsp;Byst\u0159ice &#8211; Kobe\u0159ice<\/span><\/p>\n<p style=\"text-align: justify;\"><span style=\"font-size: 12pt; font-family: helvetica, arial, sans-serif;\">Ned\u011ble 22. 9. 2019 16:00:&nbsp;Old\u0159i\u0161ov &#8211; Kobe\u0159ice<\/span><\/p>\n<p style=\"text-align: justify;\"><span style=\"font-size: 12pt; font-family: helvetica, arial, sans-serif;\">Ned\u011ble 29. 9. 2019 15:30:&nbsp;Kobe\u0159ice &#8211; Fulnek<\/span><\/p>\n<p style=\"text-align: justify;\"><span style=\"font-size: 12pt; font-family: helvetica, arial, sans-serif;\">Sobota 5. 10. 2019 15:00:&nbsp;\u010celadn\u00e1 &#8211; Kobe\u0159ice<\/span><\/p>\n<p style=\"text-align: justify;\"><span style=\"font-size: 12pt; font-family: helvetica, arial, sans-serif;\">Ned\u011ble 13. 10. 2019 15:00:&nbsp;Kobe\u0159ice &#8211; Pust\u00e1 Polom<\/span><\/p>\n<p style=\"text-align: justify;\"><span style=\"font-size: 12pt; font-family: helvetica, arial, sans-serif;\">Ned\u011ble 20. 10. 2019 14:00:&nbsp;B\u00edlovec &#8211; Kobe\u0159ice<\/span><\/p>\n<p style=\"text-align: justify;\"><span style=\"font-size: 12pt; font-family: helvetica, arial, sans-serif;\">Ned\u011ble 27. 10. 2019 14:00:&nbsp;Kobe\u0159ice &#8211; B\u0159idli\u010dn\u00e1<\/span><\/p>\n<p style=\"text-align: justify;\"><span style=\"font-size: 12pt; font-family: helvetica, arial, sans-serif;\">Sobota 2. 11. 2019 14:00:&nbsp;\u0160enov &#8211; Kobe\u0159ice<\/span><\/p>\n<p style=\"text-align: justify;\"><span style=\"font-size: 12pt; font-family: helvetica, arial, sans-serif;\">Ned\u011ble 10. 11. 2019 13:30:&nbsp;Kobe\u0159ice &#8211; Hlubina<\/span><\/p>\n<p style=\"text-align: justify;\">&nbsp;<\/p>\n<p style=\"text-align: justify;\"><span style=\"font-size: 14pt; font-family: helvetica, arial, sans-serif;\"><strong>V&nbsp;p\u0159edz\u00e1pase se st\u0159etnou star\u0161\u00ed dorostenci s&nbsp;mu\u017estvem Hlubiny, ml. dorost m\u00e1 z\u00e1pas odlo\u017een\u00fd. <\/strong><\/span><\/p>\n<p style=\"text-align: justify;\"><span style=\"font-size: 12pt; font-family: helvetica, arial, sans-serif;\">V&nbsp;p\u0159edz\u00e1pase budou hr\u00e1t na\u0161i star\u0161\u00ed dorostenci s&nbsp;mu\u017estvem Hlubiny. M\u011bly se p\u016fvodn\u011b odehr\u00e1t dva z\u00e1pasy, ale po od\u0159eknut\u00ed ze strany soupe\u0159e se odehraje pouze prvn\u00ed pl\u00e1novan\u00e9 utk\u00e1n\u00ed star\u0161\u00edch dorostenc\u016f. \u010cas v\u00fdkopu z\u016fst\u00e1v\u00e1 na 12:45. Posunut\u00ed na 15 hod. by znamenalo komplikovan\u00e9 administrativn\u00ed jedn\u00e1n\u00ed a hlavn\u011b pen\u011b\u017eitou kompenzaci, na co\u017e n\u00e1\u0161 klub nep\u0159istoupil. <strong>N\u00e1hradn\u00ed term\u00edn odlo\u017een\u00e9ho utk\u00e1n\u00ed mlad\u0161\u00edch dorostenc\u016f byl stanoven na st\u0159edu 21.8. od 17 hod. na na\u0161em h\u0159i\u0161ti.<\/strong><\/span><\/p>\n<p style=\"text-align: justify;\"><span style=\"font-size: 12pt; font-family: helvetica, arial, sans-serif;\">Pro na\u0161e dorostence to bude premi\u00e9ra v&nbsp;Krajsk\u00e9m p\u0159eboru a proto v\u011b\u0159me, \u017ee to bude \u0161\u0165astn\u00fd start.<\/span><\/p>\n<p style=\"text-align: justify;\"><span style=\"font-size: 12pt; font-family: helvetica, arial, sans-serif;\"><strong>Utk\u00e1n\u00ed star\u0161\u00edho dorostu s&nbsp;Hlubinou se bude hr\u00e1t v&nbsp;ned\u011bli 11. srpna od 12:45 hodin. Zveme v\u0161echny fotbalov\u00e9 fanou\u0161ky. <\/strong><\/span><\/p>\n<p style=\"text-align: justify;\">&nbsp;<\/p>\n<p style=\"text-align: justify;\"><span style=\"font-size: 12pt; font-family: helvetica, arial, sans-serif;\"><strong><u>Program na\u0161eho mlad\u0161\u00edho dorostu v&nbsp; krajsk\u00e9ho p\u0159eboru<\/u><\/strong><\/span><\/p>\n<p style=\"text-align: justify;\"><span style=\"font-size: 12pt; font-family: helvetica, arial, sans-serif;\">St\u0159eda 21. 8. 2019 17:00:&nbsp;Kobe\u0159ice &#8211; Hlubina<\/span><\/p>\n<p style=\"text-align: justify;\"><span style=\"font-size: 12pt; font-family: helvetica, arial, sans-serif;\">Ned\u011ble 25. 8. 2019 15:00:&nbsp;Kobe\u0159ice &#8211; Fren\u0161t\u00e1t p. R.<\/span><\/p>\n<p style=\"text-align: justify;\"><span style=\"font-size: 12pt; font-family: helvetica, arial, sans-serif;\">Ned\u011ble 1. 9. 2019 11:45:&nbsp;B\u00edlovec &#8211; Kobe\u0159ice<\/span><\/p>\n<p style=\"text-align: justify;\"><span style=\"font-size: 12pt; font-family: helvetica, arial, sans-serif;\">Ned\u011ble 8. 9. 2019 14:00:&nbsp;Kobe\u0159ice &#8211; Krava\u0159e<\/span><\/p>\n<p style=\"text-align: justify;\"><span style=\"font-size: 12pt; font-family: helvetica, arial, sans-serif;\">Sobota 14. 9. 2019 10:15:&nbsp;Fr\u00fddlant n.O. &#8211; Kobe\u0159ice<\/span><\/p>\n<p style=\"text-align: justify;\"><span style=\"font-size: 12pt; font-family: helvetica, arial, sans-serif;\">Ned\u011ble 22. 9. 2019 15:15:&nbsp;Horn\u00ed Such\u00e1 &#8211; Kobe\u0159ice<\/span><\/p>\n<p style=\"text-align: justify;\"><span style=\"font-size: 12pt; font-family: helvetica, arial, sans-serif;\">Ned\u011ble 29. 9. 2019 13:30:&nbsp;Kobe\u0159ice &#8211; Slavia Opava<\/span><\/p>\n<p style=\"text-align: justify;\"><span style=\"font-size: 12pt; font-family: helvetica, arial, sans-serif;\">Ned\u011ble 6. 10. 2019 12:00:&nbsp;Pet\u0159kovice &#8211; Kobe\u0159ice<\/span><\/p>\n<p style=\"text-align: justify;\"><span style=\"font-size: 12pt; font-family: helvetica, arial, sans-serif;\">Ned\u011ble 13. 10. 2019 13:00:&nbsp;Kobe\u0159ice &#8211; Krnov<\/span><\/p>\n<p style=\"text-align: justify;\"><span style=\"font-size: 12pt; font-family: helvetica, arial, sans-serif;\">Sobota 19. 10. 2019 12:15:&nbsp;Sta\u0159\u00ed\u010d &#8211; Kobe\u0159ice<\/span><\/p>\n<p style=\"text-align: justify;\"><span style=\"font-size: 12pt; font-family: helvetica, arial, sans-serif;\">Sobota 2. 11. 2019 12:00:&nbsp;T\u011brlicko &#8211; Kobe\u0159ice<\/span><\/p>\n<p style=\"text-align: justify;\">&nbsp;<\/p>\n<p style=\"text-align: justify;\"><span style=\"font-size: 12pt; font-family: helvetica, arial, sans-serif;\"><strong><u>Program na\u0161eho star\u0161\u00edho dorostu v&nbsp; krajsk\u00e9ho p\u0159eboru<\/u><\/strong><\/span><\/p>\n<p style=\"text-align: justify;\"><span style=\"font-size: 12pt; font-family: helvetica, arial, sans-serif;\">Ned\u011ble 11. 8. 2019 12:45:&nbsp;Kobe\u0159ice &#8211; Hlubina<\/span><\/p>\n<p style=\"text-align: justify;\"><span style=\"font-size: 12pt; font-family: helvetica, arial, sans-serif;\">Ned\u011ble 25. 8. 2019 12:45:&nbsp;Kobe\u0159ice &#8211; Fren\u0161t\u00e1t p. R.<\/span><\/p>\n<p style=\"text-align: justify;\"><span style=\"font-size: 12pt; font-family: helvetica, arial, sans-serif;\">Ned\u011ble 1. 9. 2019 09:30:&nbsp;B\u00edlovec &#8211; Kobe\u0159ice<\/span><\/p>\n<p style=\"text-align: justify;\"><span style=\"font-size: 12pt; font-family: helvetica, arial, sans-serif;\">Ned\u011ble 8. 9. 2019 11:45:&nbsp;Kobe\u0159ice &#8211; Krava\u0159e<\/span><\/p>\n<p style=\"text-align: justify;\"><span style=\"font-size: 12pt; font-family: helvetica, arial, sans-serif;\">Sobota 14. 9. 2019 12:15:&nbsp;Fr\u00fddlant n.O. &#8211; Kobe\u0159ice<\/span><\/p>\n<p style=\"text-align: justify;\"><span style=\"font-size: 12pt; font-family: helvetica, arial, sans-serif;\">Ned\u011ble 22. 9. 2019 13:00:&nbsp;Horn\u00ed Such\u00e1 &#8211; Kobe\u0159ice<\/span><\/p>\n<p style=\"text-align: justify;\"><span style=\"font-size: 12pt; font-family: helvetica, arial, sans-serif;\">Ned\u011ble 29. 9. 2019 11:15:&nbsp;Kobe\u0159ice &#8211; Slavia Opava<\/span><\/p>\n<p style=\"text-align: justify;\"><span style=\"font-size: 12pt; font-family: helvetica, arial, sans-serif;\">Ned\u011ble 6. 10. 2019 14:15:&nbsp;Pet\u0159kovice &#8211; Kobe\u0159ice<\/span><\/p>\n<p style=\"text-align: justify;\"><span style=\"font-size: 12pt; font-family: helvetica, arial, sans-serif;\">Ned\u011ble 13. 10. 2019 10:45:&nbsp;Kobe\u0159ice &#8211; Krnov<\/span><\/p>\n<p style=\"text-align: justify;\"><span style=\"font-size: 12pt; font-family: helvetica, arial, sans-serif;\">Sobota 19. 10. 2019 10:00:&nbsp;Sta\u0159\u00ed\u010d &#8211; Kobe\u0159ice<\/span><\/p>\n<p style=\"text-align: justify;\"><span style=\"font-size: 12pt; font-family: helvetica, arial, sans-serif;\">Sobota 2. 11. 2019 09:45:&nbsp;T\u011brlicko &#8211; Kobe\u0159ice<\/span><\/p>\n<p style=\"text-align: justify;\"><span style=\"font-size: 12pt; font-family: helvetica, arial, sans-serif;\"><strong><u><br \/>\n<\/u><\/strong><\/span><\/p>\n<p style=\"text-align: justify;\"><span style=\"font-size: 14pt; font-family: helvetica, arial, sans-serif;\"><strong>Mu\u017ei B budou hr\u00e1t a\u017e &nbsp;17. srpna v Bolatic\u00edch <\/strong><\/span><\/p>\n<p style=\"text-align: justify;\"><span style=\"font-size: 12pt; font-family: helvetica, arial, sans-serif;\">Prvn\u00ed mistrovsk\u00fd z\u00e1pas budou hr\u00e1t na\u0161i mu\u017ei B v&nbsp;sout\u011b\u017ei III.t\u0159\u00eddy 17.8. od 13 hod. a to derby na h\u0159i\u0161ti&nbsp; Bolatic.<\/span><\/p>\n<p style=\"text-align: justify;\"><span style=\"font-size: 12pt; font-family: helvetica, arial, sans-serif;\"><strong><br \/>\n<\/strong><\/span><\/p>\n<p style=\"text-align: justify;\"><span style=\"font-size: 12pt; font-family: helvetica, arial, sans-serif;\"><strong><u>Podzimn\u00ed program na\u0161eho B mu\u017estva <\/u><\/strong><\/span><\/p>\n<p style=\"text-align: justify;\"><span style=\"font-size: 12pt; font-family: helvetica, arial, sans-serif;\">Sobota 17. 8. 2019 13:00:&nbsp;Bolatice &#8222;B&#8220; &nbsp;&#8211; Kobe\u0159ice &#8222;B&#8220; &nbsp;<\/span><\/p>\n<p style=\"text-align: justify;\"><span style=\"font-size: 12pt; font-family: helvetica, arial, sans-serif;\">Sobota 24. 8. 2019 17:00:&nbsp;Strahovice &#8222;B&#8220; &#8211; Kobe\u0159ice &#8222;B&#8220;<\/span><\/p>\n<p style=\"text-align: justify;\"><span style=\"font-size: 12pt; font-family: helvetica, arial, sans-serif;\">Sobota 31. 8. 2019 16:30:&nbsp;Kobe\u0159ice &#8222;B&#8220; &#8211; Chucheln\u00e1 &#8222;B&#8220;<\/span><\/p>\n<p style=\"text-align: justify;\"><span style=\"font-size: 12pt; font-family: helvetica, arial, sans-serif;\">Sobota 7. 9. 2019 15:00:&nbsp;\u0160ilhe\u0159ovice &#8222;B&#8220; &#8211; Kobe\u0159ice &#8222;B&#8220;<\/span><\/p>\n<p style=\"text-align: justify;\"><span style=\"font-size: 12pt; font-family: helvetica, arial, sans-serif;\">Sobota 14. 9. 2019 16:00:&nbsp;Kobe\u0159ice &#8222;B&#8220; &#8211; \u0160t\u011bp\u00e1nkovice &#8222;B&#8220;<\/span><\/p>\n<p style=\"text-align: justify;\"><span style=\"font-size: 12pt; font-family: helvetica, arial, sans-serif;\">Sobota 21. 9. 2019 16:00:&nbsp;Kobe\u0159ice &#8222;B&#8220; &#8211; Doln\u00ed Bene\u0161ov &#8222;B&#8220;<\/span><\/p>\n<p style=\"text-align: justify;\"><span style=\"font-size: 12pt; font-family: helvetica, arial, sans-serif;\">Ned\u011ble 29. 9. 2019 15:30:&nbsp;Darkovi\u010dky &#8222;B&#8220; &#8211; Kobe\u0159ice &#8222;B&#8220;<\/span><\/p>\n<p style=\"text-align: justify;\"><span style=\"font-size: 12pt; font-family: helvetica, arial, sans-serif;\">Sobota 5. 10. 2019 15:00:&nbsp;Kobe\u0159ice &#8222;B&#8220; &#8211; Ha\u0165 &#8222;B&#8220;&nbsp;<\/span><\/p>\n<p style=\"text-align: justify;\"><span style=\"font-size: 12pt; font-family: helvetica, arial, sans-serif;\">Ned\u011ble 13. 10. 2019 15:00:&nbsp;Sudice &#8222;B&#8220; &#8211; Kobe\u0159ice &#8222;B&#8220;<\/span><\/p>\n<p style=\"text-align: justify;\"><span style=\"font-size: 12pt; font-family: helvetica, arial, sans-serif;\">Sobota 19. 10. 2019 14:00:&nbsp;Kobe\u0159ice &#8222;B&#8220; &#8211; Bohuslavice &#8222;B&#8220;<\/span><\/p>\n<p style=\"text-align: justify;\"><span style=\"font-size: 12pt; font-family: helvetica, arial, sans-serif;\">Sobota 26. 10. 2019 14:00:&nbsp;Kozmice &#8222;B&#8220; &#8211; Kobe\u0159ice &#8222;B&#8220;<\/span><\/p>\n<p style=\"text-align: justify;\"><span style=\"font-size: 12pt; font-family: helvetica, arial, sans-serif;\">Sobota 2. 11. 2019 14:00:&nbsp;Kobe\u0159ice &#8222;B&#8220; &#8211; Dobroslavice &#8222;B&#8220;<\/span><\/p>\n<p style=\"text-align: justify;\"><span style=\"font-size: 12pt; font-family: helvetica, arial, sans-serif;\">Ned\u011ble 10. 11. 2019 13:30:&nbsp;B\u011bl\u00e1 &#8211; Kobe\u0159ice &#8222;B&#8220;<\/span><\/p>\n<p style=\"text-align: justify;\">&nbsp;<\/p>\n<p style=\"text-align: justify;\"><span style=\"font-size: 14pt; font-family: helvetica, arial, sans-serif;\"><strong>\u017d\u00e1ci v&nbsp;krajsk\u00e9m p\u0159eboru&nbsp; budou hr\u00e1t a\u017e &nbsp;25. srpna&nbsp; <\/strong><\/span><\/p>\n<p style=\"text-align: justify;\"><span style=\"font-size: 12pt; font-family: helvetica, arial, sans-serif;\"><u><br \/>\n<\/u><\/span><\/p>\n<p style=\"text-align: justify;\"><span style=\"font-size: 12pt; font-family: helvetica, arial, sans-serif;\"><strong><u>\u017d\u00e1ci&nbsp; star\u0161\u00ed<\/u><\/strong><\/span><\/p>\n<p style=\"text-align: justify;\"><span style=\"font-size: 12pt; font-family: helvetica, arial, sans-serif;\">Ned\u011ble 25. 8. 2019 09:00:&nbsp;Nov\u00fd Ji\u010d\u00edn &#8211; Kobe\u0159ice<\/span><\/p>\n<p style=\"text-align: justify;\"><span style=\"font-size: 12pt; font-family: helvetica, arial, sans-serif;\">Sobota 31. 8. 2019 12:45:&nbsp;Kobe\u0159ice &#8211; R\u00fdma\u0159ov<\/span><\/p>\n<p style=\"text-align: justify;\"><span style=\"font-size: 12pt; font-family: helvetica, arial, sans-serif;\">St\u0159eda 4. 9. 2019 17:00:&nbsp;V\u0159esina &#8211; Kobe\u0159ice<\/span><\/p>\n<p style=\"text-align: justify;\"><span style=\"font-size: 12pt; font-family: helvetica, arial, sans-serif;\">Ned\u011ble 8. 9. 2019 09:00:&nbsp;MFK Karvin\u00e1 B &#8211; Kobe\u0159ice<\/span><\/p>\n<p style=\"text-align: justify;\"><span style=\"font-size: 12pt; font-family: helvetica, arial, sans-serif;\">St\u0159eda 18. 9. 2019 15:30:&nbsp;Kobe\u0159ice &#8211; Horn\u00ed Such\u00e1<\/span><\/p>\n<p style=\"text-align: justify;\"><span style=\"font-size: 12pt; font-family: helvetica, arial, sans-serif;\">Sobota 21. 9. 2019 12:15:&nbsp;Kobe\u0159ice &#8211; Slavia Opava<\/span><\/p>\n<p style=\"text-align: justify;\"><span style=\"font-size: 12pt; font-family: helvetica, arial, sans-serif;\">Sobota 28. 9. 2019 09:00:&nbsp;Jablunkov &#8211; Kobe\u0159ice<\/span><\/p>\n<p style=\"text-align: justify;\"><span style=\"font-size: 12pt; font-family: helvetica, arial, sans-serif;\">Sobota 5. 10. 2019 11:15:&nbsp;Kobe\u0159ice &#8211; Krnov<\/span><\/p>\n<p style=\"text-align: justify;\"><span style=\"font-size: 12pt; font-family: helvetica, arial, sans-serif;\">Sobota 12. 10. 2019 09:00:&nbsp;Bru\u0161perk &#8211; Kobe\u0159ice<\/span><\/p>\n<p style=\"text-align: justify;\"><span style=\"font-size: 12pt; font-family: helvetica, arial, sans-serif;\">Sobota 19. 10. 2019 10:15:&nbsp;Kobe\u0159ice &#8211; Kop\u0159ivnice<\/span><\/p>\n<p style=\"text-align: justify;\"><span style=\"font-size: 12pt; font-family: helvetica, arial, sans-serif;\">Ned\u011ble 27. 10. 2019 10:00:&nbsp;Juventus Brunt\u00e1l &#8211; Kobe\u0159ice<\/span><\/p>\n<p style=\"text-align: justify;\"><span style=\"font-size: 12pt; font-family: helvetica, arial, sans-serif;\">Sobota 2. 11. 2019 10:15:&nbsp;Kobe\u0159ice &#8211; MFK Hav\u00ed\u0159ov<\/span><\/p>\n<p style=\"text-align: justify;\">&nbsp;<\/p>\n<p style=\"text-align: justify;\"><span style=\"font-size: 12pt; font-family: helvetica, arial, sans-serif;\"><strong><u>Mlad\u0161\u00ed \u017e\u00e1ci<\/u><\/strong><\/span><\/p>\n<p style=\"text-align: justify;\"><span style=\"font-size: 12pt; font-family: helvetica, arial, sans-serif;\">Ned\u011ble 25. 8. 2019 10:45:&nbsp;Nov\u00fd Ji\u010d\u00edn &#8211; Kobe\u0159ice<\/span><\/p>\n<p style=\"text-align: justify;\"><span style=\"font-size: 12pt; font-family: helvetica, arial, sans-serif;\">Sobota 31. 8. 2019 14:30:&nbsp;Kobe\u0159ice &#8211; R\u00fdma\u0159ov<\/span><\/p>\n<p style=\"text-align: justify;\"><span style=\"font-size: 12pt; font-family: helvetica, arial, sans-serif;\">St\u0159eda 4. 9. 2019 15:30:&nbsp;V\u0159esina &#8211; Kobe\u0159ice<\/span><\/p>\n<p style=\"text-align: justify;\"><span style=\"font-size: 12pt; font-family: helvetica, arial, sans-serif;\">Ned\u011ble 8. 9. 2019 10:45:&nbsp;MFK Karvin\u00e1 B &#8211; Kobe\u0159ice<\/span><\/p>\n<p style=\"text-align: justify;\"><span style=\"font-size: 12pt; font-family: helvetica, arial, sans-serif;\">Sobota 14. 9. 2019 14:00:&nbsp;Kobe\u0159ice &#8211; FC V\u00edtkovice 1919<\/span><\/p>\n<p style=\"text-align: justify;\"><span style=\"font-size: 12pt; font-family: helvetica, arial, sans-serif;\">St\u0159eda 18. 9. 2019 17:15:&nbsp;Kobe\u0159ice &#8211; Horn\u00ed Such\u00e1<\/span><\/p>\n<p style=\"text-align: justify;\"><span style=\"font-size: 12pt; font-family: helvetica, arial, sans-serif;\">Sobota 21. 9. 2019 14:00:&nbsp;Kobe\u0159ice &#8211; Slavia Opava<\/span><\/p>\n<p style=\"text-align: justify;\"><span style=\"font-size: 12pt; font-family: helvetica, arial, sans-serif;\">Sobota 28. 9. 2019 10:45:&nbsp;Jablunkov &#8211; Kobe\u0159ice<\/span><\/p>\n<p style=\"text-align: justify;\"><span style=\"font-size: 12pt; font-family: helvetica, arial, sans-serif;\">Sobota 5. 10. 2019 13:00:&nbsp;Kobe\u0159ice &#8211; Krnov<\/span><\/p>\n<p style=\"text-align: justify;\"><span style=\"font-size: 12pt; font-family: helvetica, arial, sans-serif;\">Sobota 12. 10. 2019 10:45:&nbsp;Bru\u0161perk &#8211; Kobe\u0159ice<\/span><\/p>\n<p style=\"text-align: justify;\"><span style=\"font-size: 12pt; font-family: helvetica, arial, sans-serif;\">Sobota 19. 10. 2019 12:00:&nbsp;Kobe\u0159ice &#8211; Kop\u0159ivnice<\/span><\/p>\n<p style=\"text-align: justify;\"><span style=\"font-size: 12pt; font-family: helvetica, arial, sans-serif;\">Ned\u011ble 27. 10. 2019 11:45:&nbsp;Juventus Brunt\u00e1l &#8211; Ko<strong>be\u0159ice<\/strong><\/span><\/p>\n<p style=\"text-align: justify;\"><span style=\"font-size: 12pt; font-family: helvetica, arial, sans-serif;\"><strong>Sobota 2. 11. 2019 12:00:&nbsp;<\/strong><strong>Kobe\u0159ice<\/strong> &#8211; <strong>MFK Hav\u00ed\u0159ov<\/strong><\/span><\/p>\n","protected":false},"excerpt":{"rendered":"<p>V&nbsp;\u00favodn\u00edm dom\u00e1c\u00edm utk\u00e1n\u00ed host\u00edme H\u00e1j ve Slezsku Ve&nbsp;druh\u00e9m sout\u011b\u017en\u00edm kole krajsk\u00e9ho p\u0159eboru p\u0159iv\u00edtaj\u00ed na\u0161i fotbalist\u00e9 A mu\u017estva na sv\u00e9m h\u0159i\u0161ti celek H\u00e1je ve Slezsku. Toto mu\u017estvo<span class=\"excerpt-hellip\"> [\u2026]<\/span><\/p>\n","protected":false},"author":3,"featured_media":1886,"comment_status":"closed","ping_status":"open","sticky":false,"template":"","format":"standard","meta":{"ngg_post_thumbnail":0,"footnotes":""},"categories":[115,112,110,107,117,103,111,102],"tags":[],"class_list":["post-6475","post","type-post","status-publish","format-standard","has-post-thumbnail","hentry","category-a-tym","category-b-tym","category-dorost","category-fotbal","category-mladsi-zaci","category-pozvanky","category-starsi-zaci","category-zapasy"],"_links":{"self":[{"href":"https:\/\/tjsokolkoberice.cz\/index.php?rest_route=\/wp\/v2\/posts\/6475","targetHints":{"allow":["GET"]}}],"collection":[{"href":"https:\/\/tjsokolkoberice.cz\/index.php?rest_route=\/wp\/v2\/posts"}],"about":[{"href":"https:\/\/tjsokolkoberice.cz\/index.php?rest_route=\/wp\/v2\/types\/post"}],"author":[{"embeddable":true,"href":"https:\/\/tjsokolkoberice.cz\/index.php?rest_route=\/wp\/v2\/users\/3"}],"replies":[{"embeddable":true,"href":"https:\/\/tjsokolkoberice.cz\/index.php?rest_route=%2Fwp%2Fv2%2Fcomments&post=6475"}],"version-history":[{"count":1,"href":"https:\/\/tjsokolkoberice.cz\/index.php?rest_route=\/wp\/v2\/posts\/6475\/revisions"}],"predecessor-version":[{"id":6476,"href":"https:\/\/tjsokolkoberice.cz\/index.php?rest_route=\/wp\/v2\/posts\/6475\/revisions\/6476"}],"wp:featuredmedia":[{"embeddable":true,"href":"https:\/\/tjsokolkoberice.cz\/index.php?rest_route=\/wp\/v2\/media\/1886"}],"wp:attachment":[{"href":"https:\/\/tjsokolkoberice.cz\/index.php?rest_route=%2Fwp%2Fv2%2Fmedia&parent=6475"}],"wp:term":[{"taxonomy":"category","embeddable":true,"href":"https:\/\/tjsokolkoberice.cz\/index.php?rest_route=%2Fwp%2Fv2%2Fcategories&post=6475"},{"taxonomy":"post_tag","embeddable":true,"href":"https:\/\/tjsokolkoberice.cz\/index.php?rest_route=%2Fwp%2Fv2%2Ftags&post=6475"}],"curies":[{"name":"wp","href":"https:\/\/api.w.org\/{rel}","templated":true}]}}