{"id":6487,"date":"2019-08-15T08:16:52","date_gmt":"2019-08-15T07:16:52","guid":{"rendered":"https:\/\/tjsokolkoberice.cz\/?p=6487"},"modified":"2025-10-14T11:52:33","modified_gmt":"2025-10-14T10:52:33","slug":"vikendovy-program-nasich-muzstev-67","status":"publish","type":"post","link":"https:\/\/tjsokolkoberice.cz\/?p=6487","title":{"rendered":"V\u00edkendov\u00fd program na\u0161ich mu\u017estev"},"content":{"rendered":"<p style=\"text-align: justify;\"><span style=\"font-family: helvetica, arial, sans-serif; font-size: 14pt;\"><strong>Pojedeme na h\u0159i\u0161t\u011b Lokomotivy Petrovice <\/strong><\/span><\/p>\n<p style=\"text-align: justify;\"><span style=\"font-family: helvetica, arial, sans-serif; font-size: 12pt;\">Po dom\u00e1c\u00ed rem\u00edze 2:2 s&nbsp;H\u00e1jem ve Slezsku budou na\u0161i fotbalist\u00e9 A mu\u017estva hr\u00e1t na h\u0159i\u0161ti LOKOMOTIvY&nbsp; Petrovice, kter\u00e1 m\u00e1 v&nbsp;sou\u010dasn\u00e9 dob\u011b 4 body a je na 5. m\u00edst\u011b tabulky krajsk\u00e9ho p\u0159eboru. Dosud vyhr\u00e1la doma s&nbsp;Doln\u00ed Datyni 3:1 a hr\u00e1la 0:0 venku s&nbsp;Byst\u0159ic\u00ed.<\/span><\/p>\n<p style=\"text-align: justify;\"><span style=\"font-family: helvetica, arial, sans-serif; font-size: 12pt;\">Na\u0161i hr\u00e1\u010di remizovali 1:1 na h\u0159i\u0161ti Unie Hlubina a doma s&nbsp;H\u00e1jem ve Slezsku. Do utk\u00e1n\u00ed s&nbsp;celkem Lokomotivy Petrovice tedy jdeme s&nbsp;nov\u00e1\u010dkovsk\u00fdm nad\u0161en\u00edm a nad\u011bj\u00ed, \u017ee uhrajeme na h\u0159i\u0161ti t\u011b\u017ek\u00e9ho soupe\u0159e dobr\u00fd v\u00fdsledek.<\/span><\/p>\n<p style=\"text-align: justify;\"><span style=\"font-family: helvetica, arial, sans-serif; font-size: 12pt;\"><strong>Utk\u00e1n\u00ed krajsk\u00e9ho p\u0159eboru Petrovice &#8211; Kobe\u0159ice se bude hr\u00e1t v&nbsp;sobotu 17. srpna 2019 od 17 hod. K&nbsp;utk\u00e1n\u00ed se jede auty. Zveme na toto utk\u00e1n\u00ed v\u0161echny fotbalov\u00e9 fanou\u0161ky!<\/strong><\/span><\/p>\n<p style=\"text-align: justify;\"><span style=\"font-family: helvetica, arial, sans-serif; font-size: 12pt;\"><strong>Toto a p\u0159\u00ed\u0161t\u00ed kolo v&nbsp;krajsk\u00e9m p\u0159eboru hraj\u00ed <\/strong><\/span><\/p>\n<table width=\"0\">\n<tbody>\n<tr>\n<td width=\"237\"><span style=\"font-family: helvetica, arial, sans-serif; font-size: 12pt;\">B\u0159idli\u010dn\u00e1 &#8211; Old\u0159i\u0161ov<\/span><\/td>\n<td width=\"237\"><span style=\"font-family: helvetica, arial, sans-serif; font-size: 12pt;\">Fulnek &#8211; Loko. Petrovice<\/span><\/td>\n<\/tr>\n<tr>\n<td width=\"237\"><span style=\"font-family: helvetica, arial, sans-serif; font-size: 12pt;\">\u0160enov &#8211; B\u00edlovec<\/span><\/td>\n<td width=\"237\"><span style=\"font-family: helvetica, arial, sans-serif; font-size: 12pt;\">\u010celadn\u00e1 &#8211; H\u00e1j ve Slezsku<\/span><\/td>\n<\/tr>\n<tr>\n<td width=\"237\"><span style=\"font-family: helvetica, arial, sans-serif; font-size: 12pt;\">\u010cesk\u00fd T\u011b\u0161\u00edn &#8211; Pust\u00e1 Polom<\/span><\/td>\n<td width=\"237\"><span style=\"font-family: helvetica, arial, sans-serif; font-size: 12pt;\">B\u0159idli\u010dn\u00e1 &#8211; \u0160enov<\/span><\/td>\n<\/tr>\n<tr>\n<td width=\"237\"><span style=\"font-family: helvetica, arial, sans-serif; font-size: 12pt;\">Hlubina &#8211; \u010celadn\u00e1<\/span><\/td>\n<td width=\"237\"><span style=\"font-family: helvetica, arial, sans-serif; font-size: 12pt;\">Pust\u00e1 Polom &#8211; Hlubina<\/span><\/td>\n<\/tr>\n<tr>\n<td width=\"237\"><span style=\"font-family: helvetica, arial, sans-serif; font-size: 12pt;\">H\u00e1j ve Slezsku &#8211; Fulnek<\/span><\/td>\n<td width=\"237\"><span style=\"font-family: helvetica, arial, sans-serif; font-size: 12pt;\">B\u00edlovec &#8211; \u010cesk\u00fd T\u011b\u0161\u00edn<\/span><\/td>\n<\/tr>\n<tr>\n<td width=\"237\"><span style=\"font-family: helvetica, arial, sans-serif; font-size: 12pt;\"><strong>Loko. Petrovice<\/strong> &#8211; <strong>Kobe\u0159ice<\/strong><\/span><\/td>\n<td width=\"237\"><span style=\"font-family: helvetica, arial, sans-serif; font-size: 12pt;\">Old\u0159i\u0161ov &#8211; Doln\u00ed Datyn\u011b<\/span><\/td>\n<\/tr>\n<tr>\n<td width=\"237\"><span style=\"font-family: helvetica, arial, sans-serif; font-size: 12pt;\">Bru\u0161perk &#8211; Doln\u00ed Datyn\u011b<\/span><\/td>\n<td width=\"237\"><span style=\"font-family: helvetica, arial, sans-serif; font-size: 12pt;\">Byst\u0159ice &#8211; Bru\u0161perk<\/span><\/td>\n<\/tr>\n<tr>\n<td width=\"237\"><span style=\"font-family: helvetica, arial, sans-serif; font-size: 12pt;\">Krnov &#8211; Byst\u0159ice<\/span><\/td>\n<td width=\"237\"><span style=\"font-family: helvetica, arial, sans-serif; font-size: 12pt;\"><strong>Kobe\u0159ice &#8211; Krnov <\/strong><\/span><\/td>\n<\/tr>\n<\/tbody>\n<\/table>\n<p style=\"text-align: justify;\">&nbsp;<\/p>\n<p style=\"text-align: justify;\"><span style=\"font-family: helvetica, arial, sans-serif; font-size: 14pt;\"><strong>Mu\u017ei B za\u010d\u00ednaj\u00ed s&nbsp;Bolaticemi B&nbsp; <\/strong><\/span><\/p>\n<p style=\"text-align: justify;\"><span style=\"font-family: helvetica, arial, sans-serif; font-size: 12pt;\">Na\u0161i mu\u017ei B sestoupili z&nbsp;okresn\u00edho p\u0159eboru do okresn\u00ed sout\u011b\u017ee III. t\u0159\u00eddy. V&nbsp;\u00favodn\u00edm utk\u00e1n\u00ed t\u00e9to sout\u011b\u017ee budou m\u00edt za soupe\u0159e celek Bolatic B. Bude se hr\u00e1t na h\u0159i\u0161ti soupe\u0159e a tak v\u011b\u0159me, \u017ee na\u0161i borci jako se stupuj\u00edc\u00ed celek potvrd\u00ed roli favorita a p\u0159ivezou z&nbsp;Bolatic n\u011bjak\u00e9 ty body.<\/span><\/p>\n<p style=\"text-align: justify;\"><span style=\"font-family: helvetica, arial, sans-serif; font-size: 12pt;\"><strong>Utk\u00e1n\u00ed okresn\u00ed sout\u011b\u017ee III. t\u0159\u00eddy Bolatice B &#8211; Kobe\u0159ice B se bude hr\u00e1t v&nbsp;sobotu 17. srpna 2019 od 13:00&nbsp; hodin na h\u0159i\u0161ti v&nbsp;Bolatic\u00edch. Zveme na toto utk\u00e1n\u00ed v\u0161echny p\u0159\u00edznivce na\u0161eho B mu\u017estva.<\/strong><\/span><\/p>\n<p>&nbsp;<\/p>\n","protected":false},"excerpt":{"rendered":"<p>Pojedeme na h\u0159i\u0161t\u011b Lokomotivy Petrovice Po dom\u00e1c\u00ed rem\u00edze 2:2 s&nbsp;H\u00e1jem ve Slezsku budou na\u0161i fotbalist\u00e9 A mu\u017estva hr\u00e1t na h\u0159i\u0161ti LOKOMOTIvY&nbsp; Petrovice, kter\u00e1 m\u00e1 v&nbsp;sou\u010dasn\u00e9 dob\u011b<span class=\"excerpt-hellip\"> [\u2026]<\/span><\/p>\n","protected":false},"author":3,"featured_media":3787,"comment_status":"closed","ping_status":"open","sticky":false,"template":"","format":"standard","meta":{"ngg_post_thumbnail":0,"footnotes":""},"categories":[115,112,107,103,102],"tags":[],"class_list":["post-6487","post","type-post","status-publish","format-standard","has-post-thumbnail","hentry","category-a-tym","category-b-tym","category-fotbal","category-pozvanky","category-zapasy"],"_links":{"self":[{"href":"https:\/\/tjsokolkoberice.cz\/index.php?rest_route=\/wp\/v2\/posts\/6487","targetHints":{"allow":["GET"]}}],"collection":[{"href":"https:\/\/tjsokolkoberice.cz\/index.php?rest_route=\/wp\/v2\/posts"}],"about":[{"href":"https:\/\/tjsokolkoberice.cz\/index.php?rest_route=\/wp\/v2\/types\/post"}],"author":[{"embeddable":true,"href":"https:\/\/tjsokolkoberice.cz\/index.php?rest_route=\/wp\/v2\/users\/3"}],"replies":[{"embeddable":true,"href":"https:\/\/tjsokolkoberice.cz\/index.php?rest_route=%2Fwp%2Fv2%2Fcomments&post=6487"}],"version-history":[{"count":1,"href":"https:\/\/tjsokolkoberice.cz\/index.php?rest_route=\/wp\/v2\/posts\/6487\/revisions"}],"predecessor-version":[{"id":6488,"href":"https:\/\/tjsokolkoberice.cz\/index.php?rest_route=\/wp\/v2\/posts\/6487\/revisions\/6488"}],"wp:featuredmedia":[{"embeddable":true,"href":"https:\/\/tjsokolkoberice.cz\/index.php?rest_route=\/wp\/v2\/media\/3787"}],"wp:attachment":[{"href":"https:\/\/tjsokolkoberice.cz\/index.php?rest_route=%2Fwp%2Fv2%2Fmedia&parent=6487"}],"wp:term":[{"taxonomy":"category","embeddable":true,"href":"https:\/\/tjsokolkoberice.cz\/index.php?rest_route=%2Fwp%2Fv2%2Fcategories&post=6487"},{"taxonomy":"post_tag","embeddable":true,"href":"https:\/\/tjsokolkoberice.cz\/index.php?rest_route=%2Fwp%2Fv2%2Ftags&post=6487"}],"curies":[{"name":"wp","href":"https:\/\/api.w.org\/{rel}","templated":true}]}}