{"id":6513,"date":"2019-08-30T20:08:46","date_gmt":"2019-08-30T19:08:46","guid":{"rendered":"https:\/\/tjsokolkoberice.cz\/?p=6513"},"modified":"2025-10-14T11:52:17","modified_gmt":"2025-10-14T10:52:17","slug":"vikendovy-program-nasich-muzstev-68","status":"publish","type":"post","link":"https:\/\/tjsokolkoberice.cz\/?p=6513","title":{"rendered":"V\u00edkendov\u00fd program na\u0161ich mu\u017estev"},"content":{"rendered":"<p><span style=\"font-family: helvetica, arial, sans-serif; font-size: 12pt;\"><strong>V&nbsp;sobotu budeme hr\u00e1t venku s&nbsp;Bru\u0161perkem<\/strong><\/span><\/p>\n<p><span style=\"font-family: helvetica, arial, sans-serif; font-size: 12pt;\">Po utk\u00e1n\u00ed s&nbsp;\u010desk\u00fdm T\u011b\u0161\u00ednem, ve kter\u00e9m jsme dos\u00e1hli prvn\u00edho v\u00edt\u011bzstv\u00ed, budou na\u0161i fotbalist\u00e9 A mu\u017estva hr\u00e1t na p\u016fd\u011b&nbsp;Bru\u0161perku. Mu\u017estvo Bru\u0161perku jde do utk\u00e1n\u00ed po v\u00edt\u011bzstv\u00ed s&nbsp;Petrovicemi 3:1. V&nbsp;sou\u010dasn\u00e9 dob\u011b maj\u00ed hr\u00e1\u010di Bru\u0161perku stejn\u00fd po\u010det sedmi bod\u016f, kdy\u017e dvakr\u00e1t vyhr\u00e1li, jednou remizovali a dvakr\u00e1t prohr\u00e1li.<\/span><\/p>\n<p><span style=\"font-family: helvetica, arial, sans-serif; font-size: 12pt;\">Na\u0161im se stejn\u00fdm po\u010dtem bod\u016f jedenkr\u00e1t vyhr\u00e1li a 4x remizovali. Na sv\u00e9m kont\u011b zat\u00edm nemaj\u00ed ani jednu por\u00e1\u017eku a tak doufejme, \u017ee tomu nebude ani po utk\u00e1n\u00ed v&nbsp;Bru\u0161perku.<\/span><\/p>\n<p><span style=\"font-family: helvetica, arial, sans-serif; font-size: 12pt;\"><strong>Utk\u00e1n\u00ed se bude hr\u00e1t v sobotu 31. srpna od 16:30. K&nbsp;utk\u00e1n\u00ed se jede auty.&nbsp; Zveme v\u0161echny fotbalov\u00e9 fanou\u0161ky na\u0161eho A mu\u017estva.<\/strong><\/span><\/p>\n<p><span style=\"font-family: helvetica, arial, sans-serif; font-size: 12pt;\"><strong>Toto a p\u0159\u00ed\u0161t\u00ed kolo v&nbsp;krajsk\u00e9m p\u0159eboru hraj\u00ed <\/strong><\/span><\/p>\n<table width=\"0\">\n<tbody>\n<tr>\n<td width=\"237\"><span style=\"font-family: helvetica, arial, sans-serif; font-size: 12pt;\">H\u00e1j ve Slezsku &#8211; Pust\u00e1 Polom&nbsp;<\/span><\/td>\n<td width=\"237\"><span style=\"font-family: helvetica, arial, sans-serif; font-size: 12pt;\">Fulnek &#8211; Bru\u0161perk<\/span><\/td>\n<\/tr>\n<tr>\n<td width=\"237\"><span style=\"font-family: helvetica, arial, sans-serif; font-size: 12pt;\">Loko. Petrovice &#8211; \u010celadn\u00e1<\/span><\/td>\n<td width=\"237\"><span style=\"font-family: helvetica, arial, sans-serif; font-size: 12pt;\">\u010celadn\u00e1 &#8211; Krnov<\/span><\/td>\n<\/tr>\n<tr>\n<td width=\"237\"><span style=\"font-family: helvetica, arial, sans-serif; font-size: 12pt;\">\u0160enov &#8211; Old\u0159i\u0161ov<\/span><\/td>\n<td width=\"237\"><span style=\"font-family: helvetica, arial, sans-serif; font-size: 12pt;\">B\u0159idli\u010dn\u00e1 &#8211; Hlubina<\/span><\/td>\n<\/tr>\n<tr>\n<td width=\"237\"><span style=\"font-family: helvetica, arial, sans-serif; font-size: 12pt;\">\u010cesk\u00fd T\u011b\u0161\u00edn &#8211; B\u0159idli\u010dn\u00e1<\/span><\/td>\n<td width=\"237\"><span style=\"font-family: helvetica, arial, sans-serif; font-size: 12pt;\">\u0160enov &#8211; \u010cesk\u00fd T\u011b\u0161\u00edn<\/span><\/td>\n<\/tr>\n<tr>\n<td width=\"237\"><span style=\"font-family: helvetica, arial, sans-serif; font-size: 12pt;\">Hlubina &#8211; B\u00edlovec<\/span><\/td>\n<td width=\"237\"><span style=\"font-family: helvetica, arial, sans-serif; font-size: 12pt;\">Pust\u00e1 Polom &#8211; Loko. Petrovice<\/span><\/td>\n<\/tr>\n<tr>\n<td width=\"237\"><span style=\"font-family: helvetica, arial, sans-serif; font-size: 12pt;\"><strong>Bru\u0161perk<\/strong> &#8211; <strong>Kobe\u0159ice<\/strong><\/span><\/td>\n<td width=\"237\"><span style=\"font-family: helvetica, arial, sans-serif; font-size: 12pt;\">B\u00edlovec &#8211; H\u00e1j ve Slezsku<\/span><\/td>\n<\/tr>\n<tr>\n<td width=\"237\"><span style=\"font-family: helvetica, arial, sans-serif; font-size: 12pt;\">Doln\u00ed Datyn\u011b &#8211; Byst\u0159ice<\/span><\/td>\n<td width=\"237\"><span style=\"font-family: helvetica, arial, sans-serif; font-size: 12pt;\">Byst\u0159ice &#8211; Old\u0159i\u0161ov<\/span><\/td>\n<\/tr>\n<tr>\n<td width=\"237\"><span style=\"font-family: helvetica, arial, sans-serif; font-size: 12pt;\">Krnov &#8211; Fulnek<\/span><\/td>\n<td width=\"237\"><span style=\"font-family: helvetica, arial, sans-serif; font-size: 12pt;\"><strong>Kobe\u0159ice<\/strong> &#8211; <strong>Doln\u00ed Datyn\u011b<\/strong><\/span><\/td>\n<\/tr>\n<\/tbody>\n<\/table>\n<p>&nbsp;<\/p>\n<p><span style=\"font-family: helvetica, arial, sans-serif; font-size: 12pt;\"><strong>Mu\u017ei B budou hr\u00e1t Chuchelnou B<\/strong><\/span><\/p>\n<p><span style=\"font-family: helvetica, arial, sans-serif; font-size: 12pt;\">Poprv\u00e9 v&nbsp;dom\u00e1c\u00edm prost\u0159ed\u00ed v&nbsp;t\u00e9to fotbalov\u00e9 sez\u00f3n\u011b se st\u0159etnou na\u0161i mu\u017ei B s&nbsp;B mu\u017estvem Chucheln\u00e9, kter\u00e9 je v&nbsp;sou\u010dasn\u00e9 dob\u011b na posledn\u00edm m\u00edst\u011b tabulky III. t\u0159\u00eddy se sk\u00f3rem 1:8. V&nbsp;jedin\u00e9m utk\u00e1n\u00ed, kter\u00e9 zat\u00edm toto mu\u017estvo hr\u00e1lo, prohr\u00e1li hr\u00e1\u010di Chucheln\u00e9 ve \u0160t\u011bp\u00e1nkovic\u00edch.<\/span><\/p>\n<p><span style=\"font-family: helvetica, arial, sans-serif; font-size: 12pt;\">Na\u0161i fotbalist\u00e9 jsou na 11. m\u00edst\u011b s&nbsp;jedn\u00edm bodem a sk\u00f3rem 1:5.<\/span><\/p>\n<p><span style=\"font-family: helvetica, arial, sans-serif; font-size: 12pt;\"><strong>Utk\u00e1n\u00ed Kobe\u0159ice &#8211; Chucheln\u00e1 B se bude hr\u00e1t v&nbsp;sobotu 31. spna 2019 na na\u0161em h\u0159i\u0161ti. Zveme v\u0161echny fotbalov\u00e9 fanou\u0161ky na\u0161eho B mu\u017estva. &nbsp;&nbsp;&nbsp;&nbsp;<\/strong><\/span><\/p>\n<p>&nbsp;<\/p>\n<p><span style=\"font-family: helvetica, arial, sans-serif; font-size: 12pt;\"><strong>Mlad\u0161\u00ed i star\u0161\u00ed&nbsp; dorost budou hr\u00e1t v&nbsp;B\u00edlovci <\/strong><\/span><\/p>\n<p><span style=\"font-family: helvetica, arial, sans-serif; font-size: 12pt;\">Dorostenci budou hr\u00e1t venku a to na h\u0159i\u0161ti v&nbsp;B\u00edlovci, kter\u00e9 se bude hr\u00e1t v&nbsp;ned\u011bli 1.z\u00e1\u0159\u00ed v&nbsp;9:30 pro star\u0161\u00ed dorostence a v&nbsp;11:45 pro mlad\u0161\u00ed dorostence. Odjezd autobusu k&nbsp;utk\u00e1n\u00ed je v&nbsp;7:45 hodin. Zveme na tato utk\u00e1n\u00ed mlad\u0161\u00edch i star\u0161\u00edch dorostenc\u016f.<\/span><\/p>\n<p>&nbsp;<\/p>\n<p><span style=\"font-family: helvetica, arial, sans-serif; font-size: 12pt;\"><strong>Mlad\u0161\u00ed i star\u0161\u00ed&nbsp; \u017e\u00e1ci budou hr\u00e1t doma s&nbsp;R\u00fdma\u0159ovem <\/strong><\/span><\/p>\n<p><span style=\"font-family: helvetica, arial, sans-serif; font-size: 12pt;\">Mlad\u0161\u00ed i star\u0161\u00ed \u017e\u00e1ci&nbsp; budou hr\u00e1t doma a to s&nbsp;celkem R\u00ddMA\u0158OVA&nbsp; Utk\u00e1n\u00ed se bude hr\u00e1t v&nbsp;sobotu 31.srpna 2019 od 12:45 a 14:30 star\u0161\u00ed respektive mlad\u0161\u00ed \u017e\u00e1ky. Zveme v\u0161echny p\u0159\u00edznivce star\u0161\u00edch i mlad\u0161\u00edch \u017e\u00e1k\u016f.<\/span><\/p>\n","protected":false},"excerpt":{"rendered":"<p>V&nbsp;sobotu budeme hr\u00e1t venku s&nbsp;Bru\u0161perkem Po utk\u00e1n\u00ed s&nbsp;\u010desk\u00fdm T\u011b\u0161\u00ednem, ve kter\u00e9m jsme dos\u00e1hli prvn\u00edho v\u00edt\u011bzstv\u00ed, budou na\u0161i fotbalist\u00e9 A mu\u017estva hr\u00e1t na p\u016fd\u011b&nbsp;Bru\u0161perku. Mu\u017estvo Bru\u0161perku jde<span class=\"excerpt-hellip\"> [\u2026]<\/span><\/p>\n","protected":false},"author":3,"featured_media":1883,"comment_status":"closed","ping_status":"open","sticky":false,"template":"","format":"standard","meta":{"ngg_post_thumbnail":0,"footnotes":""},"categories":[115,112,110,107,117,103,111,102],"tags":[],"class_list":["post-6513","post","type-post","status-publish","format-standard","has-post-thumbnail","hentry","category-a-tym","category-b-tym","category-dorost","category-fotbal","category-mladsi-zaci","category-pozvanky","category-starsi-zaci","category-zapasy"],"_links":{"self":[{"href":"https:\/\/tjsokolkoberice.cz\/index.php?rest_route=\/wp\/v2\/posts\/6513","targetHints":{"allow":["GET"]}}],"collection":[{"href":"https:\/\/tjsokolkoberice.cz\/index.php?rest_route=\/wp\/v2\/posts"}],"about":[{"href":"https:\/\/tjsokolkoberice.cz\/index.php?rest_route=\/wp\/v2\/types\/post"}],"author":[{"embeddable":true,"href":"https:\/\/tjsokolkoberice.cz\/index.php?rest_route=\/wp\/v2\/users\/3"}],"replies":[{"embeddable":true,"href":"https:\/\/tjsokolkoberice.cz\/index.php?rest_route=%2Fwp%2Fv2%2Fcomments&post=6513"}],"version-history":[{"count":2,"href":"https:\/\/tjsokolkoberice.cz\/index.php?rest_route=\/wp\/v2\/posts\/6513\/revisions"}],"predecessor-version":[{"id":6515,"href":"https:\/\/tjsokolkoberice.cz\/index.php?rest_route=\/wp\/v2\/posts\/6513\/revisions\/6515"}],"wp:featuredmedia":[{"embeddable":true,"href":"https:\/\/tjsokolkoberice.cz\/index.php?rest_route=\/wp\/v2\/media\/1883"}],"wp:attachment":[{"href":"https:\/\/tjsokolkoberice.cz\/index.php?rest_route=%2Fwp%2Fv2%2Fmedia&parent=6513"}],"wp:term":[{"taxonomy":"category","embeddable":true,"href":"https:\/\/tjsokolkoberice.cz\/index.php?rest_route=%2Fwp%2Fv2%2Fcategories&post=6513"},{"taxonomy":"post_tag","embeddable":true,"href":"https:\/\/tjsokolkoberice.cz\/index.php?rest_route=%2Fwp%2Fv2%2Ftags&post=6513"}],"curies":[{"name":"wp","href":"https:\/\/api.w.org\/{rel}","templated":true}]}}