{"id":6601,"date":"2019-11-03T09:27:58","date_gmt":"2019-11-03T08:27:58","guid":{"rendered":"https:\/\/tjsokolkoberice.cz\/?p=6601"},"modified":"2025-10-14T11:52:03","modified_gmt":"2025-10-14T10:52:03","slug":"vikendovy-program-nasich-muzstev-76","status":"publish","type":"post","link":"https:\/\/tjsokolkoberice.cz\/?p=6601","title":{"rendered":"V\u00edkendov\u00fd program na\u0161ich mu\u017estev"},"content":{"rendered":"<div style=\"text-align: justify;\"><span style=\"font-size: 12pt; font-family: helvetica, arial, sans-serif;\"><b><u>A mu\u017ei<\/u><\/b><\/span><\/div>\n<div style=\"text-align: justify;\"><span style=\"font-size: 12pt; font-family: helvetica, arial, sans-serif;\"><b>Volno<\/b><\/span><\/div>\n<div style=\"text-align: justify;\">&nbsp;<\/div>\n<div style=\"text-align: justify;\">\n<div><span style=\"font-size: 12pt; font-family: helvetica, arial, sans-serif;\"><b><u>B mu\u017ei<\/u><\/b><\/span><\/div>\n<div><span style=\"font-size: 12pt; font-family: helvetica, arial, sans-serif;\"><b>Sobota 2. listopadu 2019&nbsp; 14:00<\/b><\/span><\/div>\n<div><span style=\"font-size: 12pt; font-family: helvetica, arial, sans-serif;\"><b>Mu\u017ei B &#8211; Dobroslavice<\/b><\/span><\/div>\n<\/div>\n<div style=\"text-align: justify;\"><span style=\"font-size: 12pt; font-family: helvetica, arial, sans-serif;\"><b>&nbsp;<\/b><\/span><\/div>\n<div style=\"text-align: justify;\">\n<div>\n<div>\n<div><span style=\"font-size: 12pt; font-family: helvetica, arial, sans-serif;\"><b><u>Star\u0161\u00ed dorost<\/u><\/b><\/span><\/div>\n<div>\n<div><span style=\"font-size: 12pt; font-family: helvetica, arial, sans-serif;\"><b>Sobota&nbsp;<\/b><b>2. listopadu 2019<\/b><b>&nbsp; 9:45<\/b><\/span><\/div>\n<div><span style=\"font-size: 12pt; font-family: helvetica, arial, sans-serif;\"><b>T\u011brlicko &#8211; Star\u0161\u00ed dorost&nbsp;&nbsp;<\/b><\/span><\/div>\n<\/div>\n<\/div>\n<div><span style=\"font-size: 12pt; font-family: helvetica, arial, sans-serif;\"><b>&nbsp;<\/b><\/span><\/div>\n<div>\n<div><span style=\"font-size: 12pt; font-family: helvetica, arial, sans-serif;\"><b><u>Mlad\u0161\u00ed dorost<\/u><\/b><\/span><\/div>\n<div>\n<div><span style=\"font-size: 12pt; font-family: helvetica, arial, sans-serif;\"><b>Sobota<\/b><b>&nbsp;<\/b><b>2. listopadu 2019<\/b><b>&nbsp;&nbsp;12:00<\/b><\/span><\/div>\n<div><span style=\"font-size: 12pt; font-family: helvetica, arial, sans-serif;\"><b>T\u011brlicko &#8211; Mlad\u0161\u00ed dorost&nbsp;&nbsp;<\/b><\/span><\/div>\n<\/div>\n<\/div>\n<\/div>\n<div>&nbsp;<\/div>\n<\/div>\n<div style=\"text-align: justify;\"><span style=\"font-size: 12pt; font-family: helvetica, arial, sans-serif;\"><b>&nbsp;<\/b><\/span><\/div>\n<div>\n<div style=\"text-align: justify;\">\n<div><span style=\"font-size: 12pt; font-family: helvetica, arial, sans-serif;\"><b><u>Star\u0161\u00ed \u017e\u00e1ci<\/u><\/b><\/span><\/div>\n<div>\n<div><span style=\"font-size: 12pt; font-family: helvetica, arial, sans-serif;\"><b>Sobota<\/b><b>&nbsp;<\/b><b>2. listopadu 2019<\/b><b>&nbsp; 10:15<\/b><\/span><\/div>\n<div><span style=\"font-size: 12pt; font-family: helvetica, arial, sans-serif;\"><b>Star\u0161\u00ed \u017e\u00e1ci &#8211;&nbsp;<\/b><b>MFK Hav\u00ed\u0159ov&nbsp;&nbsp;<\/b><\/span><\/div>\n<\/div>\n<\/div>\n<div style=\"text-align: justify;\"><span style=\"font-size: 12pt; font-family: helvetica, arial, sans-serif;\"><b>&nbsp;<\/b><\/span><\/div>\n<div>\n<div style=\"text-align: justify;\"><span style=\"font-size: 12pt; font-family: helvetica, arial, sans-serif;\"><b><u>Mlad\u0161\u00ed \u017e\u00e1ci<\/u><\/b><\/span><\/div>\n<div>\n<div style=\"text-align: justify;\"><span style=\"font-size: 12pt; font-family: helvetica, arial, sans-serif;\"><b>Sobota<\/b><b>&nbsp;<\/b><b>2. listopadu 2019<\/b><b>&nbsp;&nbsp;12:00<\/b><\/span><\/div>\n<div style=\"text-align: justify;\">&nbsp;<\/div>\n<div style=\"text-align: justify;\"><span style=\"font-size: 12pt; font-family: helvetica, arial, sans-serif;\"><b>Mlad\u0161\u00ed \u017e\u00e1ci &#8211; MFK Hav\u00ed\u0159ov&nbsp;&nbsp;<\/b><\/span><\/div>\n<\/div>\n<\/div>\n<\/div>\n","protected":false},"excerpt":{"rendered":"<p>A mu\u017ei Volno &nbsp; B mu\u017ei Sobota 2. listopadu 2019&nbsp; 14:00 Mu\u017ei B &#8211; Dobroslavice &nbsp; Star\u0161\u00ed dorost Sobota&nbsp;2. listopadu 2019&nbsp; 9:45 T\u011brlicko &#8211; Star\u0161\u00ed dorost&nbsp;&nbsp;<span class=\"excerpt-hellip\"> [\u2026]<\/span><\/p>\n","protected":false},"author":3,"featured_media":1886,"comment_status":"closed","ping_status":"open","sticky":false,"template":"","format":"standard","meta":{"ngg_post_thumbnail":0,"footnotes":""},"categories":[115,112,110,107,117,103,111,102],"tags":[],"class_list":["post-6601","post","type-post","status-publish","format-standard","has-post-thumbnail","hentry","category-a-tym","category-b-tym","category-dorost","category-fotbal","category-mladsi-zaci","category-pozvanky","category-starsi-zaci","category-zapasy"],"_links":{"self":[{"href":"https:\/\/tjsokolkoberice.cz\/index.php?rest_route=\/wp\/v2\/posts\/6601","targetHints":{"allow":["GET"]}}],"collection":[{"href":"https:\/\/tjsokolkoberice.cz\/index.php?rest_route=\/wp\/v2\/posts"}],"about":[{"href":"https:\/\/tjsokolkoberice.cz\/index.php?rest_route=\/wp\/v2\/types\/post"}],"author":[{"embeddable":true,"href":"https:\/\/tjsokolkoberice.cz\/index.php?rest_route=\/wp\/v2\/users\/3"}],"replies":[{"embeddable":true,"href":"https:\/\/tjsokolkoberice.cz\/index.php?rest_route=%2Fwp%2Fv2%2Fcomments&post=6601"}],"version-history":[{"count":1,"href":"https:\/\/tjsokolkoberice.cz\/index.php?rest_route=\/wp\/v2\/posts\/6601\/revisions"}],"predecessor-version":[{"id":6602,"href":"https:\/\/tjsokolkoberice.cz\/index.php?rest_route=\/wp\/v2\/posts\/6601\/revisions\/6602"}],"wp:featuredmedia":[{"embeddable":true,"href":"https:\/\/tjsokolkoberice.cz\/index.php?rest_route=\/wp\/v2\/media\/1886"}],"wp:attachment":[{"href":"https:\/\/tjsokolkoberice.cz\/index.php?rest_route=%2Fwp%2Fv2%2Fmedia&parent=6601"}],"wp:term":[{"taxonomy":"category","embeddable":true,"href":"https:\/\/tjsokolkoberice.cz\/index.php?rest_route=%2Fwp%2Fv2%2Fcategories&post=6601"},{"taxonomy":"post_tag","embeddable":true,"href":"https:\/\/tjsokolkoberice.cz\/index.php?rest_route=%2Fwp%2Fv2%2Ftags&post=6601"}],"curies":[{"name":"wp","href":"https:\/\/api.w.org\/{rel}","templated":true}]}}