{"id":6615,"date":"2019-11-14T22:27:34","date_gmt":"2019-11-14T21:27:34","guid":{"rendered":"https:\/\/tjsokolkoberice.cz\/?p=6615"},"modified":"2025-10-14T11:52:02","modified_gmt":"2025-10-14T10:52:02","slug":"a-muzi-na-zaver-remizovali-s-hlubinou","status":"publish","type":"post","link":"https:\/\/tjsokolkoberice.cz\/?p=6615","title":{"rendered":"A mu\u017ei na z\u00e1v\u011br remizovali s Hlubinou"},"content":{"rendered":"<div>\n<div style=\"text-align: justify;\"><span style=\"font-size: 14pt; font-family: helvetica, arial, sans-serif;\"><b>TJ Sokol Kobe\u0159ice &#8211; TJ UNIE Hlubina&nbsp; &nbsp; &nbsp;0:0<\/b><\/span><\/div>\n<div style=\"text-align: justify;\"><span style=\"font-size: 12pt; font-family: helvetica, arial, sans-serif;\">&nbsp;<\/span><\/div>\n<div style=\"text-align: justify;\"><span style=\"font-family: arial, helvetica, sans-serif;\">V posledn\u00edm podzimn\u00edm utk\u00e1n\u00ed (p\u0159edehr\u00e1van\u00e9m jarn\u00edm) hostili na\u0161i hr\u00e1\u010di mu\u017estvo Hlubiny. Aby p\u0159ezimovali s relativn\u00edm klidem, pot\u0159ebovali nutn\u011b zv\u00edt\u011bzit. Bohu\u017eel se to nakonec nepoda\u0159ilo a tak na ja\u0159e bude na\u0161e kluky \u010dekat n\u00e1ro\u010dn\u00e1 pr\u00e1ce v boji o udr\u017een\u00ed v krajsk\u00e9m p\u0159eboru.<\/span><\/div>\n<div style=\"text-align: justify;\">&nbsp;<\/div>\n<\/div>\n<div style=\"text-align: justify;\">&nbsp;<\/div>\n<div style=\"text-align: justify;\"><span style=\"font-family: arial, helvetica, sans-serif;\">N\u00e1stup do utk\u00e1n\u00ed v\u0161ak m\u011bli na\u0161i borci v\u00fdborn\u00fd. Prvn\u00edch 30 min. \u00favodn\u00edho d\u011bjstv\u00ed p\u0159edv\u00e1d\u011bli v\u00fdborn\u00fd bojovn\u00fd v\u00fdkon a jen d\u00edky nemohoucnosti st\u0159elc\u016f a n\u011bkdy nedostatkem pot\u0159ebn\u00e9ho \u0161t\u011bst\u00ed neskon\u010dil m\u00ed\u010d v s\u00edti. V poledn\u00edch minut\u00e1ch polo\u010dasu se osm\u011blili tak\u00e9 host\u00e9, av\u0161ak ani jejich p\u0159\u00edle\u017eitosti g\u00f3lem neskon\u010dily, a tak se \u0161lo do kabin za bezbrankov\u00e9ho stavu.<\/span><\/div>\n<div style=\"text-align: justify;\">&nbsp;<\/div>\n<div style=\"text-align: justify;\">&nbsp;<\/div>\n<div style=\"text-align: justify;\"><span style=\"font-family: arial, helvetica, sans-serif;\">Do druh\u00e9 p\u016fle vstoupili o n\u011bco l\u00e9pe host\u00e9, av\u0161ak g\u00f3l jim to nep\u0159ineslo. V rozmez\u00ed 60. a 70. minuty se vykartovali dva hr\u00e1\u010di Hlubiny, kte\u0159\u00ed museli p\u0159ed\u010dasn\u011b do sprch. Ani t\u00e9m\u011b\u0159 25 min. p\u0159esilovku na\u0161i nevyu\u017eili, kdy\u017e se jednalo sp\u00ed\u0161e o k\u0159e\u010dovit\u00e9 dob\u00fdv\u00e1n\u00ed hostuj\u00edc\u00ed branky. Nakonec v\u0161ak mohl strhnout v\u00edt\u011bzstv\u00ed na dom\u00e1c\u00ed stranu Kubn\u00fd, kter\u00fd z bl\u00edzka trefil v nastaven\u00ed pouze ty\u010d. A tak lou\u010den\u00ed s podzimn\u00ed \u010d\u00e1st\u00ed dopadlo pro Kobe\u0159ice nep\u0159\u00edli\u0161 pozitivn\u011b.&nbsp;<\/span><\/div>\n<div style=\"text-align: justify;\">&nbsp;<\/div>\n<div style=\"text-align: justify;\">&nbsp;<\/div>\n<div style=\"text-align: justify;\"><span style=\"font-family: arial, helvetica, sans-serif;\">Bohu\u017eel je nutno \u0159\u00edci, \u017ee kone\u010dn\u00fd v\u00fdsledek tak trochu rezonoval s cel\u00fdm pr\u016fb\u011bhem podzimn\u00ed \u010d\u00e1sti, kdy na\u0161e mu\u017estvo prov\u00e1zela neb\u00fdvala marodka a tak\u00e9 mnohdy absence onoho pot\u0159ebn\u00e9ho \u0161t\u011bst\u00ed. V\u011b\u0159me, \u017ee se situace obr\u00e1t\u00ed k lep\u0161\u00edmu a na ja\u0159e se bude da\u0159it podstatn\u011b l\u00e9pe a hlavn\u011b se budou na\u0161im hr\u00e1\u010d\u016fm vyh\u00fdbat zran\u011bn\u00ed!<\/span><\/div>\n<div style=\"text-align: justify;\">&nbsp;<\/div>\n<div style=\"text-align: justify;\">\n<div>&nbsp;<\/div>\n<div>&nbsp;<\/div>\n<div><span style=\"font-size: 12pt; font-family: helvetica, arial, sans-serif;\"><b>Rozhod\u010d\u00ed:&nbsp;<\/b>Tom\u0161\u00edk Zbyn\u011bk &#8211; Jane\u010dek Jan, Schneider Pavel<\/span><\/div>\n<div>&nbsp;<\/div>\n<div>&nbsp;<\/div>\n<div><span style=\"font-size: 12pt; font-family: helvetica, arial, sans-serif;\"><b>Div\u00e1k\u016f:<\/b>&nbsp;185<\/span><\/div>\n<\/div>\n<div style=\"text-align: justify;\">&nbsp;<\/div>\n<div style=\"text-align: justify;\">&nbsp;<\/div>\n<div style=\"text-align: justify;\"><span style=\"font-size: 12pt; font-family: helvetica, arial, sans-serif;\"><b>Sestava Kobe\u0159ic:<\/b>&nbsp;\u0160tencel &#8211; Stuchl\u00edk P., Ka\u0161n\u00fd, Buchta, \u0160evior (80. Kolar\u010d\u00edk), Kubn\u00fd, Wirth Robin (K), St\u0159\u00edbn\u00fd M. (90. Schlischka M.), Kry\u0161tof (70. Hartamnn P.), L\u00e1n\u00edk (76. Rother), \u0160ime\u010dek&nbsp;<\/span><\/div>\n<div style=\"text-align: justify;\">&nbsp;<\/div>\n<div style=\"text-align: justify;\">&nbsp;<\/div>\n<div style=\"text-align: justify;\">\n<hr>\n<\/div>\n<div style=\"text-align: justify;\">&nbsp;<\/div>\n","protected":false},"excerpt":{"rendered":"<p>TJ Sokol Kobe\u0159ice &#8211; TJ UNIE Hlubina&nbsp; &nbsp; &nbsp;0:0 &nbsp; V posledn\u00edm podzimn\u00edm utk\u00e1n\u00ed (p\u0159edehr\u00e1van\u00e9m jarn\u00edm) hostili na\u0161i hr\u00e1\u010di mu\u017estvo Hlubiny. Aby p\u0159ezimovali s relativn\u00edm klidem,<span class=\"excerpt-hellip\"> [\u2026]<\/span><\/p>\n","protected":false},"author":3,"featured_media":2929,"comment_status":"closed","ping_status":"open","sticky":false,"template":"","format":"standard","meta":{"ngg_post_thumbnail":0,"footnotes":""},"categories":[115,112,107,104,102],"tags":[],"class_list":["post-6615","post","type-post","status-publish","format-standard","has-post-thumbnail","hentry","category-a-tym","category-b-tym","category-fotbal","category-vysledky","category-zapasy"],"_links":{"self":[{"href":"https:\/\/tjsokolkoberice.cz\/index.php?rest_route=\/wp\/v2\/posts\/6615","targetHints":{"allow":["GET"]}}],"collection":[{"href":"https:\/\/tjsokolkoberice.cz\/index.php?rest_route=\/wp\/v2\/posts"}],"about":[{"href":"https:\/\/tjsokolkoberice.cz\/index.php?rest_route=\/wp\/v2\/types\/post"}],"author":[{"embeddable":true,"href":"https:\/\/tjsokolkoberice.cz\/index.php?rest_route=\/wp\/v2\/users\/3"}],"replies":[{"embeddable":true,"href":"https:\/\/tjsokolkoberice.cz\/index.php?rest_route=%2Fwp%2Fv2%2Fcomments&post=6615"}],"version-history":[{"count":5,"href":"https:\/\/tjsokolkoberice.cz\/index.php?rest_route=\/wp\/v2\/posts\/6615\/revisions"}],"predecessor-version":[{"id":6625,"href":"https:\/\/tjsokolkoberice.cz\/index.php?rest_route=\/wp\/v2\/posts\/6615\/revisions\/6625"}],"wp:featuredmedia":[{"embeddable":true,"href":"https:\/\/tjsokolkoberice.cz\/index.php?rest_route=\/wp\/v2\/media\/2929"}],"wp:attachment":[{"href":"https:\/\/tjsokolkoberice.cz\/index.php?rest_route=%2Fwp%2Fv2%2Fmedia&parent=6615"}],"wp:term":[{"taxonomy":"category","embeddable":true,"href":"https:\/\/tjsokolkoberice.cz\/index.php?rest_route=%2Fwp%2Fv2%2Fcategories&post=6615"},{"taxonomy":"post_tag","embeddable":true,"href":"https:\/\/tjsokolkoberice.cz\/index.php?rest_route=%2Fwp%2Fv2%2Ftags&post=6615"}],"curies":[{"name":"wp","href":"https:\/\/api.w.org\/{rel}","templated":true}]}}