{"id":6630,"date":"2019-12-06T11:41:02","date_gmt":"2019-12-06T10:41:02","guid":{"rendered":"https:\/\/tjsokolkoberice.cz\/?p=6630"},"modified":"2025-10-14T11:52:02","modified_gmt":"2025-10-14T10:52:02","slug":"hodnoceni-podzimni-casti-fotbalove-sezony","status":"publish","type":"post","link":"https:\/\/tjsokolkoberice.cz\/?p=6630","title":{"rendered":"Hodnocen\u00ed podzimn\u00ed \u010d\u00e1sti fotbalov\u00e9 sez\u00f3ny"},"content":{"rendered":"\n<p class=\"has-medium-font-size\"><strong>A mu\u017ei<\/strong><\/p>\n\n\n\n<p class=\"has-normal-font-size\">Od podzimn\u00ed \u010d\u00e1sti si fanou\u0161ci i samotn\u00ed \u010dlenov\u00e9 A mu\u017estva asi slibovali\no n\u011bco v\u00edce. Po suver\u00e9nn\u00edm v\u00edt\u011bzstv\u00ed v&nbsp;1. A t\u0159\u00edd\u011b byla o\u010dek\u00e1v\u00e1n\u00ed\ns&nbsp;t\u00edm, jak si na\u0161i hr\u00e1\u010di povedou o sout\u011b\u017e v\u00fd\u0161e, pom\u011brn\u011b vysok\u00e1. Pod nov\u00fdm\ntren\u00e9rem Du\u0161anem Christophem a s&nbsp;n\u011bkolika nov\u00fdmi tv\u00e1\u0159emi vstupovali do\nsout\u011b\u017ee utk\u00e1n\u00edm na Hlubin\u011b. Toto utk\u00e1n\u00ed jako by p\u0159edznamenalo pr\u016fb\u011bh cel\u00e9\npodzimn\u00ed \u010d\u00e1sti. Na\u0161e mu\u017estvo se pot\u00fdkalo se slabou produktivitou a hlavn\u011b\ns&nbsp;obrovskou marodkou. Postupn\u011b se b\u011bhem podzimu zranili Ve\u010derek (2x\noperace), Stuchl\u00edk (noha), Ren\u00e9 Wirth (koleno), \u0160vancar (zlomen\u00e1 noha,\noperace), Kollek (svalov\u00e9 zran\u011bn\u00ed), Oberherr (intern\u00ed probl\u00e9my). N\u011bkter\u00e9\nabsence byly zap\u0159\u00ed\u010din\u011bn\u00e9 pracovn\u00edmi \u010di jin\u00fdmi povinnostmi. Ani v&nbsp;jednom\nutk\u00e1n\u00ed jsme nemohli nasadit plnou sestavu, co\u017e do jist\u00e9 m\u00edry tak\u00e9 ovlivnilo\ncelkov\u00e9 podzimn\u00ed p\u016fsoben\u00ed. P\u016flsezonu zakon\u010dili A mu\u017ei op\u011bt utk\u00e1n\u00edm proti\nHlubin\u011b, kter\u00e9 bylo jak p\u0159es kop\u00edr\u00e1k, op\u011bt spousta \u0161anc\u00ed a ke konci dokonce i dvojn\u00e1sobn\u00e1\npo\u010detn\u00ed v\u00fdhoda. Ani to nesta\u010dilo k&nbsp;pln\u00e9mu bodov\u00e9mu zisku, a tak kone\u010dn\u00e1 13.\np\u0159\u00ed\u010dka po podzimu se ziskem 13 bod\u016f bude znamenat je\u0161t\u011b spoustu pr\u00e1ce\nv&nbsp;boji o z\u00e1chranu. Ve v\u011bt\u0161in\u011b utk\u00e1n\u00ed odehr\u00e1li na\u0161i kluci vyrovnanou partii\na sv\u00e9mu protivn\u00edkovi byli rovnocenn\u00fdm soupe\u0159em. Proto v\u011b\u0159me, \u017ee do jarn\u00ed \u010d\u00e1sti\nnastoup\u00ed dob\u0159e p\u0159ipraven\u00ed, \u017ee se jim bude vyh\u00fdbat zran\u011bn\u00ed a v&nbsp;\u010dervnu\np\u0159\u00ed\u0161t\u00edho roku budeme moci spole\u010dn\u011b oslavit z\u00e1chranu v&nbsp;krajsk\u00e9m\np\u0159eboru.&nbsp; <\/p>\n\n\n\n<p class=\"has-medium-font-size\"><strong>B mu\u017ei<\/strong><\/p>\n\n\n\n<p>Po sestupu do posledn\u00ed sout\u011b\u017ee byla hlavn\u00ed ot\u00e1zka, zda se B mu\u017estvo\nv\u016fbec poda\u0159\u00ed poskl\u00e1dat, aby mohlo hr\u00e1t tuto sout\u011b\u017e. Nakonec se i d\u00edky n\u00e1vratu\nn\u011bkolika hr\u00e1\u010d\u016f, kte\u0159\u00ed ji\u017e n\u011bjakou dobu fotbal aktivn\u011b nehr\u00e1li, poda\u0159ilo\nsestavit kostru t\u00fdmu, kter\u00fd bojoval v&nbsp;okresn\u00ed sout\u011b\u017ei III. t\u0159\u00eddy. V\u00fdsledky\nv&nbsp;podzimn\u00ed \u010d\u00e1sti nebyly nijak oslniv\u00e9 a sta\u010dily na pr\u016fb\u011b\u017en\u00e9 12. m\u00edsto se\nziskem 13 bod\u016f. Na t\u00e9to \u00farovni v\u0161ak v\u00edce ne\u017e o body jde o radost ze hry, trochu\nse h\u00fdbat a ud\u011blat si po\u0159\u00e1dnou \u017e\u00edze\u0148&nbsp; J <\/p>\n\n\n\n<p class=\"has-medium-font-size\"><strong>Dorost<\/strong><\/p>\n\n\n\n<p>Po jaru 2019 jsme obsadili druh\u00e9 m\u00edsto v KS dorostu a proto\u017ee ze star\u0161\u00edch\n\u017e\u00e1k\u016f p\u0159i\u0161lo 10 hr\u00e1\u010d\u016f, tak jsme mohli vytvo\u0159it\nmlad\u0161\u00ed dorost a postoupit o stup\u00ednek v\u00fd\u0161e do Krajsk\u00e9ho p\u0159eboru. U dorostu po\njaru skon\u010dili: Martin St\u0159\u00edbn\u00fd, Petr Schlischka, Nikolas Kaspar a Filip Kolllek,\nale i hlavn\u00ed tren\u00e9r Tom\u00e1\u0161 Bitomsk\u00fd. A tak u dorostu z\u016fstali jako tren\u00e9\u0159i Zden\u011bk\nJur\u010dek a Ji\u0159\u00ed Mrva u star\u0161\u00edch a nov\u011b utvo\u0159en\u00fd mlad\u0161\u00ed dorost m\u011bli na starost Tom\u00e1\u0161\nSt\u0159\u00edbn\u00fd a Pavel Kr\u010dma.<\/p>\n\n\n\n<p class=\"has-medium-font-size\"><strong>Star\u0161\u00ed dorost<\/strong><\/p>\n\n\n\n<p>Odehr\u00e1l v sez\u00f3n\u011b 11 mistrovsk\u00fdch utk\u00e1n\u00ed s touto bilanc\u00ed: 5 v\u00fdher, 1 rem\u00edza\na 5 por\u00e1\u017eek. P\u0159i sk\u00f3re 36:25 z\u00edskal 16 bod\u016f a po podzimu obsadil 7. m\u00edsto KP.\nDoma odehr\u00e1li p\u011bt utk\u00e1n\u00ed s t\u011bmito v\u00fdsledky: Hlubina 1:3, Fren\u0161t\u00e1t pod Radho\u0161t\u011bm\n11:3, Krava\u0159e 2:3, Slavia Opava 5:1 a Krnov 3:2, venku odehr\u00e1li \u0161est utk\u00e1n\u00ed s\nt\u011bmito v\u00fdsledky: B\u00edlovec 4:2, Fr\u00fddlant nad Ostravic\u00ed 3:4, Horn\u00ed Such\u00e1 0:0,\nPet\u0159kovice 2:3, Sta\u0159\u00ed\u010d 3:0 a T\u011brlicko 2:4. Nejlep\u0161\u00edm st\u0159elcem podzimu se stal\nMartin Schlischka se 7 brankami. Po podzimu m\u016f\u017eeme b\u00fdt tro\u0161ku spokojeni s\npo\u010dtem bod\u016f a s pocitem, \u017ee tato sout\u011b\u017e je pro na\u0161e&nbsp;hr\u00e1\u010de hrateln\u00e1. Na\ndruhou stranu n\u00e1s mrz\u00ed zran\u011bn\u00ed Sebiho \u0160van\u010dara a Radima Krzischa, ale i\ndisciplin\u00e1rn\u00ed tresty Filipa Rothera a Martina Schlischky, o kter\u00e9 byl k\u00e1dr oslaben.<\/p>\n\n\n\n<p class=\"has-medium-font-size\"><strong>Mlad\u0161\u00ed dorost<\/strong><\/p>\n\n\n\n<p>Mlad\u0161\u00ed dorostenci slo\u017een\u00ed z kon\u010d\u00edc\u00edch \u017e\u00e1k\u016f a hr\u00e1\u010d\u016f r. 2003 odehr\u00e1li na\npodzim 11 mistrovsk\u00fdch utk\u00e1n\u00ed s touto bilanc\u00ed: doma Hlubina 5:1, Fren\u0161t\u00e1t pod\nRadho\u0161t\u011bm 8:0, Krava\u0159e 4:1, Slavia Opava 0:0, Krnov 1:1, venku B\u00edlovec 0:3,\nFr\u00fddlant nad Ostravic\u00ed 6:2, Horn\u00ed Such\u00e1 2:2, Pet\u0159kovice 5:1, Sta\u0159\u00ed\u010d 2:2 a\nT\u011brlicko 3:1. Bilance podzimu: 6 v\u00fdher, 4 rem\u00edzy, 1 por\u00e1\u017eka. P\u0159i sk\u00f3re 36:14\nz\u00edskali 22 bod\u016f a obsadili po podzimu 3. m\u00edsto tabulky KP. Nejlep\u0161\u00edm st\u0159elcem se\nstal Daniel Pa\u0161ek, kter\u00fd vst\u0159elil 14 branek. S vystoupen\u00edm mlad\u0161\u00edho dorostu\nm\u016f\u017eeme b\u00fdt maxim\u00e1ln\u011b spokojeni. Pokud nehr\u00e1li \u017e\u00e1ci, tak se v sestav\u011b objevili i\nkluci, kte\u0159\u00ed do dorostu p\u0159ijdou p\u0159\u00ed\u0161t\u00ed rok. Tro\u0161ku \u0161patn\u00e9 je to, \u017ee mlad\u0161\u00ed dorost\nnem\u00e1 brank\u00e1\u0159e, ale pokud nemohl chytat \u017e\u00e1k Oliver Hartmann, tak ho skv\u011bl\u00e9\nzastoupil hr\u00e1\u010d Teodor Biel\u00e1k a vedl si skv\u011ble.<\/p>\n\n\n\n<p class=\"has-medium-font-size\"><strong>Star\u0161\u00ed a mlad\u0161\u00ed \u017e\u00e1ci<\/strong><\/p>\n\n\n\n<p>\u017d\u00e1kovsk\u00e1 mu\u017estva se ji\u017e zabydlela v&nbsp;krajsk\u00e9m p\u0159eboru a tak do nov\u00e9 sez\u00f3ny\nvstupovala se sm\u011bl\u00fdmi c\u00edli hr\u00e1t v&nbsp;pop\u0159ed\u00ed tabulky. To se tak\u00e9 potvrdilo a\npo podzimu ob\u011b na\u0161e mu\u017estva okupuj\u00ed p\u0159edn\u00ed pozice. Mlad\u0161\u00ed jsou po 13 odehran\u00fdch\nz\u00e1pasech na kr\u00e1sn\u00e9 3. p\u0159\u00ed\u010dce, kdy\u017e 10x vyhr\u00e1li, jednou remizovali a jen ve dvou\np\u0159\u00edpadech okusili por\u00e1\u017eku. Star\u0161\u00ed \u017e\u00e1ci jsou dokonce ve veden\u00ed, kdy\u017e ve 13\nutk\u00e1n\u00edch ani jednou neprohr\u00e1li, jen ve dvou p\u0159\u00edpadech remizovali. <\/p>\n\n\n\n<p>Potvrzuje se tak fakt, \u017ee se obecn\u011b s&nbsp;ml\u00e1de\u017e\u00ed u n\u00e1s v&nbsp;Kobe\u0159ic\u00edch\npracuje velmi dob\u0159e. Je t\u0159eba vyzdvihnout pr\u00e1ci tren\u00e9rsk\u00fdch t\u00fdm\u016f, kter\u00e9 pracuj\u00ed\nsv\u011bdomit\u011b a sna\u017e\u00ed se mlad\u00fdm hr\u00e1\u010d\u016fm p\u0159ed\u00e1vat z\u00e1kladn\u00ed fotbalov\u00e9 dovednosti.\nV&nbsp;t\u011bchto kategori\u00edch by um\u00edst\u011bn\u00ed v&nbsp;tabulce nem\u011blo b\u00fdt t\u00edm hlavn\u00edm,\nale i tak n\u00e1s t\u011b\u0161\u00ed, jak se v&nbsp;konfrontaci s&nbsp;krajsk\u00fdmi soupe\u0159i na\u0161im\nmu\u017estv\u016fm da\u0159\u00ed! Je skv\u011bl\u00e9, \u017ee na\u0161i obec reprezentujeme na krajsk\u00fdch \u00farovn\u00edch jak\nv&nbsp;mu\u017esk\u00e9, tak ml\u00e1de\u017enick\u00fdch kategori\u00edch. Jedn\u00e1 se o dobrou prezentaci na\u0161i\npr\u00e1ce, je\u0161t\u011b jednou v\u0161em pat\u0159\u00ed velk\u00e9 d\u00edky!<\/p>\n\n\n\n<p class=\"has-medium-font-size\"><strong>Fotbalov\u00e1 \u0161koli\u010dka (Sokol\u010data)<\/strong><\/p>\n\n\n\n<p>Po letn\u00ed pauze zapo\u010dala fotbalov\u00e1 \u0161koli\u010dka Sokol\u010data svou\ndruhou sez\u00f3nu. Fotbalovou \u0161koli\u010dku tuto sez\u00f3nu nav\u0161t\u011bvuj\u00ed d\u011bti ro\u010dn\u00edku narozen\u00ed\n2013 a mlad\u0161\u00ed. Na prvn\u00edch tr\u00e9ninc\u00edch jsme p\u0159iv\u00edtali nov\u00e9 p\u0159\u00edr\u016fstky d\u011bti\np\u0159ed\u0161koln\u00edho v\u011bku. Jsme velmi r\u00e1di, \u017ee se na\u0161e rodina pomalu rozr\u016fst\u00e1. Na\ntr\u00e9ninc\u00edch jsou Sokol\u010data rozd\u011blena do dvou skupin, d\u011bti narozen\u00e9 v&nbsp;roce\n2013 a d\u011bti mlad\u0161\u00ed. Tr\u00e9nink mlad\u0161\u00edch d\u011bt\u00ed je zam\u011b\u0159en na v\u0161eobecn\u00e9 pohybov\u00e9\naktivity a na prvn\u00ed kontakt s m\u00ed\u010dem, v\u0161e hravou formou.<\/p>\n\n\n\n<p>V sobotu 17. srpna 2019 se uskute\u010dnil prvn\u00ed dom\u00e1c\u00ed p\u0159\u00edpravn\u00fd\nz\u00e1pas nov\u00e9 sez\u00f3ny mezi na\u0161i fotbalovou \u0161koli\u010dkou Sokol\u010data a t\u00fdmem FK Krnov.\nZ\u00e1pas se hr\u00e1l na dvou h\u0159i\u0161t\u00edch najednou za pr\u016fb\u011b\u017en\u00e9ho hokejov\u00e9ho st\u0159\u00edd\u00e1n\u00ed,\npo\u010det hr\u00e1\u010d\u016f 3 proti 3 po dvan\u00e1cti minut\u00e1ch na mal\u00e9 branky tak, aby si v\u0161ichni\nzahr\u00e1li. Na z\u00e1v\u011br z\u00e1pasu si d\u011bti kopli penaltu a na pam\u00e1tku se vyfotili. Dal\u0161\u00ed\np\u0159\u00edpravn\u00fd dom\u00e1c\u00ed z\u00e1pas se uskute\u010dnil dne 24. srpna 2019 proti t\u00fdmu \u0160SK B\u00edlovec\nro\u010dn\u00edku narozen\u00ed 2012. I kdy\u017e se Sokol\u010data st\u0159etla se star\u0161\u00edmi hr\u00e1\u010di, nehr\u00e1li\ndruh\u00e9 housle a i nov\u00e1\u010dci ro\u010dn\u00edku narozen\u00ed 2014 a 2015 ud\u011blali neuv\u011b\u0159iteln\u00fd\npokrok a jde poznat, jak se zlep\u0161uj\u00ed tr\u00e9nink od tr\u00e9ninku.&nbsp; Odveta se\nuskute\u010dnila v&nbsp;ned\u011bli 22. 9. 2019 na fotbalov\u00e9m h\u0159i\u0161ti \u0160SK B\u00edlovec. D\u00e1le\nna\u0161e \u0161koli\u010dka hr\u00e1la p\u0159\u00edpravn\u00e9 z\u00e1pasy s&nbsp;celky FK Star\u00e1 B\u011bl\u00e1, FC Ban\u00edk\nOstrava a TJ Sokol Pustkovec.<\/p>\n\n\n\n<p>Dne 15. 9. 2019 jsme se z\u00fa\u010dastnili turnaje Bambini cup 2019\nna fotbalov\u00e9m h\u0159i\u0161ti FK Bolatice po\u0159\u00e1dan\u00e9ho Okresn\u00edm fotbalov\u00fdm svazem Opava.\nTak\u00e9 jsme zm\u011b\u0159ili s\u00edly s&nbsp;p\u0159edn\u00edmi t\u00fdmy fotbalov\u00fdch \u0161koli\u010dek v&nbsp;r\u00e1mci\nUHER festivalu ve Fr\u00fddku-M\u00edstku na stadionu Stovky. Tohoto turnaje se z\u00fa\u010dastnilo\n24 t\u00fdm\u016f z&nbsp;cel\u00e9ho Moravskoslezsk\u00e9ho kraje. Podzimn\u00ed sez\u00f3nu jsme zakon\u010dili\nna turnaji v&nbsp;ml\u00e1de\u017enick\u00e9m are\u00e1lu FC Ban\u00edk Ostrava u Z\u0160 J. \u0160oupala. P\u0159es\nzimn\u00ed obdob\u00ed se Sokol\u010data z\u00fa\u010dastn\u00ed turnaj\u016f Zimn\u00ed fotbalov\u00e9 ligy\nv&nbsp;Bru\u0161perku a Zimn\u00ed ligy ml\u00e1de\u017ee v&nbsp;B\u00edlovci.<\/p>\n\n\n\n<p>Na z\u00e1v\u011br je nutno podotknout, \u017ee u t\u00e9to v\u011bkov\u00e9 kategorie je\nv\u00fdsledek nepodstatn\u00fd, branky ani v\u00fdsledky se nezapo\u010d\u00edt\u00e1vaj\u00ed. Dlouhodob\u00fdm c\u00edlem\nje z\u00edsk\u00e1n\u00ed z\u00e1kladn\u00edch pohybov\u00fdch a fotbalov\u00fdch dovednost\u00ed a nalezen\u00ed l\u00e1sky ke\nkulat\u00e9mu nesmyslu.<\/p>\n\n\n\n<p>Fotbalov\u00e1 \u0161koli\u010dka Sokol\u010data r\u00e1da p\u0159iv\u00edt\u00e1&nbsp; do sv\u00fdch \u0159ad\ndal\u0161\u00ed d\u011bti ro\u010dn\u00edku narozen\u00ed 2014 a mlad\u0161\u00ed. Nen\u00ed to jen o fotbale, ale i o\np\u0159\u00e1telstv\u00ed, pohybu a z\u00e1bav\u011b. V&nbsp;p\u0159\u00edpad\u011b, \u017ee&nbsp;chcete sv\u00e9 d\u011bti ro\u010dn\u00edku\n2013 a mlad\u0161\u00ed p\u0159iv\u00e9st k&nbsp;fotbalu a sportu obecn\u011b, tak nev\u00e1hejte kontaktovat\ntren\u00e9ry Luk\u00e1\u0161e&nbsp;Hluchn\u00edka (tel. 723 018&nbsp;579) nebo Marka Ja\u0161ka (tel.\n737 706&nbsp;361) nebo se z\u00fa\u010dastn\u011bte tr\u00e9ninku fotbalov\u00e9 \u0161koli\u010dky. <\/p>\n\n\n\n<p>Rozlou\u010d\u00edm se s&nbsp;V\u00e1mi na\u0161\u00edm pok\u0159ikem: <strong>\u201e<em>My\nSokol\u010data z&nbsp;Kobe\u0159ic m\u00e1me fotbal v&nbsp;srdci, u\u010d\u00edme se ho pro radost,\nnejsme \u017e\u00e1dn\u00ed floutci<\/em>.\u201c<\/strong><\/p>\n","protected":false},"excerpt":{"rendered":"<p>A mu\u017ei Od podzimn\u00ed \u010d\u00e1sti si fanou\u0161ci i samotn\u00ed \u010dlenov\u00e9 A mu\u017estva asi slibovali o n\u011bco v\u00edce. Po suver\u00e9nn\u00edm v\u00edt\u011bzstv\u00ed v&nbsp;1. A t\u0159\u00edd\u011b byla o\u010dek\u00e1v\u00e1n\u00ed s&nbsp;t\u00edm,<span class=\"excerpt-hellip\"> [\u2026]<\/span><\/p>\n","protected":false},"author":3,"featured_media":3370,"comment_status":"closed","ping_status":"closed","sticky":false,"template":"","format":"standard","meta":{"ngg_post_thumbnail":0,"footnotes":""},"categories":[115,112,110,107,120,119,117,204,111],"tags":[],"class_list":["post-6630","post","type-post","status-publish","format-standard","has-post-thumbnail","hentry","category-a-tym","category-b-tym","category-dorost","category-fotbal","category-mini-mladsi","category-mini-starsi","category-mladsi-zaci","category-sokolcata","category-starsi-zaci"],"_links":{"self":[{"href":"https:\/\/tjsokolkoberice.cz\/index.php?rest_route=\/wp\/v2\/posts\/6630","targetHints":{"allow":["GET"]}}],"collection":[{"href":"https:\/\/tjsokolkoberice.cz\/index.php?rest_route=\/wp\/v2\/posts"}],"about":[{"href":"https:\/\/tjsokolkoberice.cz\/index.php?rest_route=\/wp\/v2\/types\/post"}],"author":[{"embeddable":true,"href":"https:\/\/tjsokolkoberice.cz\/index.php?rest_route=\/wp\/v2\/users\/3"}],"replies":[{"embeddable":true,"href":"https:\/\/tjsokolkoberice.cz\/index.php?rest_route=%2Fwp%2Fv2%2Fcomments&post=6630"}],"version-history":[{"count":3,"href":"https:\/\/tjsokolkoberice.cz\/index.php?rest_route=\/wp\/v2\/posts\/6630\/revisions"}],"predecessor-version":[{"id":6633,"href":"https:\/\/tjsokolkoberice.cz\/index.php?rest_route=\/wp\/v2\/posts\/6630\/revisions\/6633"}],"wp:featuredmedia":[{"embeddable":true,"href":"https:\/\/tjsokolkoberice.cz\/index.php?rest_route=\/wp\/v2\/media\/3370"}],"wp:attachment":[{"href":"https:\/\/tjsokolkoberice.cz\/index.php?rest_route=%2Fwp%2Fv2%2Fmedia&parent=6630"}],"wp:term":[{"taxonomy":"category","embeddable":true,"href":"https:\/\/tjsokolkoberice.cz\/index.php?rest_route=%2Fwp%2Fv2%2Fcategories&post=6630"},{"taxonomy":"post_tag","embeddable":true,"href":"https:\/\/tjsokolkoberice.cz\/index.php?rest_route=%2Fwp%2Fv2%2Ftags&post=6630"}],"curies":[{"name":"wp","href":"https:\/\/api.w.org\/{rel}","templated":true}]}}