{"id":6634,"date":"2019-12-06T11:49:12","date_gmt":"2019-12-06T10:49:12","guid":{"rendered":"https:\/\/tjsokolkoberice.cz\/?p=6634"},"modified":"2025-10-14T11:52:02","modified_gmt":"2025-10-14T10:52:02","slug":"prani-a-pf-2020","status":"publish","type":"post","link":"https:\/\/tjsokolkoberice.cz\/?p=6634","title":{"rendered":"P\u0159\u00e1n\u00ed a PF 2020"},"content":{"rendered":"<p style=\"text-align: center;\"><span style=\"font-size: 20pt; font-family: helvetica, arial, sans-serif; color: #000000;\">V\u00fdkonn\u00fd v\u00fdbor TJ Sokol Kobe\u0159ice d\u011bkuje v\u0161em sponzor\u016fm a partner\u016fm za podporu v roce 2019. Sportovc\u016fm, tren\u00e9r\u016fm a v\u0161em dobrovoln\u00edk\u016fm d\u011bkuje za ob\u011btavou pr\u00e1ci a reprezentaci na\u0161eho klubu. Velk\u00fd d\u00edk pat\u0159\u00ed rovn\u011b\u017e fanou\u0161k\u016fm za p\u0159\u00edze\u0148 a podporu na\u0161ich mu\u017estev v uplynul\u00e9m roce!<\/span><\/p>\n<p>&nbsp;<\/p>\n<p style=\"text-align: center;\"><span style=\"font-family: helvetica, arial, sans-serif; font-size: 18pt; color: #000000;\">P\u0159ejeme V\u00e1m poklidn\u00e9 pro\u017eit\u00ed Adventu a v\u00e1no\u010dn\u00edch sv\u00e1tk\u016f a v nov\u00e9m roce 2020 pevn\u00e9 zdrav\u00ed, \u0161t\u011bst\u00ed, rodinnou pohodu a spokojenost. V\u011b\u0159\u00edme, \u017ee n\u00e1m i nad\u00e1le zachov\u00e1te Va\u0161i p\u0159\u00edze\u0148!<\/span><\/p>\n\n\n<figure class=\"wp-block-image size-large\"><img loading=\"lazy\" decoding=\"async\" width=\"820\" height=\"270\" src=\"https:\/\/tjsokolkoberice.cz\/wp-content\/uploads\/2016\/12\/logo-sokol_zs.png\" alt=\"\" class=\"wp-image-3288\" srcset=\"https:\/\/tjsokolkoberice.cz\/wp-content\/uploads\/2016\/12\/logo-sokol_zs.png 820w, https:\/\/tjsokolkoberice.cz\/wp-content\/uploads\/2016\/12\/logo-sokol_zs-300x99.png 300w, https:\/\/tjsokolkoberice.cz\/wp-content\/uploads\/2016\/12\/logo-sokol_zs-768x253.png 768w, https:\/\/tjsokolkoberice.cz\/wp-content\/uploads\/2016\/12\/logo-sokol_zs-816x270.png 816w\" sizes=\"auto, (max-width:767px) 480px, (max-width:820px) 100vw, 820px\" \/><\/figure>\n","protected":false},"excerpt":{"rendered":"<p>V\u00fdkonn\u00fd v\u00fdbor TJ Sokol Kobe\u0159ice d\u011bkuje v\u0161em sponzor\u016fm a partner\u016fm za podporu v roce 2019. Sportovc\u016fm, tren\u00e9r\u016fm a v\u0161em dobrovoln\u00edk\u016fm d\u011bkuje za ob\u011btavou pr\u00e1ci a reprezentaci<span class=\"excerpt-hellip\"> [\u2026]<\/span><\/p>\n","protected":false},"author":3,"featured_media":6647,"comment_status":"closed","ping_status":"closed","sticky":false,"template":"","format":"standard","meta":{"ngg_post_thumbnail":0,"footnotes":""},"categories":[150],"tags":[],"class_list":["post-6634","post","type-post","status-publish","format-standard","has-post-thumbnail","hentry","category-vse"],"_links":{"self":[{"href":"https:\/\/tjsokolkoberice.cz\/index.php?rest_route=\/wp\/v2\/posts\/6634","targetHints":{"allow":["GET"]}}],"collection":[{"href":"https:\/\/tjsokolkoberice.cz\/index.php?rest_route=\/wp\/v2\/posts"}],"about":[{"href":"https:\/\/tjsokolkoberice.cz\/index.php?rest_route=\/wp\/v2\/types\/post"}],"author":[{"embeddable":true,"href":"https:\/\/tjsokolkoberice.cz\/index.php?rest_route=\/wp\/v2\/users\/3"}],"replies":[{"embeddable":true,"href":"https:\/\/tjsokolkoberice.cz\/index.php?rest_route=%2Fwp%2Fv2%2Fcomments&post=6634"}],"version-history":[{"count":13,"href":"https:\/\/tjsokolkoberice.cz\/index.php?rest_route=\/wp\/v2\/posts\/6634\/revisions"}],"predecessor-version":[{"id":6650,"href":"https:\/\/tjsokolkoberice.cz\/index.php?rest_route=\/wp\/v2\/posts\/6634\/revisions\/6650"}],"wp:featuredmedia":[{"embeddable":true,"href":"https:\/\/tjsokolkoberice.cz\/index.php?rest_route=\/wp\/v2\/media\/6647"}],"wp:attachment":[{"href":"https:\/\/tjsokolkoberice.cz\/index.php?rest_route=%2Fwp%2Fv2%2Fmedia&parent=6634"}],"wp:term":[{"taxonomy":"category","embeddable":true,"href":"https:\/\/tjsokolkoberice.cz\/index.php?rest_route=%2Fwp%2Fv2%2Fcategories&post=6634"},{"taxonomy":"post_tag","embeddable":true,"href":"https:\/\/tjsokolkoberice.cz\/index.php?rest_route=%2Fwp%2Fv2%2Ftags&post=6634"}],"curies":[{"name":"wp","href":"https:\/\/api.w.org\/{rel}","templated":true}]}}