{"id":6720,"date":"2020-02-27T18:01:23","date_gmt":"2020-02-27T17:01:23","guid":{"rendered":"https:\/\/tjsokolkoberice.cz\/?p=6720"},"modified":"2025-10-14T11:51:51","modified_gmt":"2025-10-14T10:51:51","slug":"kobericka-dvacitka-2020","status":"publish","type":"post","link":"https:\/\/tjsokolkoberice.cz\/?p=6720","title":{"rendered":"Kobe\u0159ick\u00e1 dvac\u00edtka 2020"},"content":{"rendered":"<p style=\"text-align: justify;\"><span style=\"font-family: helvetica, arial, sans-serif; font-size: 12pt;\">Atletick\u00fd odd\u00edl TJ Sokol Kobe\u0159ice zve v\u0161echny p\u0159\u00edznivce b\u011bhu na tradi\u010dn\u00ed, v po\u0159ad\u00ed druh\u00fd d\u00edl b\u011b\u017eeck\u00e9ho seri\u00e1lu &#8222;Kobe\u0159ice pln\u00e9 b\u011bhu&#8220;,&nbsp;<strong>Kobe\u0159ickou dvac\u00edtku<\/strong>, kter\u00e1 se bude konat&nbsp;<strong>v ned\u011bli 8. b\u0159ezna 2020&nbsp;<\/strong>v are\u00e1lu TJ Sokol Kobe\u0159ice. Jedn\u00e1 se ji\u017e o 39. ro\u010dn\u00edk tohoto ve\u0159ejn\u00e9ho b\u011b\u017eeck\u00e9ho z\u00e1vodu. Start je napl\u00e1nov\u00e1n na<strong>&nbsp;9,00 hod.&nbsp;<\/strong><\/span><\/p>\n<p style=\"text-align: justify;\"><span style=\"font-family: helvetica, arial, sans-serif; font-size: 12pt;\"><strong><u>Propozice k z\u00e1vodu:<\/u><\/strong><\/span><\/p>\n<p style=\"text-align: justify;\"><span style=\"font-family: helvetica, arial, sans-serif; font-size: 12pt;\"><strong>Prezence \u00fa\u010dastn\u00edk\u016f:<\/strong>&nbsp;&nbsp;od 7,30 do 8,50 v klubovn\u011b TJ Sokol<\/span><\/p>\n<p style=\"text-align: justify;\"><span style=\"font-family: helvetica, arial, sans-serif; font-size: 12pt;\"><strong>Startovn\u00e9:<\/strong>&nbsp;ml\u00e1de\u017e do 15 let zdarma, ostatn\u00ed 30 K\u010d<\/span><\/p>\n<p style=\"text-align: justify;\"><span style=\"font-family: helvetica, arial, sans-serif; font-size: 12pt;\"><strong>Podm\u00ednky:<\/strong>&nbsp;tra\u0165 asfaltov\u00e1 silnice, \u0161atny se sprchami v are\u00e1lu TJ Sokol<\/span><\/p>\n<p style=\"text-align: justify;\"><span style=\"font-family: helvetica, arial, sans-serif; font-size: 12pt;\"><strong>\u0158editel z\u00e1vodu:&nbsp;<\/strong>Hubert Ja\u0161ek&nbsp;<\/span><\/p>\n<p style=\"text-align: justify;\"><span style=\"font-family: helvetica, arial, sans-serif; font-size: 12pt;\"><strong>Velitel\u00e9 trat\u011b:<\/strong>&nbsp;Milan Halfar, Roman Ja\u0161ek<\/span><\/p>\n<p style=\"text-align: justify;\"><span style=\"font-family: helvetica, arial, sans-serif; font-size: 12pt;\"><strong>Hlavn\u00ed rozhod\u010d\u00ed:<\/strong>&nbsp;Ing. Josef Ja\u0161ek<\/span><\/p>\n<p style=\"text-align: justify;\">&nbsp;<\/p>\n<p style=\"text-align: justify;\"><span style=\"font-family: helvetica, arial, sans-serif; font-size: 12pt;\"><strong><u>D\u00e9lky trat\u011b:<\/u><\/strong><\/span><\/p>\n<p style=\"text-align: justify;\"><span style=\"font-family: helvetica, arial, sans-serif; font-size: 12pt;\">&#8211; do 8 let &#8211; 50 m<\/span><\/p>\n<p style=\"text-align: justify;\"><span style=\"font-family: helvetica, arial, sans-serif; font-size: 12pt;\">&#8211; do 10 let &#8211; 650 m<\/span><\/p>\n<p style=\"text-align: justify;\"><span style=\"font-family: helvetica, arial, sans-serif; font-size: 12pt;\">&#8211; do 15 let &#8211; 1300 m<\/span><\/p>\n<p style=\"text-align: justify;\"><span style=\"font-family: helvetica, arial, sans-serif; font-size: 12pt;\">&#8211; kondi\u010dn\u00ed b\u011bh (mu\u017ei, \u017eeny) &#8211; 6 km<\/span><\/p>\n<p style=\"text-align: justify;\"><span style=\"font-family: helvetica, arial, sans-serif; font-size: 12pt;\">&#8211; kondi\u010dn\u00ed b\u011bh (mu\u017ei, \u017eeny) &#8211; 10 km<\/span><\/p>\n<p style=\"text-align: justify;\"><span style=\"font-family: helvetica, arial, sans-serif; font-size: 12pt;\">&#8211; vytrvalci (mu\u017ei, \u017eeny) &#8211; 20 km<\/span><\/p>\n<p style=\"text-align: justify;\"><span style=\"font-family: helvetica, arial, sans-serif; font-size: 12pt;\">Ob\u010derstven\u00ed (tepl\u00fd \u010daj a oplatek) zaji\u0161t\u011bno, odm\u011bny dle po\u0159adatel\u016f z\u00e1vodu (finan\u010dn\u00ed ohodnocen\u00ed v hodnot\u011b 5000 K\u010d.) Vyhl\u00e1\u0161en\u00ed z\u00e1vodu prob\u011bhne v 11:00 hod. v klubovn\u011b TJ Sokol.&nbsp; Bli\u017e\u0161\u00ed informace u \u0159editele z\u00e1vodu pana&nbsp;<strong>Huberta Ja\u0161ka<\/strong>, tel.: 602 563 298.<\/span><\/p>\n<p style=\"text-align: justify;\"><span style=\"font-family: helvetica, arial, sans-serif; font-size: 12pt;\"><strong>Srde\u010dn\u011b zvou po\u0159adatel\u00e9!<\/strong><\/span><\/p>\n\n\n<p><\/p>\n","protected":false},"excerpt":{"rendered":"<p>Atletick\u00fd odd\u00edl TJ Sokol Kobe\u0159ice zve v\u0161echny p\u0159\u00edznivce b\u011bhu na tradi\u010dn\u00ed, v po\u0159ad\u00ed druh\u00fd d\u00edl b\u011b\u017eeck\u00e9ho seri\u00e1lu &#8222;Kobe\u0159ice pln\u00e9 b\u011bhu&#8220;,&nbsp;Kobe\u0159ickou dvac\u00edtku, kter\u00e1 se bude konat&nbsp;v ned\u011bli<span class=\"excerpt-hellip\"> [\u2026]<\/span><\/p>\n","protected":false},"author":3,"featured_media":2059,"comment_status":"closed","ping_status":"open","sticky":false,"template":"","format":"standard","meta":{"ngg_post_thumbnail":0,"footnotes":""},"categories":[126,150],"tags":[],"class_list":["post-6720","post","type-post","status-publish","format-standard","has-post-thumbnail","hentry","category-atletika","category-vse"],"_links":{"self":[{"href":"https:\/\/tjsokolkoberice.cz\/index.php?rest_route=\/wp\/v2\/posts\/6720","targetHints":{"allow":["GET"]}}],"collection":[{"href":"https:\/\/tjsokolkoberice.cz\/index.php?rest_route=\/wp\/v2\/posts"}],"about":[{"href":"https:\/\/tjsokolkoberice.cz\/index.php?rest_route=\/wp\/v2\/types\/post"}],"author":[{"embeddable":true,"href":"https:\/\/tjsokolkoberice.cz\/index.php?rest_route=\/wp\/v2\/users\/3"}],"replies":[{"embeddable":true,"href":"https:\/\/tjsokolkoberice.cz\/index.php?rest_route=%2Fwp%2Fv2%2Fcomments&post=6720"}],"version-history":[{"count":1,"href":"https:\/\/tjsokolkoberice.cz\/index.php?rest_route=\/wp\/v2\/posts\/6720\/revisions"}],"predecessor-version":[{"id":6721,"href":"https:\/\/tjsokolkoberice.cz\/index.php?rest_route=\/wp\/v2\/posts\/6720\/revisions\/6721"}],"wp:featuredmedia":[{"embeddable":true,"href":"https:\/\/tjsokolkoberice.cz\/index.php?rest_route=\/wp\/v2\/media\/2059"}],"wp:attachment":[{"href":"https:\/\/tjsokolkoberice.cz\/index.php?rest_route=%2Fwp%2Fv2%2Fmedia&parent=6720"}],"wp:term":[{"taxonomy":"category","embeddable":true,"href":"https:\/\/tjsokolkoberice.cz\/index.php?rest_route=%2Fwp%2Fv2%2Fcategories&post=6720"},{"taxonomy":"post_tag","embeddable":true,"href":"https:\/\/tjsokolkoberice.cz\/index.php?rest_route=%2Fwp%2Fv2%2Ftags&post=6720"}],"curies":[{"name":"wp","href":"https:\/\/api.w.org\/{rel}","templated":true}]}}